{"id":675,"date":"2022-11-05T15:39:25","date_gmt":"2022-11-05T14:39:25","guid":{"rendered":"https:\/\/wspomozycielka-lodz.pl\/?p=675"},"modified":"2022-11-05T15:39:26","modified_gmt":"2022-11-05T14:39:26","slug":"ogloszenia-parafialne-6-11-2022","status":"publish","type":"post","link":"https:\/\/wspomozycielka-lodz.pl\/?p=675","title":{"rendered":"OG\u0141OSZENIA PARAFIALNE (6.11.2022)"},"content":{"rendered":"\n<p>1. Do naszej wsp\u00f3lnoty salezja\u0144skiej do\u0142\u0105czy\u0142 kl. Chrispin z Malawi.<\/p>\n\n\n\n<p>2. Modlitwa r\u00f3\u017ca\u0144cowa za naszych zmar\u0142ych polecanych w wypominkach codziennie o godz. 17.30.<\/p>\n\n\n\n<p>3. We wtorek po Mszy wieczornej spotkanie z rozwa\u017caniem S\u0142owa Bo\u017cego.<\/p>\n\n\n\n<p>4. W czwartek po Mszy wieczornej adoracja Naj\u015bwi\u0119tszego Sakramentu.<\/p>\n\n\n\n<p>5. W tym miesi\u0105cu spotkanie Salezjan\u00f3w Wsp\u00f3\u0142pracownik\u00f3w b\u0119dzie nie w drug\u0105, ale w trzeci\u0105 niedziel\u0119.<\/p>\n\n\n\n<p>6. W pi\u0105tek, 11 listopada, przypada narodowe \u015awi\u0119to Niepodleg\u0142o\u015bci, w kt\u00f3rym zawierzamy Bogu nasza Ojczyzn\u0119. W tym dniu Msze \u015bw. b\u0119d\u0105 jak w dzie\u0144 powszedni. Ksi\u0105dz Arcybiskup Grzegorz Ry\u015b udzieli\u0142 dyspensy od obowi\u0105zku zachowania wstrzemi\u0119\u017aliwo\u015bci od pokarm\u00f3w mi\u0119snych w najbli\u017cszy pi\u0105tek. <\/p>\n\n\n\n<p>7. Z naszej wsp\u00f3lnoty parafialnej do wieczno\u015bci odeszli: Marian Heleniak, lat 63; Edyta Krysztofiak, lat 26. <em>Wieczny odpoczynek racz im da\u0107, Panie<\/em>\u2026<\/p>\n","protected":false},"excerpt":{"rendered":"<p>1. Do naszej wsp\u00f3lnoty salezja\u0144skiej do\u0142\u0105czy\u0142 kl. Chrispin z Malawi. 2. Modlitwa r\u00f3\u017ca\u0144cowa za naszych zmar\u0142ych polecanych w wypominkach codziennie o godz. 17.30. 3. We wtorek po Mszy wieczornej spotkanie z rozwa\u017caniem S\u0142owa Bo\u017cego. 4. W czwartek po Mszy wieczornej adoracja Naj\u015bwi\u0119tszego Sakramentu. 5. W tym miesi\u0105cu spotkanie Salezjan\u00f3w Wsp\u00f3\u0142pracownik\u00f3w [&hellip;]<\/p>\n","protected":false},"author":2,"featured_media":619,"comment_status":"open","ping_status":"open","sticky":false,"template":"","format":"standard","meta":{"footnotes":""},"categories":[2],"tags":[],"class_list":["post-675","post","type-post","status-publish","format-standard","has-post-thumbnail","hentry","category-aktualnosci"],"_links":{"self":[{"href":"https:\/\/wspomozycielka-lodz.pl\/index.php?rest_route=\/wp\/v2\/posts\/675","targetHints":{"allow":["GET"]}}],"collection":[{"href":"https:\/\/wspomozycielka-lodz.pl\/index.php?rest_route=\/wp\/v2\/posts"}],"about":[{"href":"https:\/\/wspomozycielka-lodz.pl\/index.php?rest_route=\/wp\/v2\/types\/post"}],"author":[{"embeddable":true,"href":"https:\/\/wspomozycielka-lodz.pl\/index.php?rest_route=\/wp\/v2\/users\/2"}],"replies":[{"embeddable":true,"href":"https:\/\/wspomozycielka-lodz.pl\/index.php?rest_route=%2Fwp%2Fv2%2Fcomments&post=675"}],"version-history":[{"count":1,"href":"https:\/\/wspomozycielka-lodz.pl\/index.php?rest_route=\/wp\/v2\/posts\/675\/revisions"}],"predecessor-version":[{"id":676,"href":"https:\/\/wspomozycielka-lodz.pl\/index.php?rest_route=\/wp\/v2\/posts\/675\/revisions\/676"}],"wp:featuredmedia":[{"embeddable":true,"href":"https:\/\/wspomozycielka-lodz.pl\/index.php?rest_route=\/wp\/v2\/media\/619"}],"wp:attachment":[{"href":"https:\/\/wspomozycielka-lodz.pl\/index.php?rest_route=%2Fwp%2Fv2%2Fmedia&parent=675"}],"wp:term":[{"taxonomy":"category","embeddable":true,"href":"https:\/\/wspomozycielka-lodz.pl\/index.php?rest_route=%2Fwp%2Fv2%2Fcategories&post=675"},{"taxonomy":"post_tag","embeddable":true,"href":"https:\/\/wspomozycielka-lodz.pl\/index.php?rest_route=%2Fwp%2Fv2%2Ftags&post=675"}],"curies":[{"name":"wp","href":"https:\/\/api.w.org\/{rel}","templated":true}]}}