{"id":670,"date":"2022-10-30T15:27:21","date_gmt":"2022-10-30T14:27:21","guid":{"rendered":"https:\/\/wspomozycielka-lodz.pl\/?p=670"},"modified":"2022-10-30T15:27:24","modified_gmt":"2022-10-30T14:27:24","slug":"ogloszenia-parafialne-30-10-2022","status":"publish","type":"post","link":"https:\/\/wspomozycielka-lodz.pl\/?p=670","title":{"rendered":"OG\u0141OSZENIA PARAFIALNE (30.10.2022)"},"content":{"rendered":"\n<p>1. W poniedzia\u0142ek ko\u0144czymy nabo\u017ce\u0144stwa r\u00f3\u017ca\u0144cowe, na kt\u00f3rych spotykamy si\u0119 o godz. 17.30.<\/p>\n\n\n\n<p>2. We wtorek obchodzimy uroczysto\u015b\u0107 Wszystkich \u015awi\u0119tych. W tym dniu istnieje obowi\u0105zek uczestnictwa w Eucharystii. Msze \u015bwi\u0119te jak w niedziel\u0119. Na Mszy wieczornej b\u0119dziemy si\u0119 modli\u0107 za wszystkich zmar\u0142ych <a>polecanych w wypominkach<\/a>.<\/p>\n\n\n\n<p>3. Przypominamy, \u017ce od 1 do 8 listopada w\u0142\u0105cznie mo\u017cna zyska\u0107 codziennie odpust zupe\u0142ny za pobo\u017cne nawiedzenie cmentarza i odm\u00f3wienie modlitwy za zmar\u0142ych. Odpust ten mo\u017cna ofiarowa\u0107 tylko za zmar\u0142ych.<\/p>\n\n\n\n<p>4. We wtorek o godz. 17.30 rozpoczynamy listopadow\u0105 modlitw\u0119 za zmar\u0142ych polecanych w wypominkach. Numery wypomink\u00f3w z przypisanymi dniami tygodnia s\u0105 umieszczone w gablocie. Mo\u017cna jeszcze przynie\u015b\u0107 zg\u0142oszenia na wypominki za naszych zmar\u0142ych.<\/p>\n\n\n\n<p>5. W \u015brod\u0119 prze\u017cywamy w liturgii Wspomnienie Wszystkich Wiernych Zmar\u0142ych. Na Mszy wieczornej b\u0119dziemy si\u0119 modli\u0107 za wszystkich Dobrodziej\u00f3w naszej parafii i ca\u0142ego dzie\u0142a salezja\u0144skiego na Wodnej. Po Mszy wieczornej spotkanie wsp\u00f3lnoty Wieczernika Modlitwy za Kap\u0142an\u00f3w.<\/p>\n\n\n\n<p>6. W czwartek na Mszy wieczornej b\u0119dziemy si\u0119 modli\u0107 za kap\u0142an\u00f3w pos\u0142uguj\u0105cych w naszej parafii i o nowe powo\u0142ania. Po Mszy \u015bw. adoracja Naj\u015bwi\u0119tszego Sakramentu.<\/p>\n\n\n\n<p>7. W pi\u0105tek od godz. 15.00 Godzina Mi\u0142osierdzia i adoracja Naj\u015bwi\u0119tszego Sakramentu. Po Mszy wieczornej spotkanie wsp\u00f3lnoty Stra\u017cy Honorowej NSPJ.<\/p>\n\n\n\n<p>8. W sobot\u0119 po Mszy porannej nabo\u017ce\u0144stwo i wymiana tajemnic r\u00f3\u017ca\u0144cowych, a po Mszy wieczornej o godz. 19.00 r\u00f3\u017caniec prowadzony przez wsp\u00f3lnot\u0119 \u017bywego R\u00f3\u017ca\u0144ca.<\/p>\n\n\n\n<p>9. Dzi\u015b mo\u017cna z\u0142o\u017cy\u0107 ofiar\u0119 do puszki na Radio Maryja. <\/p>\n\n\n\n<p>10. 7. Z naszej wsp\u00f3lnoty parafialnej do wieczno\u015bci odszed\u0142: Henryk Karolewski, lat 84. <em>Wieczny odpoczynek racz mu da\u0107, Panie<\/em>\u2026<\/p>\n","protected":false},"excerpt":{"rendered":"<p>1. W poniedzia\u0142ek ko\u0144czymy nabo\u017ce\u0144stwa r\u00f3\u017ca\u0144cowe, na kt\u00f3rych spotykamy si\u0119 o godz. 17.30. 2. We wtorek obchodzimy uroczysto\u015b\u0107 Wszystkich \u015awi\u0119tych. W tym dniu istnieje obowi\u0105zek uczestnictwa w Eucharystii. Msze \u015bwi\u0119te jak w niedziel\u0119. Na Mszy wieczornej b\u0119dziemy si\u0119 modli\u0107 za wszystkich zmar\u0142ych polecanych w wypominkach. 3. Przypominamy, \u017ce od 1 [&hellip;]<\/p>\n","protected":false},"author":2,"featured_media":619,"comment_status":"open","ping_status":"open","sticky":false,"template":"","format":"standard","meta":{"footnotes":""},"categories":[2],"tags":[],"class_list":["post-670","post","type-post","status-publish","format-standard","has-post-thumbnail","hentry","category-aktualnosci"],"_links":{"self":[{"href":"https:\/\/wspomozycielka-lodz.pl\/index.php?rest_route=\/wp\/v2\/posts\/670","targetHints":{"allow":["GET"]}}],"collection":[{"href":"https:\/\/wspomozycielka-lodz.pl\/index.php?rest_route=\/wp\/v2\/posts"}],"about":[{"href":"https:\/\/wspomozycielka-lodz.pl\/index.php?rest_route=\/wp\/v2\/types\/post"}],"author":[{"embeddable":true,"href":"https:\/\/wspomozycielka-lodz.pl\/index.php?rest_route=\/wp\/v2\/users\/2"}],"replies":[{"embeddable":true,"href":"https:\/\/wspomozycielka-lodz.pl\/index.php?rest_route=%2Fwp%2Fv2%2Fcomments&post=670"}],"version-history":[{"count":1,"href":"https:\/\/wspomozycielka-lodz.pl\/index.php?rest_route=\/wp\/v2\/posts\/670\/revisions"}],"predecessor-version":[{"id":671,"href":"https:\/\/wspomozycielka-lodz.pl\/index.php?rest_route=\/wp\/v2\/posts\/670\/revisions\/671"}],"wp:featuredmedia":[{"embeddable":true,"href":"https:\/\/wspomozycielka-lodz.pl\/index.php?rest_route=\/wp\/v2\/media\/619"}],"wp:attachment":[{"href":"https:\/\/wspomozycielka-lodz.pl\/index.php?rest_route=%2Fwp%2Fv2%2Fmedia&parent=670"}],"wp:term":[{"taxonomy":"category","embeddable":true,"href":"https:\/\/wspomozycielka-lodz.pl\/index.php?rest_route=%2Fwp%2Fv2%2Fcategories&post=670"},{"taxonomy":"post_tag","embeddable":true,"href":"https:\/\/wspomozycielka-lodz.pl\/index.php?rest_route=%2Fwp%2Fv2%2Ftags&post=670"}],"curies":[{"name":"wp","href":"https:\/\/api.w.org\/{rel}","templated":true}]}}