{"id":668,"date":"2022-10-20T20:49:50","date_gmt":"2022-10-20T18:49:50","guid":{"rendered":"https:\/\/wspomozycielka-lodz.pl\/?p=668"},"modified":"2022-10-30T15:28:52","modified_gmt":"2022-10-30T14:28:52","slug":"ogloszenia-parafialne-16-10-20220","status":"publish","type":"post","link":"https:\/\/wspomozycielka-lodz.pl\/?p=668","title":{"rendered":"OG\u0141OSZENIA PARAFIALNE (16.10.2022)"},"content":{"rendered":"\n<p>1. Nabo\u017ce\u0144stwa r\u00f3\u017ca\u0144cowe po\u0142\u0105czone z nowenn\u0105 do Matki Bo\u017cej Wspomo\u017cenia Wiernych o godz. 17.15. Dla dzieci r\u00f3\u017caniec we wtorki i czwartki o godz. 16.30.<\/p>\n\n\n\n<p>2. We wtorek po Mszy wieczornej spotkanie z rozwa\u017caniem S\u0142owa Bo\u017cego.<\/p>\n\n\n\n<p>3. W \u015brod\u0119 po Mszy wieczornej b\u0119dzie spotkanie wszystkich odpowiedzialnych za grupy dzia\u0142aj\u0105ce przy naszej parafii.<\/p>\n\n\n\n<p>4. W czwartek po Mszy wieczornej adoracja Naj\u015bwi\u0119tszego Sakramentu.<\/p>\n\n\n\n<p>5. W przysz\u0142\u0105 niedziel\u0119 o godz. 11.30 b\u0119dzie spotkanie dzieci przygotowuj\u0105cych si\u0119 do pierwszej Komunii \u015awi\u0119tej i ich rodzic\u00f3w.<\/p>\n\n\n\n<p>6. Przyjmujemy zg\u0142oszenia na wypominki za naszych zmar\u0142ych, za kt\u00f3rych b\u0119dziemy si\u0119 modli\u0107 przez ca\u0142y listopad oraz potem przez ca\u0142y rok w ka\u017cdy pierwszy wtorek miesi\u0105ca na Mszy \u015bw.<\/p>\n\n\n\n<p>7. Dzi\u015b z racji 22. Dnia Papieskiego przeprowadzana jest zbi\u00f3rka ofiar do puszek na Fundacj\u0119 \u201eDzie\u0142o Nowego Tysi\u0105clecia\u201d wspieraj\u0105c\u0105 kszta\u0142cenie m\u0142odzie\u017cy. <\/p>\n\n\n\n<p>8. Z naszej wsp\u00f3lnoty parafialnej do wieczno\u015bci odesz\u0142a: Barbara Jak\u00f3bczyk-Paw\u0142owska, lat 61. <em>Wieczny odpoczynek racz jej da\u0107, Panie<\/em>\u2026<\/p>\n","protected":false},"excerpt":{"rendered":"<p>1. Nabo\u017ce\u0144stwa r\u00f3\u017ca\u0144cowe po\u0142\u0105czone z nowenn\u0105 do Matki Bo\u017cej Wspomo\u017cenia Wiernych o godz. 17.15. Dla dzieci r\u00f3\u017caniec we wtorki i czwartki o godz. 16.30. 2. We wtorek po Mszy wieczornej spotkanie z rozwa\u017caniem S\u0142owa Bo\u017cego. 3. W \u015brod\u0119 po Mszy wieczornej b\u0119dzie spotkanie wszystkich odpowiedzialnych za grupy dzia\u0142aj\u0105ce przy naszej [&hellip;]<\/p>\n","protected":false},"author":2,"featured_media":619,"comment_status":"open","ping_status":"open","sticky":false,"template":"","format":"standard","meta":{"footnotes":""},"categories":[2],"tags":[],"class_list":["post-668","post","type-post","status-publish","format-standard","has-post-thumbnail","hentry","category-aktualnosci"],"_links":{"self":[{"href":"https:\/\/wspomozycielka-lodz.pl\/index.php?rest_route=\/wp\/v2\/posts\/668","targetHints":{"allow":["GET"]}}],"collection":[{"href":"https:\/\/wspomozycielka-lodz.pl\/index.php?rest_route=\/wp\/v2\/posts"}],"about":[{"href":"https:\/\/wspomozycielka-lodz.pl\/index.php?rest_route=\/wp\/v2\/types\/post"}],"author":[{"embeddable":true,"href":"https:\/\/wspomozycielka-lodz.pl\/index.php?rest_route=\/wp\/v2\/users\/2"}],"replies":[{"embeddable":true,"href":"https:\/\/wspomozycielka-lodz.pl\/index.php?rest_route=%2Fwp%2Fv2%2Fcomments&post=668"}],"version-history":[{"count":2,"href":"https:\/\/wspomozycielka-lodz.pl\/index.php?rest_route=\/wp\/v2\/posts\/668\/revisions"}],"predecessor-version":[{"id":672,"href":"https:\/\/wspomozycielka-lodz.pl\/index.php?rest_route=\/wp\/v2\/posts\/668\/revisions\/672"}],"wp:featuredmedia":[{"embeddable":true,"href":"https:\/\/wspomozycielka-lodz.pl\/index.php?rest_route=\/wp\/v2\/media\/619"}],"wp:attachment":[{"href":"https:\/\/wspomozycielka-lodz.pl\/index.php?rest_route=%2Fwp%2Fv2%2Fmedia&parent=668"}],"wp:term":[{"taxonomy":"category","embeddable":true,"href":"https:\/\/wspomozycielka-lodz.pl\/index.php?rest_route=%2Fwp%2Fv2%2Fcategories&post=668"},{"taxonomy":"post_tag","embeddable":true,"href":"https:\/\/wspomozycielka-lodz.pl\/index.php?rest_route=%2Fwp%2Fv2%2Ftags&post=668"}],"curies":[{"name":"wp","href":"https:\/\/api.w.org\/{rel}","templated":true}]}}