{"id":664,"date":"2022-10-03T16:40:29","date_gmt":"2022-10-03T14:40:29","guid":{"rendered":"https:\/\/wspomozycielka-lodz.pl\/?p=664"},"modified":"2022-10-03T16:40:30","modified_gmt":"2022-10-03T14:40:30","slug":"ogloszenia-parafialne-2-10-2022","status":"publish","type":"post","link":"https:\/\/wspomozycielka-lodz.pl\/?p=664","title":{"rendered":"OG\u0141OSZENIA PARAFIALNE (2.10.2022)"},"content":{"rendered":"\n<p>1. Zach\u0119camy do wsp\u00f3lnej modlitwy r\u00f3\u017ca\u0144cowej. Nabo\u017ce\u0144stwa codziennie o godz. 17.30, a dla dzieci we wtorki i czwartki o godz. 16.30.<\/p>\n\n\n\n<p>2. We wtorek na Mszy wieczornej b\u0119dziemy si\u0119 modli\u0107 za zmar\u0142ych polecanych w wypominkach. Po Mszy wieczornej spotkanie z rozwa\u017caniem S\u0142owa Bo\u017cego.<\/p>\n\n\n\n<p>3. W \u015brod\u0119 obchodzimy uroczysto\u015b\u0107 \u015bw. Faustyny, g\u0142\u00f3wnej patronki \u0141odzi. Podczas Mszy wieczornej b\u0119dziemy si\u0119 modli\u0107 za wszystkich Dobrodziej\u00f3w naszej parafii i ca\u0142ego dzie\u0142a salezja\u0144skiego na Wodnej Po Mszy wieczornej spotkanie wsp\u00f3lnoty Wieczernika modlitwy za kap\u0142an\u00f3w.<\/p>\n\n\n\n<p>4. W czwartek Msz\u0105 \u015bw. w kaplicy domu zakonnego o godz. 15.00 Salezja\u0144ski Uniwersytet Trzeciego Wieku zainauguruje nowy rok zaj\u0119\u0107. Po Mszy \u015bw. dalsza cz\u0119\u015b\u0107 inauguracji b\u0119dzie w auli Jana Paw\u0142a II.<\/p>\n\n\n\n<p>5. W czwartek na Mszy wieczornej modlimy si\u0119 za kap\u0142an\u00f3w pos\u0142uguj\u0105cych w naszej parafii i o nowe powo\u0142ania. Po Mszy \u015bw. adoracja Naj\u015bwi\u0119tszego Sakramentu.<\/p>\n\n\n\n<p>6. W pi\u0105tek od godz. 15.00 Godzina Mi\u0142osierdzia i adoracja Naj\u015bwi\u0119tszego Sakramentu. Po Mszy wieczornej spotkanie wsp\u00f3lnoty Stra\u017cy Honorowej NSPJ.<\/p>\n\n\n\n<p>7. W przysz\u0142\u0105 niedziel\u0119 b\u0119dzie spotkanie Salezjan\u00f3w Wsp\u00f3\u0142pracownik\u00f3w po Mszy o godz. 11.30.<\/p>\n\n\n\n<p>8. R\u00f3wnie\u017c w przysz\u0142\u0105 niedziel\u0119, w roku stulecia dzie\u0142a salezja\u0144skiego na Wodnej, o godz. 18.00 zostanie odprawiona Msza \u015bw. w intencji cz\u0142onk\u00f3w i sympatyk\u00f3w grup dzia\u0142aj\u0105cych w r\u00f3\u017cnym czasie przy parafii Matki Bo\u017cej Wspomo\u017cenia Wiernych. Po Mszy \u015bw. b\u0119dzie mo\u017cliwo\u015b\u0107 spotkania przy herbatce, powrotu do minionych lat i tworzenia nowych wspomnie\u0144.<\/p>\n\n\n\n<p>9. Z naszej wsp\u00f3lnoty parafialnej do wieczno\u015bci odszed\u0142: Sylwester Grabowski, lat 51.\u00a0<em>Wieczny odpoczynek racz mu da\u0107, Panie<\/em>\u2026<\/p>\n","protected":false},"excerpt":{"rendered":"<p>1. Zach\u0119camy do wsp\u00f3lnej modlitwy r\u00f3\u017ca\u0144cowej. Nabo\u017ce\u0144stwa codziennie o godz. 17.30, a dla dzieci we wtorki i czwartki o godz. 16.30. 2. We wtorek na Mszy wieczornej b\u0119dziemy si\u0119 modli\u0107 za zmar\u0142ych polecanych w wypominkach. Po Mszy wieczornej spotkanie z rozwa\u017caniem S\u0142owa Bo\u017cego. 3. W \u015brod\u0119 obchodzimy uroczysto\u015b\u0107 \u015bw. Faustyny, [&hellip;]<\/p>\n","protected":false},"author":2,"featured_media":619,"comment_status":"open","ping_status":"open","sticky":false,"template":"","format":"standard","meta":{"footnotes":""},"categories":[2],"tags":[],"class_list":["post-664","post","type-post","status-publish","format-standard","has-post-thumbnail","hentry","category-aktualnosci"],"_links":{"self":[{"href":"https:\/\/wspomozycielka-lodz.pl\/index.php?rest_route=\/wp\/v2\/posts\/664","targetHints":{"allow":["GET"]}}],"collection":[{"href":"https:\/\/wspomozycielka-lodz.pl\/index.php?rest_route=\/wp\/v2\/posts"}],"about":[{"href":"https:\/\/wspomozycielka-lodz.pl\/index.php?rest_route=\/wp\/v2\/types\/post"}],"author":[{"embeddable":true,"href":"https:\/\/wspomozycielka-lodz.pl\/index.php?rest_route=\/wp\/v2\/users\/2"}],"replies":[{"embeddable":true,"href":"https:\/\/wspomozycielka-lodz.pl\/index.php?rest_route=%2Fwp%2Fv2%2Fcomments&post=664"}],"version-history":[{"count":1,"href":"https:\/\/wspomozycielka-lodz.pl\/index.php?rest_route=\/wp\/v2\/posts\/664\/revisions"}],"predecessor-version":[{"id":665,"href":"https:\/\/wspomozycielka-lodz.pl\/index.php?rest_route=\/wp\/v2\/posts\/664\/revisions\/665"}],"wp:featuredmedia":[{"embeddable":true,"href":"https:\/\/wspomozycielka-lodz.pl\/index.php?rest_route=\/wp\/v2\/media\/619"}],"wp:attachment":[{"href":"https:\/\/wspomozycielka-lodz.pl\/index.php?rest_route=%2Fwp%2Fv2%2Fmedia&parent=664"}],"wp:term":[{"taxonomy":"category","embeddable":true,"href":"https:\/\/wspomozycielka-lodz.pl\/index.php?rest_route=%2Fwp%2Fv2%2Fcategories&post=664"},{"taxonomy":"post_tag","embeddable":true,"href":"https:\/\/wspomozycielka-lodz.pl\/index.php?rest_route=%2Fwp%2Fv2%2Ftags&post=664"}],"curies":[{"name":"wp","href":"https:\/\/api.w.org\/{rel}","templated":true}]}}