{"id":658,"date":"2022-09-12T09:32:53","date_gmt":"2022-09-12T07:32:53","guid":{"rendered":"https:\/\/wspomozycielka-lodz.pl\/?p=658"},"modified":"2022-09-12T09:32:54","modified_gmt":"2022-09-12T07:32:54","slug":"ogloszenia-parafialne-11-09-2022","status":"publish","type":"post","link":"https:\/\/wspomozycielka-lodz.pl\/?p=658","title":{"rendered":"OG\u0141OSZENIA PARAFIALNE (11.09.2022)"},"content":{"rendered":"\n<p>1. We wtorek po Mszy wieczornej spotkanie z rozwa\u017caniem S\u0142owa Bo\u017cego.<\/p>\n\n\n\n<p>2. W \u015brod\u0119, w \u015bwi\u0119to Podwy\u017cszenia Krzy\u017ca \u015awi\u0119tego, przed Msz\u0105 wieczorn\u0105 o 17.30 r\u00f3\u017caniec w intencji naszej Ojczyzny, a podczas Mszy wieczornej b\u0119dziemy si\u0119 r\u00f3wnie\u017c modli\u0107 za nasz\u0105 Ojczyzn\u0119.<\/p>\n\n\n\n<p>3. W czwartek rozpoczniemy nowenn\u0119 do Maryi Wspomo\u017cycielki o godz. 17.40. Zach\u0119camy do przynoszenia pr\u00f3\u015bb do Matki Bo\u017cej, za kt\u00f3re b\u0119dziemy si\u0119 modli\u0107 w kolejnych miesi\u0105cach. Po Mszy wieczornej adoracja Naj\u015bwi\u0119tszego Sakramentu.<\/p>\n\n\n\n<p>4. W przysz\u0142\u0105 niedziel\u0119 zapraszamy kandydat\u00f3w do bierzmowania z klas VII i VIII szko\u0142y podstawowej oraz ze szko\u0142y \u015bredniej na Msz\u0119 o 10.00 i spotkanie po niej. Natomiast Salezjan\u00f3w Wsp\u00f3\u0142pracownik\u00f3w na Msz\u0119 o 11.30, po kt\u00f3rej b\u0119dzie spotkanie formacyjne. <\/p>\n\n\n\n<p>5. Serdecznie dzi\u0119kuj\u0119 za wszelkie ofiary sk\u0142adane na inwestycje w naszym ko\u015bciele parafialnym oraz wszelk\u0105 pomoc.<\/p>\n","protected":false},"excerpt":{"rendered":"<p>1. We wtorek po Mszy wieczornej spotkanie z rozwa\u017caniem S\u0142owa Bo\u017cego. 2. W \u015brod\u0119, w \u015bwi\u0119to Podwy\u017cszenia Krzy\u017ca \u015awi\u0119tego, przed Msz\u0105 wieczorn\u0105 o 17.30 r\u00f3\u017caniec w intencji naszej Ojczyzny, a podczas Mszy wieczornej b\u0119dziemy si\u0119 r\u00f3wnie\u017c modli\u0107 za nasz\u0105 Ojczyzn\u0119. 3. W czwartek rozpoczniemy nowenn\u0119 do Maryi Wspomo\u017cycielki o godz. [&hellip;]<\/p>\n","protected":false},"author":2,"featured_media":619,"comment_status":"open","ping_status":"open","sticky":false,"template":"","format":"standard","meta":{"footnotes":""},"categories":[2],"tags":[],"class_list":["post-658","post","type-post","status-publish","format-standard","has-post-thumbnail","hentry","category-aktualnosci"],"_links":{"self":[{"href":"https:\/\/wspomozycielka-lodz.pl\/index.php?rest_route=\/wp\/v2\/posts\/658","targetHints":{"allow":["GET"]}}],"collection":[{"href":"https:\/\/wspomozycielka-lodz.pl\/index.php?rest_route=\/wp\/v2\/posts"}],"about":[{"href":"https:\/\/wspomozycielka-lodz.pl\/index.php?rest_route=\/wp\/v2\/types\/post"}],"author":[{"embeddable":true,"href":"https:\/\/wspomozycielka-lodz.pl\/index.php?rest_route=\/wp\/v2\/users\/2"}],"replies":[{"embeddable":true,"href":"https:\/\/wspomozycielka-lodz.pl\/index.php?rest_route=%2Fwp%2Fv2%2Fcomments&post=658"}],"version-history":[{"count":1,"href":"https:\/\/wspomozycielka-lodz.pl\/index.php?rest_route=\/wp\/v2\/posts\/658\/revisions"}],"predecessor-version":[{"id":659,"href":"https:\/\/wspomozycielka-lodz.pl\/index.php?rest_route=\/wp\/v2\/posts\/658\/revisions\/659"}],"wp:featuredmedia":[{"embeddable":true,"href":"https:\/\/wspomozycielka-lodz.pl\/index.php?rest_route=\/wp\/v2\/media\/619"}],"wp:attachment":[{"href":"https:\/\/wspomozycielka-lodz.pl\/index.php?rest_route=%2Fwp%2Fv2%2Fmedia&parent=658"}],"wp:term":[{"taxonomy":"category","embeddable":true,"href":"https:\/\/wspomozycielka-lodz.pl\/index.php?rest_route=%2Fwp%2Fv2%2Fcategories&post=658"},{"taxonomy":"post_tag","embeddable":true,"href":"https:\/\/wspomozycielka-lodz.pl\/index.php?rest_route=%2Fwp%2Fv2%2Ftags&post=658"}],"curies":[{"name":"wp","href":"https:\/\/api.w.org\/{rel}","templated":true}]}}