{"id":656,"date":"2022-09-12T09:31:52","date_gmt":"2022-09-12T07:31:52","guid":{"rendered":"https:\/\/wspomozycielka-lodz.pl\/?p=656"},"modified":"2022-09-12T09:31:52","modified_gmt":"2022-09-12T07:31:52","slug":"ogloszenia-parafialne-4-09-2022","status":"publish","type":"post","link":"https:\/\/wspomozycielka-lodz.pl\/?p=656","title":{"rendered":"OG\u0141OSZENIA PARAFIALNE (4.09.2022)"},"content":{"rendered":"\n<p>1. We wtorek na Mszy wieczornej b\u0119dziemy si\u0119 modli\u0107 za zmar\u0142ych polecanych w wypominkach.<\/p>\n\n\n\n<p>2. W \u015brod\u0119 przed Msz\u0105 wieczorn\u0105 o 17.30 r\u00f3\u017caniec w intencji naszej Ojczyzny.<\/p>\n\n\n\n<p>3. W czwartek po Mszy wieczornej adoracja Naj\u015bwi\u0119tszego Sakramentu.<\/p>\n\n\n\n<p>4. W sobot\u0119 10 wrze\u015bnia wyruszy ulicami \u0141odzi Jerycho Rowerowe. Wydarzenie rozpocznie si\u0119 Msz\u0105 \u015bw. o godz. 9.00 pod przewodnictwem abp. Grzegorza Rysia w naszym ko\u015bciele, a zako\u0144czy ok. godz. 18.00 przed ko\u015bcio\u0142em Ojc\u00f3w Jezuit\u00f3w. Zapisy i szczeg\u00f3\u0142owe informacje na stronie internetowej: www.lodzkiejerycho.pl. <\/p>\n\n\n\n<p>5. W tym miesi\u0105cu wyj\u0105tkowo spotkanie Salezjan\u00f3w Wsp\u00f3\u0142pracownik\u00f3w b\u0119dzie nie w drug\u0105, ale w trzeci\u0105 niedziel\u0119.<\/p>\n","protected":false},"excerpt":{"rendered":"<p>1. We wtorek na Mszy wieczornej b\u0119dziemy si\u0119 modli\u0107 za zmar\u0142ych polecanych w wypominkach. 2. W \u015brod\u0119 przed Msz\u0105 wieczorn\u0105 o 17.30 r\u00f3\u017caniec w intencji naszej Ojczyzny. 3. W czwartek po Mszy wieczornej adoracja Naj\u015bwi\u0119tszego Sakramentu. 4. W sobot\u0119 10 wrze\u015bnia wyruszy ulicami \u0141odzi Jerycho Rowerowe. Wydarzenie rozpocznie si\u0119 Msz\u0105 [&hellip;]<\/p>\n","protected":false},"author":2,"featured_media":619,"comment_status":"open","ping_status":"open","sticky":false,"template":"","format":"standard","meta":{"footnotes":""},"categories":[2],"tags":[],"class_list":["post-656","post","type-post","status-publish","format-standard","has-post-thumbnail","hentry","category-aktualnosci"],"_links":{"self":[{"href":"https:\/\/wspomozycielka-lodz.pl\/index.php?rest_route=\/wp\/v2\/posts\/656","targetHints":{"allow":["GET"]}}],"collection":[{"href":"https:\/\/wspomozycielka-lodz.pl\/index.php?rest_route=\/wp\/v2\/posts"}],"about":[{"href":"https:\/\/wspomozycielka-lodz.pl\/index.php?rest_route=\/wp\/v2\/types\/post"}],"author":[{"embeddable":true,"href":"https:\/\/wspomozycielka-lodz.pl\/index.php?rest_route=\/wp\/v2\/users\/2"}],"replies":[{"embeddable":true,"href":"https:\/\/wspomozycielka-lodz.pl\/index.php?rest_route=%2Fwp%2Fv2%2Fcomments&post=656"}],"version-history":[{"count":1,"href":"https:\/\/wspomozycielka-lodz.pl\/index.php?rest_route=\/wp\/v2\/posts\/656\/revisions"}],"predecessor-version":[{"id":657,"href":"https:\/\/wspomozycielka-lodz.pl\/index.php?rest_route=\/wp\/v2\/posts\/656\/revisions\/657"}],"wp:featuredmedia":[{"embeddable":true,"href":"https:\/\/wspomozycielka-lodz.pl\/index.php?rest_route=\/wp\/v2\/media\/619"}],"wp:attachment":[{"href":"https:\/\/wspomozycielka-lodz.pl\/index.php?rest_route=%2Fwp%2Fv2%2Fmedia&parent=656"}],"wp:term":[{"taxonomy":"category","embeddable":true,"href":"https:\/\/wspomozycielka-lodz.pl\/index.php?rest_route=%2Fwp%2Fv2%2Fcategories&post=656"},{"taxonomy":"post_tag","embeddable":true,"href":"https:\/\/wspomozycielka-lodz.pl\/index.php?rest_route=%2Fwp%2Fv2%2Ftags&post=656"}],"curies":[{"name":"wp","href":"https:\/\/api.w.org\/{rel}","templated":true}]}}