{"id":654,"date":"2022-08-27T22:56:51","date_gmt":"2022-08-27T20:56:51","guid":{"rendered":"https:\/\/wspomozycielka-lodz.pl\/?p=654"},"modified":"2022-08-27T22:56:52","modified_gmt":"2022-08-27T20:56:52","slug":"ogloszenia-parafialne-28-08-2022","status":"publish","type":"post","link":"https:\/\/wspomozycielka-lodz.pl\/?p=654","title":{"rendered":"OG\u0141OSZENIA PARAFIALNE (28.08.2022)"},"content":{"rendered":"\n<p>1. W tym tygodniu ko\u0144czy si\u0119 czas wakacyjny, dlatego wracamy ju\u017c do naszych sta\u0142ych nabo\u017ce\u0144stw. Od tego tygodnia tak\u017ce kancelaria parafialna b\u0119dzie czynna ju\u017c od wtorku do pi\u0105tku w godz. 10.00-11.30 i 16.00-17.00.<\/p>\n\n\n\n<p>2. W czwartek na Mszy wieczornej modlimy si\u0119 za kap\u0142an\u00f3w pos\u0142uguj\u0105cych w naszej parafii i o nowe powo\u0142ania. Po Mszy \u015bw. adoracja Naj\u015bwi\u0119tszego Sakramentu.<\/p>\n\n\n\n<p>3. W pi\u0105tek od godz. 15.00 Godzina Mi\u0142osierdzia i adoracja Naj\u015bwi\u0119tszego Sakramentu. Po Mszy wieczornej spotkanie wsp\u00f3lnoty Stra\u017cy Honorowej NSPJ.<\/p>\n\n\n\n<p>4. W sobot\u0119 o godz. 19.00 r\u00f3\u017caniec prowadzony przez wsp\u00f3lnot\u0119 \u017bywego R\u00f3\u017ca\u0144ca.<\/p>\n\n\n\n<p>5. W przysz\u0142\u0105 niedziel\u0119 na Mszy o godz. 11.30 b\u0119dzie b\u0142ogos\u0142awie\u0144stwo dzieci i m\u0142odzie\u017cy na rozpocz\u0119cie nowego roku szkolnego i katechetycznego.<\/p>\n\n\n\n<p>6. Dzi\u015b mo\u017cna z\u0142o\u017cy\u0107 ofiar\u0119 do puszki na Radio Maryja.<\/p>\n\n\n\n<p>7. Od grudnia 2020 roku w naszej wsp\u00f3lnocie salezja\u0144skiej by\u0142 oceny kl. Godfrey, pochodz\u0105cy z Malawi w Afryce. W \u015brod\u0119 ko\u0144czy si\u0119 jego pobyt na Wodnej i Godfrey przenosi si\u0119 do Krakowa, gdzie w salezja\u0144skim seminarium b\u0119dzie studiowa\u0142 teologi\u0119 i przygotowywa\u0142 do kap\u0142a\u0144stwa. Dzi\u0119kujemy za jego obecno\u015b\u0107 i zaanga\u017cowanie w parafii, oratorium, szko\u0142ach salezja\u0144skich i we wsp\u00f3lnocie zakonnej. Pami\u0119tajmy o nim w modlitwie, aby wiernie szed\u0142 dalej drog\u0105 powo\u0142ania salezja\u0144skiego. <\/p>\n\n\n\n<p>8. Z naszej wsp\u00f3lnoty parafialnej do wieczno\u015bci odesz\u0142a: Maria Maciaszek, lat 83.\u00a0<em>Wieczny odpoczynek racz jej da\u0107, Panie<\/em>\u2026<\/p>\n","protected":false},"excerpt":{"rendered":"<p>1. W tym tygodniu ko\u0144czy si\u0119 czas wakacyjny, dlatego wracamy ju\u017c do naszych sta\u0142ych nabo\u017ce\u0144stw. Od tego tygodnia tak\u017ce kancelaria parafialna b\u0119dzie czynna ju\u017c od wtorku do pi\u0105tku w godz. 10.00-11.30 i 16.00-17.00. 2. W czwartek na Mszy wieczornej modlimy si\u0119 za kap\u0142an\u00f3w pos\u0142uguj\u0105cych w naszej parafii i o nowe [&hellip;]<\/p>\n","protected":false},"author":2,"featured_media":619,"comment_status":"open","ping_status":"open","sticky":false,"template":"","format":"standard","meta":{"footnotes":""},"categories":[2],"tags":[],"class_list":["post-654","post","type-post","status-publish","format-standard","has-post-thumbnail","hentry","category-aktualnosci"],"_links":{"self":[{"href":"https:\/\/wspomozycielka-lodz.pl\/index.php?rest_route=\/wp\/v2\/posts\/654","targetHints":{"allow":["GET"]}}],"collection":[{"href":"https:\/\/wspomozycielka-lodz.pl\/index.php?rest_route=\/wp\/v2\/posts"}],"about":[{"href":"https:\/\/wspomozycielka-lodz.pl\/index.php?rest_route=\/wp\/v2\/types\/post"}],"author":[{"embeddable":true,"href":"https:\/\/wspomozycielka-lodz.pl\/index.php?rest_route=\/wp\/v2\/users\/2"}],"replies":[{"embeddable":true,"href":"https:\/\/wspomozycielka-lodz.pl\/index.php?rest_route=%2Fwp%2Fv2%2Fcomments&post=654"}],"version-history":[{"count":1,"href":"https:\/\/wspomozycielka-lodz.pl\/index.php?rest_route=\/wp\/v2\/posts\/654\/revisions"}],"predecessor-version":[{"id":655,"href":"https:\/\/wspomozycielka-lodz.pl\/index.php?rest_route=\/wp\/v2\/posts\/654\/revisions\/655"}],"wp:featuredmedia":[{"embeddable":true,"href":"https:\/\/wspomozycielka-lodz.pl\/index.php?rest_route=\/wp\/v2\/media\/619"}],"wp:attachment":[{"href":"https:\/\/wspomozycielka-lodz.pl\/index.php?rest_route=%2Fwp%2Fv2%2Fmedia&parent=654"}],"wp:term":[{"taxonomy":"category","embeddable":true,"href":"https:\/\/wspomozycielka-lodz.pl\/index.php?rest_route=%2Fwp%2Fv2%2Fcategories&post=654"},{"taxonomy":"post_tag","embeddable":true,"href":"https:\/\/wspomozycielka-lodz.pl\/index.php?rest_route=%2Fwp%2Fv2%2Ftags&post=654"}],"curies":[{"name":"wp","href":"https:\/\/api.w.org\/{rel}","templated":true}]}}