{"id":648,"date":"2022-07-30T12:24:03","date_gmt":"2022-07-30T10:24:03","guid":{"rendered":"https:\/\/wspomozycielka-lodz.pl\/?p=648"},"modified":"2022-07-30T12:24:04","modified_gmt":"2022-07-30T10:24:04","slug":"ogloszenia-parafialne-31-07-2022","status":"publish","type":"post","link":"https:\/\/wspomozycielka-lodz.pl\/?p=648","title":{"rendered":"<strong>OG\u0141OSZENIA PARAFIALNE (31.07.2022)<\/strong><strong><\/strong>"},"content":{"rendered":"\n<p>1. Jutro rozpoczyna si\u0119 miesi\u0105c modlitw o trze\u017awo\u015b\u0107 narodu, w kt\u00f3rym zach\u0119ca si\u0119 do podj\u0119cia abstynencji.<\/p>\n\n\n\n<p>2. We wtorek na Mszy wieczornej modlimy si\u0119 za zmar\u0142ych polecanych w wypominkach.<\/p>\n\n\n\n<p>3. We wtorek mo\u017cna uzyska\u0107 odpust zupe\u0142ny, tzw. odpust Porcjunkuli, we wspomnienie Naj\u015bwi\u0119tszej Maryi Panny, Kr\u00f3lowej Anio\u0142\u00f3w, pod zwyk\u0142ymi warunkami: pobo\u017cne nawiedzenie ko\u015bcio\u0142a, odm\u00f3wienie w nim Modlitwy Pa\u0144skiej i wyznania wiary, sakramentalna spowied\u017a i Komunia \u015bw., modlitwa w intencjach Ojca \u015awi\u0119tego, wykluczenie przywi\u0105zania do jakiegokolwiek grzechu.<\/p>\n\n\n\n<p>4. W \u015brod\u0119 na Mszy wieczornej modlimy si\u0119 za Dobrodziej\u00f3w naszej parafii i ca\u0142ego dzie\u0142a salezja\u0144skiego na Wodnej.<\/p>\n\n\n\n<p>5. W czwartek na Mszy wieczornej modlimy si\u0119 za kap\u0142an\u00f3w pos\u0142uguj\u0105cych w naszej parafii i o nowe powo\u0142ania.<\/p>\n\n\n\n<p>6. W pi\u0105tek od godz. 15.00 Godzina Mi\u0142osierdzia.<\/p>\n\n\n\n<p>7. W sobot\u0119 o godz. 19.00 r\u00f3\u017caniec prowadzony przez wsp\u00f3lnot\u0119 \u017bywego R\u00f3\u017ca\u0144ca. <\/p>\n\n\n\n<p>8. Dzi\u015b mo\u017cna z\u0142o\u017cy\u0107 ofiar\u0119 do puszki na Radio Maryja.<\/p>\n","protected":false},"excerpt":{"rendered":"<p>1. Jutro rozpoczyna si\u0119 miesi\u0105c modlitw o trze\u017awo\u015b\u0107 narodu, w kt\u00f3rym zach\u0119ca si\u0119 do podj\u0119cia abstynencji. 2. We wtorek na Mszy wieczornej modlimy si\u0119 za zmar\u0142ych polecanych w wypominkach. 3. We wtorek mo\u017cna uzyska\u0107 odpust zupe\u0142ny, tzw. odpust Porcjunkuli, we wspomnienie Naj\u015bwi\u0119tszej Maryi Panny, Kr\u00f3lowej Anio\u0142\u00f3w, pod zwyk\u0142ymi warunkami: pobo\u017cne [&hellip;]<\/p>\n","protected":false},"author":2,"featured_media":619,"comment_status":"open","ping_status":"open","sticky":false,"template":"","format":"standard","meta":{"footnotes":""},"categories":[2],"tags":[],"class_list":["post-648","post","type-post","status-publish","format-standard","has-post-thumbnail","hentry","category-aktualnosci"],"_links":{"self":[{"href":"https:\/\/wspomozycielka-lodz.pl\/index.php?rest_route=\/wp\/v2\/posts\/648","targetHints":{"allow":["GET"]}}],"collection":[{"href":"https:\/\/wspomozycielka-lodz.pl\/index.php?rest_route=\/wp\/v2\/posts"}],"about":[{"href":"https:\/\/wspomozycielka-lodz.pl\/index.php?rest_route=\/wp\/v2\/types\/post"}],"author":[{"embeddable":true,"href":"https:\/\/wspomozycielka-lodz.pl\/index.php?rest_route=\/wp\/v2\/users\/2"}],"replies":[{"embeddable":true,"href":"https:\/\/wspomozycielka-lodz.pl\/index.php?rest_route=%2Fwp%2Fv2%2Fcomments&post=648"}],"version-history":[{"count":1,"href":"https:\/\/wspomozycielka-lodz.pl\/index.php?rest_route=\/wp\/v2\/posts\/648\/revisions"}],"predecessor-version":[{"id":649,"href":"https:\/\/wspomozycielka-lodz.pl\/index.php?rest_route=\/wp\/v2\/posts\/648\/revisions\/649"}],"wp:featuredmedia":[{"embeddable":true,"href":"https:\/\/wspomozycielka-lodz.pl\/index.php?rest_route=\/wp\/v2\/media\/619"}],"wp:attachment":[{"href":"https:\/\/wspomozycielka-lodz.pl\/index.php?rest_route=%2Fwp%2Fv2%2Fmedia&parent=648"}],"wp:term":[{"taxonomy":"category","embeddable":true,"href":"https:\/\/wspomozycielka-lodz.pl\/index.php?rest_route=%2Fwp%2Fv2%2Fcategories&post=648"},{"taxonomy":"post_tag","embeddable":true,"href":"https:\/\/wspomozycielka-lodz.pl\/index.php?rest_route=%2Fwp%2Fv2%2Ftags&post=648"}],"curies":[{"name":"wp","href":"https:\/\/api.w.org\/{rel}","templated":true}]}}