{"id":644,"date":"2022-07-25T22:33:11","date_gmt":"2022-07-25T20:33:11","guid":{"rendered":"https:\/\/wspomozycielka-lodz.pl\/?p=644"},"modified":"2022-07-25T22:34:54","modified_gmt":"2022-07-25T20:34:54","slug":"w-sobotni-wieczor-23-lipca-2022-r-odszedl-do-domu-ojca-nasz-wspolbrat-ks-ludwik-kalinski-sdb-w-latach-1980-1986-byl-proboszczem-naszej-parafii-uroczystosci-pogrzebowe-odbeda-sie-w-srode-27-lipca-o","status":"publish","type":"post","link":"https:\/\/wspomozycielka-lodz.pl\/?p=644","title":{"rendered":"W sobotni wiecz\u00f3r 23 lipca 2022 r. odszed\u0142 do Domu Ojca nasz wsp\u00f3\u0142brat Ks. Ludwik Kali\u0144ski SDB. W latach 1980-1986 by\u0142 proboszczem naszej Parafii. Uroczysto\u015bci pogrzebowe odb\u0119d\u0105 si\u0119 w \u015brod\u0119 27 lipca o godz. 11.00  w ko\u015bciele Matki Bo\u017cej Wspomo\u017cenia Wiernych przy ulicy Wodnej w \u0141odzi."},"content":{"rendered":"","protected":false},"excerpt":{"rendered":"","protected":false},"author":2,"featured_media":645,"comment_status":"open","ping_status":"open","sticky":false,"template":"","format":"standard","meta":{"footnotes":""},"categories":[2],"tags":[],"class_list":["post-644","post","type-post","status-publish","format-standard","has-post-thumbnail","hentry","category-aktualnosci"],"_links":{"self":[{"href":"https:\/\/wspomozycielka-lodz.pl\/index.php?rest_route=\/wp\/v2\/posts\/644","targetHints":{"allow":["GET"]}}],"collection":[{"href":"https:\/\/wspomozycielka-lodz.pl\/index.php?rest_route=\/wp\/v2\/posts"}],"about":[{"href":"https:\/\/wspomozycielka-lodz.pl\/index.php?rest_route=\/wp\/v2\/types\/post"}],"author":[{"embeddable":true,"href":"https:\/\/wspomozycielka-lodz.pl\/index.php?rest_route=\/wp\/v2\/users\/2"}],"replies":[{"embeddable":true,"href":"https:\/\/wspomozycielka-lodz.pl\/index.php?rest_route=%2Fwp%2Fv2%2Fcomments&post=644"}],"version-history":[{"count":2,"href":"https:\/\/wspomozycielka-lodz.pl\/index.php?rest_route=\/wp\/v2\/posts\/644\/revisions"}],"predecessor-version":[{"id":647,"href":"https:\/\/wspomozycielka-lodz.pl\/index.php?rest_route=\/wp\/v2\/posts\/644\/revisions\/647"}],"wp:featuredmedia":[{"embeddable":true,"href":"https:\/\/wspomozycielka-lodz.pl\/index.php?rest_route=\/wp\/v2\/media\/645"}],"wp:attachment":[{"href":"https:\/\/wspomozycielka-lodz.pl\/index.php?rest_route=%2Fwp%2Fv2%2Fmedia&parent=644"}],"wp:term":[{"taxonomy":"category","embeddable":true,"href":"https:\/\/wspomozycielka-lodz.pl\/index.php?rest_route=%2Fwp%2Fv2%2Fcategories&post=644"},{"taxonomy":"post_tag","embeddable":true,"href":"https:\/\/wspomozycielka-lodz.pl\/index.php?rest_route=%2Fwp%2Fv2%2Ftags&post=644"}],"curies":[{"name":"wp","href":"https:\/\/api.w.org\/{rel}","templated":true}]}}