{"id":642,"date":"2022-07-25T22:23:43","date_gmt":"2022-07-25T20:23:43","guid":{"rendered":"https:\/\/wspomozycielka-lodz.pl\/?p=642"},"modified":"2022-07-25T22:23:43","modified_gmt":"2022-07-25T20:23:43","slug":"ogloszenia-parafialne-24-07-2022","status":"publish","type":"post","link":"https:\/\/wspomozycielka-lodz.pl\/?p=642","title":{"rendered":"<strong>OG\u0141OSZENIA PARAFIALNE (24.07.2022)<\/strong><strong><\/strong>"},"content":{"rendered":"\n<p>1. W poniedzia\u0142ek przypada wspomnienie \u015bw. Krzysztofa; z tej racji po Mszy wieczornej pob\u0142ogos\u0142awimy pojazdy mechaniczne i b\u0119dziemy si\u0119 modli\u0107 o ich roztropne wykorzystywanie.&nbsp; Pojazdy prosimy ustawi\u0107 wzd\u0142u\u017c ul. Wodnej.<\/p>\n\n\n\n<p>2. Dzi\u015b przeprowadzana jest zbi\u00f3rka do puszek na dzie\u0142a Caritas Archidiecezji \u0141\u00f3dzkiej. <\/p>\n\n\n\n<p>3. Z naszej wsp\u00f3lnoty parafialnej do wieczno\u015bci odszed\u0142: Stanis\u0142aw Szmidt, lat 73. Wczoraj wieczorem zmar\u0142 nasz wsp\u00f3\u0142brat ks. Ludwik Kali\u0144ski, kt\u00f3ry przez ostatnie lata pos\u0142ugiwa\u0142 w naszej parafii i dziele salezja\u0144skim na Wodnej. W latach 1980\u20131986 by\u0142 proboszczem tej parafii.\u00a0<em>Wieczny odpoczynek racz im da\u0107, Panie<\/em>\u2026<\/p>\n","protected":false},"excerpt":{"rendered":"<p>1. W poniedzia\u0142ek przypada wspomnienie \u015bw. Krzysztofa; z tej racji po Mszy wieczornej pob\u0142ogos\u0142awimy pojazdy mechaniczne i b\u0119dziemy si\u0119 modli\u0107 o ich roztropne wykorzystywanie.&nbsp; Pojazdy prosimy ustawi\u0107 wzd\u0142u\u017c ul. Wodnej. 2. Dzi\u015b przeprowadzana jest zbi\u00f3rka do puszek na dzie\u0142a Caritas Archidiecezji \u0141\u00f3dzkiej. 3. Z naszej wsp\u00f3lnoty parafialnej do wieczno\u015bci odszed\u0142: [&hellip;]<\/p>\n","protected":false},"author":2,"featured_media":619,"comment_status":"open","ping_status":"open","sticky":false,"template":"","format":"standard","meta":{"footnotes":""},"categories":[2],"tags":[],"class_list":["post-642","post","type-post","status-publish","format-standard","has-post-thumbnail","hentry","category-aktualnosci"],"_links":{"self":[{"href":"https:\/\/wspomozycielka-lodz.pl\/index.php?rest_route=\/wp\/v2\/posts\/642","targetHints":{"allow":["GET"]}}],"collection":[{"href":"https:\/\/wspomozycielka-lodz.pl\/index.php?rest_route=\/wp\/v2\/posts"}],"about":[{"href":"https:\/\/wspomozycielka-lodz.pl\/index.php?rest_route=\/wp\/v2\/types\/post"}],"author":[{"embeddable":true,"href":"https:\/\/wspomozycielka-lodz.pl\/index.php?rest_route=\/wp\/v2\/users\/2"}],"replies":[{"embeddable":true,"href":"https:\/\/wspomozycielka-lodz.pl\/index.php?rest_route=%2Fwp%2Fv2%2Fcomments&post=642"}],"version-history":[{"count":1,"href":"https:\/\/wspomozycielka-lodz.pl\/index.php?rest_route=\/wp\/v2\/posts\/642\/revisions"}],"predecessor-version":[{"id":643,"href":"https:\/\/wspomozycielka-lodz.pl\/index.php?rest_route=\/wp\/v2\/posts\/642\/revisions\/643"}],"wp:featuredmedia":[{"embeddable":true,"href":"https:\/\/wspomozycielka-lodz.pl\/index.php?rest_route=\/wp\/v2\/media\/619"}],"wp:attachment":[{"href":"https:\/\/wspomozycielka-lodz.pl\/index.php?rest_route=%2Fwp%2Fv2%2Fmedia&parent=642"}],"wp:term":[{"taxonomy":"category","embeddable":true,"href":"https:\/\/wspomozycielka-lodz.pl\/index.php?rest_route=%2Fwp%2Fv2%2Fcategories&post=642"},{"taxonomy":"post_tag","embeddable":true,"href":"https:\/\/wspomozycielka-lodz.pl\/index.php?rest_route=%2Fwp%2Fv2%2Ftags&post=642"}],"curies":[{"name":"wp","href":"https:\/\/api.w.org\/{rel}","templated":true}]}}