{"id":640,"date":"2022-06-28T21:50:33","date_gmt":"2022-06-28T19:50:33","guid":{"rendered":"https:\/\/wspomozycielka-lodz.pl\/?p=640"},"modified":"2022-06-28T21:50:34","modified_gmt":"2022-06-28T19:50:34","slug":"ogloszenia-parafialne-26-06-2022","status":"publish","type":"post","link":"https:\/\/wspomozycielka-lodz.pl\/?p=640","title":{"rendered":"<strong>OG\u0141OSZENIA PARAFIALNE (26.06.2022)<\/strong><strong><\/strong>"},"content":{"rendered":"\n<p>1. Nabo\u017ce\u0144stwa czerwcowe jeszcze do czwartku o godz. 17.30.<\/p>\n\n\n\n<p>2. W \u015brod\u0119 obchodzi\u0107 b\u0119dziemy uroczysto\u015b\u0107 \u015bw. Aposto\u0142\u00f3w Piotra i Paw\u0142a. Na Mszy wieczornej b\u0119dziemy si\u0119 modli\u0107 za wsp\u00f3\u0142braci solenizant\u00f3w: ks. Piotra Szlufika, ks. Piotra Boczul\u0119 i ks. Paw\u0142a Szczepa\u0144skiego.<\/p>\n\n\n\n<p>3. W sobot\u0119 o godz. 19.00 r\u00f3\u017caniec prowadzony przez wsp\u00f3lnot\u0119 \u017bywego R\u00f3\u017ca\u0144ca z adoracj\u0105 do godz. 21.00.<\/p>\n\n\n\n<p>4. Rozpocz\u0105\u0142 si\u0119 okres wakacyjny. Od przysz\u0142ego tygodnia kancelaria parafialna b\u0119dzie czynna tylko we wtorki i czwartki. W pilnych sprawach prosz\u0119 si\u0119 kontaktowa\u0107 telefonicznie lub przez portierni\u0119. W czasie wakacyjnym nie b\u0119dzie te\u017c spotka\u0144 grup parafialnych oraz czwartkowych adoracji. Powr\u00f3cimy do wszystkiego od wrze\u015bnia.<\/p>\n\n\n\n<p>5. Ks. Piotr &#8211; kierownik Oratorium &#8211; dzi\u0119kuje wszystkim, kt\u00f3rzy z\u0142o\u017cyli ofiary na wsparcie wypoczynk\u00f3w letnich dzieci z ubogich rodzin. Zebrano 915 z\u0142, kt\u00f3re zostan\u0105 przeznaczone na p\u00f3\u0142kolonie dla 7 uczestnik\u00f3w wypoczynku. Za ten dar odwdzi\u0119czamy si\u0119 modlitw\u0105 i u\u015bmiechem dzieci, kt\u00f3rych nie sta\u0107 na jakikolwiek wyjazd wakacyjny.<\/p>\n\n\n\n<p>6. Dzi\u015b mo\u017cna z\u0142o\u017cy\u0107 ofiar\u0119 do puszki na Radio Maryja.<\/p>\n\n\n\n<p>7. Z naszej wsp\u00f3lnoty parafialnej do wieczno\u015bci odszed\u0142: Stefan Polus, lat 90. <em>Wieczny odpoczynek racz mu da\u0107, Panie<\/em>&#8230;.<\/p>\n","protected":false},"excerpt":{"rendered":"<p>1. Nabo\u017ce\u0144stwa czerwcowe jeszcze do czwartku o godz. 17.30. 2. W \u015brod\u0119 obchodzi\u0107 b\u0119dziemy uroczysto\u015b\u0107 \u015bw. Aposto\u0142\u00f3w Piotra i Paw\u0142a. Na Mszy wieczornej b\u0119dziemy si\u0119 modli\u0107 za wsp\u00f3\u0142braci solenizant\u00f3w: ks. Piotra Szlufika, ks. Piotra Boczul\u0119 i ks. Paw\u0142a Szczepa\u0144skiego. 3. W sobot\u0119 o godz. 19.00 r\u00f3\u017caniec prowadzony przez wsp\u00f3lnot\u0119 \u017bywego [&hellip;]<\/p>\n","protected":false},"author":2,"featured_media":619,"comment_status":"open","ping_status":"open","sticky":false,"template":"","format":"standard","meta":{"footnotes":""},"categories":[2],"tags":[],"class_list":["post-640","post","type-post","status-publish","format-standard","has-post-thumbnail","hentry","category-aktualnosci"],"_links":{"self":[{"href":"https:\/\/wspomozycielka-lodz.pl\/index.php?rest_route=\/wp\/v2\/posts\/640","targetHints":{"allow":["GET"]}}],"collection":[{"href":"https:\/\/wspomozycielka-lodz.pl\/index.php?rest_route=\/wp\/v2\/posts"}],"about":[{"href":"https:\/\/wspomozycielka-lodz.pl\/index.php?rest_route=\/wp\/v2\/types\/post"}],"author":[{"embeddable":true,"href":"https:\/\/wspomozycielka-lodz.pl\/index.php?rest_route=\/wp\/v2\/users\/2"}],"replies":[{"embeddable":true,"href":"https:\/\/wspomozycielka-lodz.pl\/index.php?rest_route=%2Fwp%2Fv2%2Fcomments&post=640"}],"version-history":[{"count":1,"href":"https:\/\/wspomozycielka-lodz.pl\/index.php?rest_route=\/wp\/v2\/posts\/640\/revisions"}],"predecessor-version":[{"id":641,"href":"https:\/\/wspomozycielka-lodz.pl\/index.php?rest_route=\/wp\/v2\/posts\/640\/revisions\/641"}],"wp:featuredmedia":[{"embeddable":true,"href":"https:\/\/wspomozycielka-lodz.pl\/index.php?rest_route=\/wp\/v2\/media\/619"}],"wp:attachment":[{"href":"https:\/\/wspomozycielka-lodz.pl\/index.php?rest_route=%2Fwp%2Fv2%2Fmedia&parent=640"}],"wp:term":[{"taxonomy":"category","embeddable":true,"href":"https:\/\/wspomozycielka-lodz.pl\/index.php?rest_route=%2Fwp%2Fv2%2Fcategories&post=640"},{"taxonomy":"post_tag","embeddable":true,"href":"https:\/\/wspomozycielka-lodz.pl\/index.php?rest_route=%2Fwp%2Fv2%2Ftags&post=640"}],"curies":[{"name":"wp","href":"https:\/\/api.w.org\/{rel}","templated":true}]}}