{"id":635,"date":"2022-06-19T16:52:59","date_gmt":"2022-06-19T14:52:59","guid":{"rendered":"https:\/\/wspomozycielka-lodz.pl\/?p=635"},"modified":"2022-06-19T16:53:00","modified_gmt":"2022-06-19T14:53:00","slug":"ogloszenia-parafialne-19-06-2022","status":"publish","type":"post","link":"https:\/\/wspomozycielka-lodz.pl\/?p=635","title":{"rendered":"<strong>OG\u0141OSZENIA PARAFIALNE (19.06.2022)<\/strong><strong><\/strong>"},"content":{"rendered":"\n<p>1. Nabo\u017ce\u0144stwa czerwcowe, po\u0142\u0105czone z nowenn\u0105 do Maryi Wspomo\u017cycielki i procesj\u0105 w oktawie Bo\u017cego Cia\u0142a o 17.30.<\/p>\n\n\n\n<p>2. We wtorek po Mszy wieczornej spotkanie z rozwa\u017caniem S\u0142owa Bo\u017cego.<\/p>\n\n\n\n<p>3. W czwartek obchodzi\u0107 b\u0119dziemy uroczysto\u015b\u0107 \u015bw. Jana Chrzciciela. Po Mszy wieczornej adoracja Naj\u015bwi\u0119tszego Sakramentu.<\/p>\n\n\n\n<p>4. W pi\u0105tek obchodzi\u0107 b\u0119dziemy uroczysto\u015b\u0107 Naj\u015bwi\u0119tszego Serca Pana Jezusa. O godz. 17.00 adoracja Naj\u015bwi\u0119tszego Sakramentu w intencji rodzin z nabo\u017ce\u0144stwem czerwcowym, ho\u0142dem ku czci Maryi Wspomo\u017cycielki oraz aktem po\u015bwi\u0119cenia siebie Sercu Jezusa i Maryi oraz uznania Jezusa Chrystusa Kr\u00f3lem i Panem swojego serca, ma\u0142\u017ce\u0144stwa, rodziny i Ojczyzny. Na zako\u0144czenie adoracji b\u0119dzie indywidualne b\u0142ogos\u0142awie\u0144stwo ca\u0142ych rodzin. Po Mszy wieczornej spotkanie Sodalicji Maria\u0144skiej. <\/p>\n\n\n\n<p>5. Dzi\u0119kuj\u0119 wszystkim, kt\u00f3rzy w\u0142\u0105czyli si\u0119 w przygotowanie i celebracj\u0119 uroczysto\u015bci Bo\u017cego Cia\u0142a oraz jubileuszu stulecia dzie\u0142a salezja\u0144skiego na Wodnej. Dzi\u0119kuj\u0119 r\u00f3wnie\u017c za ofiary sk\u0142adane na kwiaty oraz inwestycje parafialne.<\/p>\n","protected":false},"excerpt":{"rendered":"<p>1. Nabo\u017ce\u0144stwa czerwcowe, po\u0142\u0105czone z nowenn\u0105 do Maryi Wspomo\u017cycielki i procesj\u0105 w oktawie Bo\u017cego Cia\u0142a o 17.30. 2. We wtorek po Mszy wieczornej spotkanie z rozwa\u017caniem S\u0142owa Bo\u017cego. 3. W czwartek obchodzi\u0107 b\u0119dziemy uroczysto\u015b\u0107 \u015bw. Jana Chrzciciela. Po Mszy wieczornej adoracja Naj\u015bwi\u0119tszego Sakramentu. 4. W pi\u0105tek obchodzi\u0107 b\u0119dziemy uroczysto\u015b\u0107 Naj\u015bwi\u0119tszego [&hellip;]<\/p>\n","protected":false},"author":2,"featured_media":619,"comment_status":"open","ping_status":"open","sticky":false,"template":"","format":"standard","meta":{"footnotes":""},"categories":[2],"tags":[],"class_list":["post-635","post","type-post","status-publish","format-standard","has-post-thumbnail","hentry","category-aktualnosci"],"_links":{"self":[{"href":"https:\/\/wspomozycielka-lodz.pl\/index.php?rest_route=\/wp\/v2\/posts\/635","targetHints":{"allow":["GET"]}}],"collection":[{"href":"https:\/\/wspomozycielka-lodz.pl\/index.php?rest_route=\/wp\/v2\/posts"}],"about":[{"href":"https:\/\/wspomozycielka-lodz.pl\/index.php?rest_route=\/wp\/v2\/types\/post"}],"author":[{"embeddable":true,"href":"https:\/\/wspomozycielka-lodz.pl\/index.php?rest_route=\/wp\/v2\/users\/2"}],"replies":[{"embeddable":true,"href":"https:\/\/wspomozycielka-lodz.pl\/index.php?rest_route=%2Fwp%2Fv2%2Fcomments&post=635"}],"version-history":[{"count":1,"href":"https:\/\/wspomozycielka-lodz.pl\/index.php?rest_route=\/wp\/v2\/posts\/635\/revisions"}],"predecessor-version":[{"id":636,"href":"https:\/\/wspomozycielka-lodz.pl\/index.php?rest_route=\/wp\/v2\/posts\/635\/revisions\/636"}],"wp:featuredmedia":[{"embeddable":true,"href":"https:\/\/wspomozycielka-lodz.pl\/index.php?rest_route=\/wp\/v2\/media\/619"}],"wp:attachment":[{"href":"https:\/\/wspomozycielka-lodz.pl\/index.php?rest_route=%2Fwp%2Fv2%2Fmedia&parent=635"}],"wp:term":[{"taxonomy":"category","embeddable":true,"href":"https:\/\/wspomozycielka-lodz.pl\/index.php?rest_route=%2Fwp%2Fv2%2Fcategories&post=635"},{"taxonomy":"post_tag","embeddable":true,"href":"https:\/\/wspomozycielka-lodz.pl\/index.php?rest_route=%2Fwp%2Fv2%2Ftags&post=635"}],"curies":[{"name":"wp","href":"https:\/\/api.w.org\/{rel}","templated":true}]}}