{"id":632,"date":"2022-06-12T07:23:02","date_gmt":"2022-06-12T05:23:02","guid":{"rendered":"https:\/\/wspomozycielka-lodz.pl\/?p=632"},"modified":"2022-06-12T07:23:03","modified_gmt":"2022-06-12T05:23:03","slug":"ogloszenia-parafialne-12-06-2022","status":"publish","type":"post","link":"https:\/\/wspomozycielka-lodz.pl\/?p=632","title":{"rendered":"<strong>OG\u0141OSZENIA PARAFIALNE (12.06.2022)<\/strong><strong><\/strong>"},"content":{"rendered":"\n<p>1. Nabo\u017ce\u0144stwa czerwcowe codziennie o godz. 17.30.<\/p>\n\n\n\n<p>2. We wtorek po Mszy wieczornej spotkanie z rozwa\u017caniem S\u0142owa Bo\u017cego.<\/p>\n\n\n\n<p>3. W \u015brod\u0119 rozpoczniemy nowenn\u0119 do Maryi Wspomo\u017cycielki o 17.30.<\/p>\n\n\n\n<p>4. W czwartek obchodzi\u0107 b\u0119dziemy uroczysto\u015b\u0107 Naj\u015bwi\u0119tszego Cia\u0142a i Krwi Chrystusa. Przypominamy, \u017ce w tym dniu mamy obowi\u0105zek uczestnictwa w Mszy \u015bw. Po Mszy o godz. 10.00 procesja ulicami parafii do czterech o\u0142tarzy. W tym dniu nie b\u0119dzie Mszy o godz. 11.30. Nie b\u0119dzie r\u00f3wnie\u017c wieczornej adoracji.<\/p>\n\n\n\n<p>5. W sobot\u0119 zapraszamy na jubileuszowe obchody 100-lecia Dzie\u0142a Salezja\u0144skiego na Wodnej. Uroczysto\u015b\u0107 rozpocznie Eucharystia sprawowana pod przewodnictwem ks. abp. Grzegorza Rysia o godz. 11.00, a po niej festyn dla dzieci i m\u0142odzie\u017cy.<\/p>\n\n\n\n<p>6. Przypominamy o akcjach wakacyjnych naszego Oratorium dla dzieci i m\u0142odzie\u017cy szkolnej. Organizowane s\u0105 p\u00f3\u0142kolonie: turnus I &#8211; od 27 czerwca do 1 lipca oraz turnus II &#8211; od 4 do 8 lipca. Zaj\u0119cia odbywaj\u0105 si\u0119 od poniedzia\u0142ku do pi\u0105tku w godzinach od 9.00 do 15.00. Koszt 130 z\u0142 za osob\u0119. Oratorium organizuje tak\u017ce kolonie wyjazdowe na Mazurach \u2013 dla dzieci ze \u015bwietlicy i klubu \u015brodowiskowego od 16 do 25 sierpnia. Koszt 250 z\u0142. M\u0142odzie\u017c zapraszamy r\u00f3wnie\u017c na Festiwal CAMPO BOSCO w Czerwi\u0144sku nad Wis\u0142\u0105 od 25 do 28 sierpnia. Koszt 100 z\u0142. Zapisy na wypoczynek letni w biurze Oratorium od 15.00 do 18.00. Dzi\u015b po Mszy mo\u017cna z\u0142o\u017cy\u0107 ofiary do puszki na organizowane przez nasze Oratorium wydarzenia letnie. <\/p>\n\n\n\n<p>7. Dzi\u015b te\u017c po Mszy mo\u017cna z\u0142o\u017cy\u0107 ofiar\u0119 na kwiaty do o\u0142tarzy na Bo\u017ce Cia\u0142o.<\/p>\n","protected":false},"excerpt":{"rendered":"<p>1. Nabo\u017ce\u0144stwa czerwcowe codziennie o godz. 17.30. 2. We wtorek po Mszy wieczornej spotkanie z rozwa\u017caniem S\u0142owa Bo\u017cego. 3. W \u015brod\u0119 rozpoczniemy nowenn\u0119 do Maryi Wspomo\u017cycielki o 17.30. 4. W czwartek obchodzi\u0107 b\u0119dziemy uroczysto\u015b\u0107 Naj\u015bwi\u0119tszego Cia\u0142a i Krwi Chrystusa. Przypominamy, \u017ce w tym dniu mamy obowi\u0105zek uczestnictwa w Mszy \u015bw. [&hellip;]<\/p>\n","protected":false},"author":2,"featured_media":619,"comment_status":"open","ping_status":"open","sticky":false,"template":"","format":"standard","meta":{"footnotes":""},"categories":[2],"tags":[],"class_list":["post-632","post","type-post","status-publish","format-standard","has-post-thumbnail","hentry","category-aktualnosci"],"_links":{"self":[{"href":"https:\/\/wspomozycielka-lodz.pl\/index.php?rest_route=\/wp\/v2\/posts\/632","targetHints":{"allow":["GET"]}}],"collection":[{"href":"https:\/\/wspomozycielka-lodz.pl\/index.php?rest_route=\/wp\/v2\/posts"}],"about":[{"href":"https:\/\/wspomozycielka-lodz.pl\/index.php?rest_route=\/wp\/v2\/types\/post"}],"author":[{"embeddable":true,"href":"https:\/\/wspomozycielka-lodz.pl\/index.php?rest_route=\/wp\/v2\/users\/2"}],"replies":[{"embeddable":true,"href":"https:\/\/wspomozycielka-lodz.pl\/index.php?rest_route=%2Fwp%2Fv2%2Fcomments&post=632"}],"version-history":[{"count":1,"href":"https:\/\/wspomozycielka-lodz.pl\/index.php?rest_route=\/wp\/v2\/posts\/632\/revisions"}],"predecessor-version":[{"id":633,"href":"https:\/\/wspomozycielka-lodz.pl\/index.php?rest_route=\/wp\/v2\/posts\/632\/revisions\/633"}],"wp:featuredmedia":[{"embeddable":true,"href":"https:\/\/wspomozycielka-lodz.pl\/index.php?rest_route=\/wp\/v2\/media\/619"}],"wp:attachment":[{"href":"https:\/\/wspomozycielka-lodz.pl\/index.php?rest_route=%2Fwp%2Fv2%2Fmedia&parent=632"}],"wp:term":[{"taxonomy":"category","embeddable":true,"href":"https:\/\/wspomozycielka-lodz.pl\/index.php?rest_route=%2Fwp%2Fv2%2Fcategories&post=632"},{"taxonomy":"post_tag","embeddable":true,"href":"https:\/\/wspomozycielka-lodz.pl\/index.php?rest_route=%2Fwp%2Fv2%2Ftags&post=632"}],"curies":[{"name":"wp","href":"https:\/\/api.w.org\/{rel}","templated":true}]}}