{"id":630,"date":"2022-06-04T22:18:04","date_gmt":"2022-06-04T20:18:04","guid":{"rendered":"https:\/\/wspomozycielka-lodz.pl\/?p=630"},"modified":"2022-06-04T22:18:04","modified_gmt":"2022-06-04T20:18:04","slug":"ogloszenia-parafialne-05-06-2022","status":"publish","type":"post","link":"https:\/\/wspomozycielka-lodz.pl\/?p=630","title":{"rendered":"<strong>OG\u0141OSZENIA PARAFIALNE (05.06.2022)<\/strong><strong><\/strong>"},"content":{"rendered":"\n<p>1. Nabo\u017ce\u0144stwa czerwcowe o godz. 17.30.<\/p>\n\n\n\n<p>2. We wtorek na Mszy wieczornej modlimy si\u0119 za zmar\u0142ych polecanych w wypominkach. Po Mszy spotkanie z rozwa\u017caniem S\u0142owa Bo\u017cego.<\/p>\n\n\n\n<p>3. W czwartek po Mszy wieczornej adoracja Naj\u015bwi\u0119tszego Sakramentu.<\/p>\n\n\n\n<p>4. W przysz\u0142\u0105 niedziel\u0119 po Mszy \u015bw. o godz. 11.30 spotkanie Salezjan\u00f3w Wsp\u00f3\u0142pracownik\u00f3w.<\/p>\n\n\n\n<p>5. Nasze Oratorium zaprasza dzieci i m\u0142odzie\u017c szkoln\u0105 na wypoczynek letni. Organizowane s\u0105 p\u00f3\u0142kolonie: turnus I &#8211; od 27 czerwca do 1 lipca oraz turnus II &#8211; od 4 do 8 lipca. Zaj\u0119cia odbywaj\u0105 si\u0119 od poniedzia\u0142ku do pi\u0105tku w godzinach od 9.00 do 15.00. Koszt 130 z\u0142 za osob\u0119. Oratorium organizuje tak\u017ce kolonie wyjazdowe na Mazurach \u2013 dla dzieci ze \u015bwietlicy i klubu \u015brodowiskowego od 16 do 25 sierpnia. Koszt 250 z\u0142. M\u0142odzie\u017c zapraszamy r\u00f3wnie\u017c na Festiwal CAMPO BOSCO w Czerwi\u0144sku nad Wis\u0142\u0105 od 25 do 28 sierpnia. Koszt 100 z\u0142. Zapisy na wypoczynek letni od poniedzia\u0142ku 6 czerwca w biurze Oratorium od 15.00 do 18.00. Informacje mo\u017cna zdoby\u0107 u ks. Piotra \u2013 kierownika Oratorium. Dzi\u015b i w nast\u0119pn\u0105 niedziel\u0119 b\u0119dzie mo\u017cna z\u0142o\u017cy\u0107 ofiary do puszki na organizowane przez nasze Oratorium wydarzenia letnie na wsparcie ubo\u017cszych dzieci i m\u0142odzie\u017cy. Za z\u0142o\u017cony dar serca serdecznie dzi\u0119kujemy.<\/p>\n\n\n\n<p>6. Dzi\u015b po Mszy zbierane s\u0105 te\u017c ofiary na budow\u0119 \u015bwi\u0105tyni Opatrzno\u015bci Bo\u017cej. <\/p>\n\n\n\n<p>7. Serdecznie zapraszamy do udzia\u0142u w XXXII Mi\u0119dzynarodowej Pielgrzymce Pieszej Suwa\u0142ki &#8211; Wilno. Zapisy ruszaj\u0105 15 czerwca. Szczeg\u00f3\u0142owe informacje na stronie internetowej: www.suwalki-wilno.salezjanie.pl.<\/p>\n","protected":false},"excerpt":{"rendered":"<p>1. Nabo\u017ce\u0144stwa czerwcowe o godz. 17.30. 2. We wtorek na Mszy wieczornej modlimy si\u0119 za zmar\u0142ych polecanych w wypominkach. Po Mszy spotkanie z rozwa\u017caniem S\u0142owa Bo\u017cego. 3. W czwartek po Mszy wieczornej adoracja Naj\u015bwi\u0119tszego Sakramentu. 4. W przysz\u0142\u0105 niedziel\u0119 po Mszy \u015bw. o godz. 11.30 spotkanie Salezjan\u00f3w Wsp\u00f3\u0142pracownik\u00f3w. 5. Nasze [&hellip;]<\/p>\n","protected":false},"author":2,"featured_media":619,"comment_status":"open","ping_status":"open","sticky":false,"template":"","format":"standard","meta":{"footnotes":""},"categories":[2],"tags":[],"class_list":["post-630","post","type-post","status-publish","format-standard","has-post-thumbnail","hentry","category-aktualnosci"],"_links":{"self":[{"href":"https:\/\/wspomozycielka-lodz.pl\/index.php?rest_route=\/wp\/v2\/posts\/630","targetHints":{"allow":["GET"]}}],"collection":[{"href":"https:\/\/wspomozycielka-lodz.pl\/index.php?rest_route=\/wp\/v2\/posts"}],"about":[{"href":"https:\/\/wspomozycielka-lodz.pl\/index.php?rest_route=\/wp\/v2\/types\/post"}],"author":[{"embeddable":true,"href":"https:\/\/wspomozycielka-lodz.pl\/index.php?rest_route=\/wp\/v2\/users\/2"}],"replies":[{"embeddable":true,"href":"https:\/\/wspomozycielka-lodz.pl\/index.php?rest_route=%2Fwp%2Fv2%2Fcomments&post=630"}],"version-history":[{"count":1,"href":"https:\/\/wspomozycielka-lodz.pl\/index.php?rest_route=\/wp\/v2\/posts\/630\/revisions"}],"predecessor-version":[{"id":631,"href":"https:\/\/wspomozycielka-lodz.pl\/index.php?rest_route=\/wp\/v2\/posts\/630\/revisions\/631"}],"wp:featuredmedia":[{"embeddable":true,"href":"https:\/\/wspomozycielka-lodz.pl\/index.php?rest_route=\/wp\/v2\/media\/619"}],"wp:attachment":[{"href":"https:\/\/wspomozycielka-lodz.pl\/index.php?rest_route=%2Fwp%2Fv2%2Fmedia&parent=630"}],"wp:term":[{"taxonomy":"category","embeddable":true,"href":"https:\/\/wspomozycielka-lodz.pl\/index.php?rest_route=%2Fwp%2Fv2%2Fcategories&post=630"},{"taxonomy":"post_tag","embeddable":true,"href":"https:\/\/wspomozycielka-lodz.pl\/index.php?rest_route=%2Fwp%2Fv2%2Ftags&post=630"}],"curies":[{"name":"wp","href":"https:\/\/api.w.org\/{rel}","templated":true}]}}