{"id":628,"date":"2022-05-30T23:37:55","date_gmt":"2022-05-30T21:37:55","guid":{"rendered":"https:\/\/wspomozycielka-lodz.pl\/?p=628"},"modified":"2022-05-30T23:37:55","modified_gmt":"2022-05-30T21:37:55","slug":"ogloszenia-parafialne-29-05-2022","status":"publish","type":"post","link":"https:\/\/wspomozycielka-lodz.pl\/?p=628","title":{"rendered":"<strong>OG\u0141OSZENIA PARAFIALNE (29.05.2022)<\/strong><strong><\/strong>"},"content":{"rendered":"\n<p>1. Nabo\u017ce\u0144stwa majowe po\u0142\u0105czone z nowenn\u0105 przed Zes\u0142aniem Ducha \u015awi\u0119tego do wtorku o godz. 17.15.<\/p>\n\n\n\n<p>2. W poniedzia\u0142ek na Mszy \u015bw. o godz. 18.00 Ks. Bp Marek Marczak udzieli sakramentu bierzmowania m\u0142odzie\u017cy z naszej parafii oraz szk\u00f3\u0142 salezja\u0144skich.<\/p>\n\n\n\n<p>3. We wtorek po Mszy wieczornej spotkanie z rozwa\u017caniem S\u0142owa Bo\u017cego.<\/p>\n\n\n\n<p>4. W \u015brod\u0119 rozpoczniemy nabo\u017ce\u0144stwa czerwcowe ku czci Serca Jezusowego o godz. 17.30. Na Mszy wieczornej modlimy si\u0119 za Dobrodziej\u00f3w naszej parafii i ca\u0142ego dzie\u0142a salezja\u0144skiego na Wodnej.<\/p>\n\n\n\n<p>5. W czwartek na Mszy wieczornej modlimy si\u0119 za kap\u0142an\u00f3w pos\u0142uguj\u0105cych w naszej parafii i o nowe powo\u0142ania. Po Mszy \u015bw. adoracja Naj\u015bwi\u0119tszego Sakramentu.<\/p>\n\n\n\n<p>6. W pi\u0105tek od godz. 15.00 Godzina Mi\u0142osierdzia i adoracja Naj\u015bwi\u0119tszego Sakramentu. Po Mszy wieczornej spotkanie wsp\u00f3lnoty Stra\u017cy Honorowej NSPJ.<\/p>\n\n\n\n<p>7. W sobot\u0119 po Mszy porannej nabo\u017ce\u0144stwo maryjne. O godz. 19.00 r\u00f3\u017caniec prowadzony przez wsp\u00f3lnot\u0119 \u017bywego R\u00f3\u017ca\u0144ca z adoracj\u0105 do godz. 21.00 w Wigili\u0119 uroczysto\u015bci Zes\u0142ania Ducha \u015awi\u0119tego.<\/p>\n\n\n\n<p>8. W przysz\u0142\u0105 niedziel\u0119 na Mszy \u015bw. o godz. 11.30 sw\u00f3j jubileusz 25-lecia kap\u0142a\u0144stwa b\u0119dzie obchodzi\u0142 ks. Waldemar Trendziuk.<\/p>\n\n\n\n<p>9. Dzi\u015b po Mszy zbierane s\u0105 ofiary na kolonie letnie organizowane dla dzieci przez Caritas Archidiecezji \u0141\u00f3dzkiej. Mo\u017cna z\u0142o\u017cy\u0107 r\u00f3wnie\u017c ofiar\u0119 do puszki na Radio Maryja.<\/p>\n\n\n\n<p>10. Z naszej wsp\u00f3lnoty parafialnej do wieczno\u015bci odesz\u0142a: Marianna Ko\u0142odziejczyk, lat 93. <em>Wieczny odpoczynek racz jej da\u0107, Panie<\/em>&#8230;<\/p>\n","protected":false},"excerpt":{"rendered":"<p>1. Nabo\u017ce\u0144stwa majowe po\u0142\u0105czone z nowenn\u0105 przed Zes\u0142aniem Ducha \u015awi\u0119tego do wtorku o godz. 17.15. 2. W poniedzia\u0142ek na Mszy \u015bw. o godz. 18.00 Ks. Bp Marek Marczak udzieli sakramentu bierzmowania m\u0142odzie\u017cy z naszej parafii oraz szk\u00f3\u0142 salezja\u0144skich. 3. We wtorek po Mszy wieczornej spotkanie z rozwa\u017caniem S\u0142owa Bo\u017cego. 4. [&hellip;]<\/p>\n","protected":false},"author":2,"featured_media":619,"comment_status":"open","ping_status":"open","sticky":false,"template":"","format":"standard","meta":{"footnotes":""},"categories":[2],"tags":[],"class_list":["post-628","post","type-post","status-publish","format-standard","has-post-thumbnail","hentry","category-aktualnosci"],"_links":{"self":[{"href":"https:\/\/wspomozycielka-lodz.pl\/index.php?rest_route=\/wp\/v2\/posts\/628","targetHints":{"allow":["GET"]}}],"collection":[{"href":"https:\/\/wspomozycielka-lodz.pl\/index.php?rest_route=\/wp\/v2\/posts"}],"about":[{"href":"https:\/\/wspomozycielka-lodz.pl\/index.php?rest_route=\/wp\/v2\/types\/post"}],"author":[{"embeddable":true,"href":"https:\/\/wspomozycielka-lodz.pl\/index.php?rest_route=\/wp\/v2\/users\/2"}],"replies":[{"embeddable":true,"href":"https:\/\/wspomozycielka-lodz.pl\/index.php?rest_route=%2Fwp%2Fv2%2Fcomments&post=628"}],"version-history":[{"count":1,"href":"https:\/\/wspomozycielka-lodz.pl\/index.php?rest_route=\/wp\/v2\/posts\/628\/revisions"}],"predecessor-version":[{"id":629,"href":"https:\/\/wspomozycielka-lodz.pl\/index.php?rest_route=\/wp\/v2\/posts\/628\/revisions\/629"}],"wp:featuredmedia":[{"embeddable":true,"href":"https:\/\/wspomozycielka-lodz.pl\/index.php?rest_route=\/wp\/v2\/media\/619"}],"wp:attachment":[{"href":"https:\/\/wspomozycielka-lodz.pl\/index.php?rest_route=%2Fwp%2Fv2%2Fmedia&parent=628"}],"wp:term":[{"taxonomy":"category","embeddable":true,"href":"https:\/\/wspomozycielka-lodz.pl\/index.php?rest_route=%2Fwp%2Fv2%2Fcategories&post=628"},{"taxonomy":"post_tag","embeddable":true,"href":"https:\/\/wspomozycielka-lodz.pl\/index.php?rest_route=%2Fwp%2Fv2%2Ftags&post=628"}],"curies":[{"name":"wp","href":"https:\/\/api.w.org\/{rel}","templated":true}]}}