{"id":625,"date":"2022-05-22T14:51:02","date_gmt":"2022-05-22T12:51:02","guid":{"rendered":"https:\/\/wspomozycielka-lodz.pl\/?p=625"},"modified":"2022-05-22T14:51:03","modified_gmt":"2022-05-22T12:51:03","slug":"ogloszenia-parafialne-22-05-2022","status":"publish","type":"post","link":"https:\/\/wspomozycielka-lodz.pl\/?p=625","title":{"rendered":"<strong>OG\u0141OSZENIA PARAFIALNE (22.05.2022)<\/strong><strong><\/strong>"},"content":{"rendered":"\n<p>1. Dzi\u015b o godz. 11.30 dzieci b\u0119d\u0105 prze\u017cywa\u0107 swoj\u0105 uroczysto\u015b\u0107 Pierwszej Komunii \u015awi\u0119tej. Od poniedzia\u0142ku do pi\u0105tku b\u0119d\u0105 uczestniczy\u0142y w tzw. bia\u0142ym tygodniu na Mszach o godz. 18.00.<\/p>\n\n\n\n<p>2. Nowenna do Maryi Wspomo\u017cycielki po\u0142\u0105czona z nabo\u017ce\u0144stwem majowym do poniedzia\u0142ku o godz. 17.15.<\/p>\n\n\n\n<p>3. We wtorek prze\u017cywa\u0107 b\u0119dziemy uroczysto\u015b\u0107 Naj\u015bwi\u0119tszej Maryi Panny Wspomo\u017cenia Wiernych. O godz. 17.00 ho\u0142d ku czci Maryi Wspomo\u017cycielki z nabo\u017ce\u0144stwem majowym. Uroczysta Msza \u015bw. odpustowa o godz. 18.00 pod przewodnictwem ks. Adama Wtulicha \u2013 dyrektora wsp\u00f3lnoty salezja\u0144skiej i proboszcza parafii \u015bw. Teresy od Dzieci\u0105tka Jezus.<\/p>\n\n\n\n<p>4. W \u015brod\u0119 i czwartek nabo\u017ce\u0144stwo majowe o godz. 17.30, a od pi\u0105tku zn\u00f3w o godz. 17.15, gdy\u017c rozpoczniemy nowenn\u0119 przed Zes\u0142aniem Ducha \u015awi\u0119tego.<\/p>\n\n\n\n<p>5. W czwartek po Mszy wieczornej adoracja Naj\u015bwi\u0119tszego Sakramentu.<\/p>\n\n\n\n<p>6. W sobot\u0119 o godz. 15.00 b\u0119dzie spotkanie dla m\u0142odzie\u017cy przyst\u0119puj\u0105cej w tym roku do bierzmowania. <\/p>\n\n\n\n<p>7. Z naszej wsp\u00f3lnoty parafialnej do wieczno\u015bci odesz\u0142a: Teresa Jakubowska, lat 66. <em>Wieczny odpoczynek racz jej da\u0107, Panie<\/em>&#8230;<\/p>\n","protected":false},"excerpt":{"rendered":"<p>1. Dzi\u015b o godz. 11.30 dzieci b\u0119d\u0105 prze\u017cywa\u0107 swoj\u0105 uroczysto\u015b\u0107 Pierwszej Komunii \u015awi\u0119tej. Od poniedzia\u0142ku do pi\u0105tku b\u0119d\u0105 uczestniczy\u0142y w tzw. bia\u0142ym tygodniu na Mszach o godz. 18.00. 2. Nowenna do Maryi Wspomo\u017cycielki po\u0142\u0105czona z nabo\u017ce\u0144stwem majowym do poniedzia\u0142ku o godz. 17.15. 3. We wtorek prze\u017cywa\u0107 b\u0119dziemy uroczysto\u015b\u0107 Naj\u015bwi\u0119tszej Maryi [&hellip;]<\/p>\n","protected":false},"author":2,"featured_media":619,"comment_status":"open","ping_status":"open","sticky":false,"template":"","format":"standard","meta":{"footnotes":""},"categories":[2],"tags":[],"class_list":["post-625","post","type-post","status-publish","format-standard","has-post-thumbnail","hentry","category-aktualnosci"],"_links":{"self":[{"href":"https:\/\/wspomozycielka-lodz.pl\/index.php?rest_route=\/wp\/v2\/posts\/625","targetHints":{"allow":["GET"]}}],"collection":[{"href":"https:\/\/wspomozycielka-lodz.pl\/index.php?rest_route=\/wp\/v2\/posts"}],"about":[{"href":"https:\/\/wspomozycielka-lodz.pl\/index.php?rest_route=\/wp\/v2\/types\/post"}],"author":[{"embeddable":true,"href":"https:\/\/wspomozycielka-lodz.pl\/index.php?rest_route=\/wp\/v2\/users\/2"}],"replies":[{"embeddable":true,"href":"https:\/\/wspomozycielka-lodz.pl\/index.php?rest_route=%2Fwp%2Fv2%2Fcomments&post=625"}],"version-history":[{"count":1,"href":"https:\/\/wspomozycielka-lodz.pl\/index.php?rest_route=\/wp\/v2\/posts\/625\/revisions"}],"predecessor-version":[{"id":626,"href":"https:\/\/wspomozycielka-lodz.pl\/index.php?rest_route=\/wp\/v2\/posts\/625\/revisions\/626"}],"wp:featuredmedia":[{"embeddable":true,"href":"https:\/\/wspomozycielka-lodz.pl\/index.php?rest_route=\/wp\/v2\/media\/619"}],"wp:attachment":[{"href":"https:\/\/wspomozycielka-lodz.pl\/index.php?rest_route=%2Fwp%2Fv2%2Fmedia&parent=625"}],"wp:term":[{"taxonomy":"category","embeddable":true,"href":"https:\/\/wspomozycielka-lodz.pl\/index.php?rest_route=%2Fwp%2Fv2%2Fcategories&post=625"},{"taxonomy":"post_tag","embeddable":true,"href":"https:\/\/wspomozycielka-lodz.pl\/index.php?rest_route=%2Fwp%2Fv2%2Ftags&post=625"}],"curies":[{"name":"wp","href":"https:\/\/api.w.org\/{rel}","templated":true}]}}