{"id":623,"date":"2022-05-17T11:38:53","date_gmt":"2022-05-17T09:38:53","guid":{"rendered":"https:\/\/wspomozycielka-lodz.pl\/?p=623"},"modified":"2022-05-17T11:38:54","modified_gmt":"2022-05-17T09:38:54","slug":"ogloszenia-parafialne-15-05-2022","status":"publish","type":"post","link":"https:\/\/wspomozycielka-lodz.pl\/?p=623","title":{"rendered":"<strong>OG\u0141OSZENIA PARAFIALNE (15.05.2022)<\/strong><strong><\/strong>"},"content":{"rendered":"\n<p>1. Dzi\u015b rozpoczynamy nowenn\u0119 do Maryi Wspomo\u017cycielki po\u0142\u0105czon\u0105 z nabo\u017ce\u0144stwem maryjnym o godz. 17.15.<\/p>\n\n\n\n<p>2. We wtorek po Mszy wieczornej spotkanie z rozwa\u017caniem S\u0142owa Bo\u017cego.<\/p>\n\n\n\n<p>3. W czwartek po Mszy wieczornej adoracja Naj\u015bwi\u0119tszego Sakramentu.<\/p>\n\n\n\n<p>4. W sobot\u0119 o godz. 10.00 dzieci przyst\u0105pi\u0105 do pierwszej Spowiedzi \u015awi\u0119tej, a w niedziel\u0119 na Mszy o godz. 11.30 b\u0119dzie uroczysto\u015b\u0107 Pierwszej Komunii \u015awi\u0119tej. Pr\u00f3by dla dzieci przed tymi wydarzeniami b\u0119d\u0105 w poniedzia\u0142ek i wtorek o 16.00 oraz w pi\u0105tek o 18.30.<\/p>\n\n\n\n<p>5. W sobot\u0119 o godz. 15.00 b\u0119dzie spotkanie dla m\u0142odzie\u017cy kl. I bezpo\u015brednio przygotowuj\u0105ce do bierzmowania. <\/p>\n\n\n\n<p>6. Salezjanie zapraszaj\u0105 m\u0142odzie\u017c klas \u00f3smych, ch\u0142opc\u00f3w i dziewcz\u0119ta, do podj\u0119cia nauki w Technikum Salezja\u0144skich Szk\u00f3\u0142 Rzemios\u0142 w \u0141odzi przy ul. Wodnej zawodach: technik mechatronik oraz technik informatyk. Nauka jest nieodp\u0142atna. Dla uczni\u00f3w spoza \u0141odzi mo\u017cliwe jest zakwaterowanie w Bursie Salezja\u0144skiej. Nab\u00f3r odbywa si\u0119 poza internetowym systemem rekrutacji. Najbli\u017csze dni otwarte odb\u0119d\u0105 si\u0119 w niedziel\u0119 29 maja oraz 12 czerwca o godz. 10.00. Szczeg\u00f3\u0142owe informacje na plakatach, a tak\u017ce na stronie internetowej: szkolyrzemiosl.edu.pl.<\/p>\n","protected":false},"excerpt":{"rendered":"<p>1. Dzi\u015b rozpoczynamy nowenn\u0119 do Maryi Wspomo\u017cycielki po\u0142\u0105czon\u0105 z nabo\u017ce\u0144stwem maryjnym o godz. 17.15. 2. We wtorek po Mszy wieczornej spotkanie z rozwa\u017caniem S\u0142owa Bo\u017cego. 3. W czwartek po Mszy wieczornej adoracja Naj\u015bwi\u0119tszego Sakramentu. 4. W sobot\u0119 o godz. 10.00 dzieci przyst\u0105pi\u0105 do pierwszej Spowiedzi \u015awi\u0119tej, a w niedziel\u0119 na [&hellip;]<\/p>\n","protected":false},"author":2,"featured_media":619,"comment_status":"open","ping_status":"open","sticky":false,"template":"","format":"standard","meta":{"footnotes":""},"categories":[2],"tags":[],"class_list":["post-623","post","type-post","status-publish","format-standard","has-post-thumbnail","hentry","category-aktualnosci"],"_links":{"self":[{"href":"https:\/\/wspomozycielka-lodz.pl\/index.php?rest_route=\/wp\/v2\/posts\/623","targetHints":{"allow":["GET"]}}],"collection":[{"href":"https:\/\/wspomozycielka-lodz.pl\/index.php?rest_route=\/wp\/v2\/posts"}],"about":[{"href":"https:\/\/wspomozycielka-lodz.pl\/index.php?rest_route=\/wp\/v2\/types\/post"}],"author":[{"embeddable":true,"href":"https:\/\/wspomozycielka-lodz.pl\/index.php?rest_route=\/wp\/v2\/users\/2"}],"replies":[{"embeddable":true,"href":"https:\/\/wspomozycielka-lodz.pl\/index.php?rest_route=%2Fwp%2Fv2%2Fcomments&post=623"}],"version-history":[{"count":1,"href":"https:\/\/wspomozycielka-lodz.pl\/index.php?rest_route=\/wp\/v2\/posts\/623\/revisions"}],"predecessor-version":[{"id":624,"href":"https:\/\/wspomozycielka-lodz.pl\/index.php?rest_route=\/wp\/v2\/posts\/623\/revisions\/624"}],"wp:featuredmedia":[{"embeddable":true,"href":"https:\/\/wspomozycielka-lodz.pl\/index.php?rest_route=\/wp\/v2\/media\/619"}],"wp:attachment":[{"href":"https:\/\/wspomozycielka-lodz.pl\/index.php?rest_route=%2Fwp%2Fv2%2Fmedia&parent=623"}],"wp:term":[{"taxonomy":"category","embeddable":true,"href":"https:\/\/wspomozycielka-lodz.pl\/index.php?rest_route=%2Fwp%2Fv2%2Fcategories&post=623"},{"taxonomy":"post_tag","embeddable":true,"href":"https:\/\/wspomozycielka-lodz.pl\/index.php?rest_route=%2Fwp%2Fv2%2Ftags&post=623"}],"curies":[{"name":"wp","href":"https:\/\/api.w.org\/{rel}","templated":true}]}}