{"id":621,"date":"2022-05-08T22:47:40","date_gmt":"2022-05-08T20:47:40","guid":{"rendered":"https:\/\/wspomozycielka-lodz.pl\/?p=621"},"modified":"2022-05-08T22:47:41","modified_gmt":"2022-05-08T20:47:41","slug":"ogloszenia-parafialne-08-05-2022","status":"publish","type":"post","link":"https:\/\/wspomozycielka-lodz.pl\/?p=621","title":{"rendered":"<strong>OG\u0141OSZENIA PARAFIALNE (08.05.2022)<\/strong><strong><\/strong>"},"content":{"rendered":"\n<p>1. Zach\u0119camy do uczestnictwa w nabo\u017ce\u0144stwach maryjnych o godz. 17.30.<\/p>\n\n\n\n<p>2. W poniedzia\u0142ek obchodzimy przeniesion\u0105 z niedzieli uroczysto\u015b\u0107 \u015bw. Stanis\u0142awa, biskupa i m\u0119czennika, g\u0142\u00f3wnego patrona Polski.<\/p>\n\n\n\n<p>3. We wtorek po Mszy wieczornej spotkanie z rozwa\u017caniem S\u0142owa Bo\u017cego.<\/p>\n\n\n\n<p>4. W czwartek po Mszy wieczornej adoracja Naj\u015bwi\u0119tszego Sakramentu.<\/p>\n\n\n\n<p>5. W pi\u0105tek czcimy \u015bw. Mari\u0119 Dominik\u0119 Mazzarello &#8211; wsp\u00f3\u0142za\u0142o\u017cycielk\u0119 si\u00f3str salezjanek.<\/p>\n\n\n\n<p>6. W sobot\u0119 na Mszy porannej modli\u0107 si\u0119 b\u0119dziemy za ks. Macieja Drewniaka z okazji jego imienin.<\/p>\n\n\n\n<p>7. Koronk\u0105 do Bo\u017cego mi\u0142osierdzia o godz. 15.00 Salezjanie Wsp\u00f3\u0142pracownicy rozpoczn\u0105 dzi\u015b \u015bwi\u0119towanie jubileuszu stulecia ich obecno\u015bci w dziele salezja\u0144skim przy ul. Wodnej.<\/p>\n\n\n\n<p>8. W sklepiku parafialnym mo\u017cna naby\u0107 pami\u0105tki pierwszokomunijne.<\/p>\n\n\n\n<p>9. Podczas zbi\u00f3rki na leczenie ma\u0142ego Leonka zosta\u0142a zebrana kwota 2970,80 z\u0142&nbsp; \u2013 poinformowali organizatorzy zbi\u00f3rki, kt\u00f3rzy przesy\u0142aj\u0105 swoje podzi\u0119kowania i prosz\u0105 o modlitw\u0119 w tej intencji.<\/p>\n\n\n\n<p>10. W przysz\u0142\u0105 niedziel\u0119 rozpoczniemy nowenn\u0119 do Maryi Wspomo\u017cycielki, po\u0142\u0105czon\u0105 z nabo\u017ce\u0144stwem maryjnym, o godz. 17.15. <\/p>\n\n\n\n<p>11. Z naszej wsp\u00f3lnoty parafialnej do wieczno\u015bci odesz\u0142a: Irena Bujnowicz, lat 64. <em>Wieczny odpoczynek racz jej da\u0107, Panie<\/em>&#8230;<\/p>\n","protected":false},"excerpt":{"rendered":"<p>1. Zach\u0119camy do uczestnictwa w nabo\u017ce\u0144stwach maryjnych o godz. 17.30. 2. W poniedzia\u0142ek obchodzimy przeniesion\u0105 z niedzieli uroczysto\u015b\u0107 \u015bw. Stanis\u0142awa, biskupa i m\u0119czennika, g\u0142\u00f3wnego patrona Polski. 3. We wtorek po Mszy wieczornej spotkanie z rozwa\u017caniem S\u0142owa Bo\u017cego. 4. W czwartek po Mszy wieczornej adoracja Naj\u015bwi\u0119tszego Sakramentu. 5. W pi\u0105tek czcimy [&hellip;]<\/p>\n","protected":false},"author":2,"featured_media":619,"comment_status":"open","ping_status":"open","sticky":false,"template":"","format":"standard","meta":{"footnotes":""},"categories":[2],"tags":[],"class_list":["post-621","post","type-post","status-publish","format-standard","has-post-thumbnail","hentry","category-aktualnosci"],"_links":{"self":[{"href":"https:\/\/wspomozycielka-lodz.pl\/index.php?rest_route=\/wp\/v2\/posts\/621","targetHints":{"allow":["GET"]}}],"collection":[{"href":"https:\/\/wspomozycielka-lodz.pl\/index.php?rest_route=\/wp\/v2\/posts"}],"about":[{"href":"https:\/\/wspomozycielka-lodz.pl\/index.php?rest_route=\/wp\/v2\/types\/post"}],"author":[{"embeddable":true,"href":"https:\/\/wspomozycielka-lodz.pl\/index.php?rest_route=\/wp\/v2\/users\/2"}],"replies":[{"embeddable":true,"href":"https:\/\/wspomozycielka-lodz.pl\/index.php?rest_route=%2Fwp%2Fv2%2Fcomments&post=621"}],"version-history":[{"count":1,"href":"https:\/\/wspomozycielka-lodz.pl\/index.php?rest_route=\/wp\/v2\/posts\/621\/revisions"}],"predecessor-version":[{"id":622,"href":"https:\/\/wspomozycielka-lodz.pl\/index.php?rest_route=\/wp\/v2\/posts\/621\/revisions\/622"}],"wp:featuredmedia":[{"embeddable":true,"href":"https:\/\/wspomozycielka-lodz.pl\/index.php?rest_route=\/wp\/v2\/media\/619"}],"wp:attachment":[{"href":"https:\/\/wspomozycielka-lodz.pl\/index.php?rest_route=%2Fwp%2Fv2%2Fmedia&parent=621"}],"wp:term":[{"taxonomy":"category","embeddable":true,"href":"https:\/\/wspomozycielka-lodz.pl\/index.php?rest_route=%2Fwp%2Fv2%2Fcategories&post=621"},{"taxonomy":"post_tag","embeddable":true,"href":"https:\/\/wspomozycielka-lodz.pl\/index.php?rest_route=%2Fwp%2Fv2%2Ftags&post=621"}],"curies":[{"name":"wp","href":"https:\/\/api.w.org\/{rel}","templated":true}]}}