{"id":618,"date":"2022-05-03T15:32:50","date_gmt":"2022-05-03T13:32:50","guid":{"rendered":"https:\/\/wspomozycielka-lodz.pl\/?p=618"},"modified":"2022-05-03T15:32:51","modified_gmt":"2022-05-03T13:32:51","slug":"ogloszenia-parafialne-01-05-2022","status":"publish","type":"post","link":"https:\/\/wspomozycielka-lodz.pl\/?p=618","title":{"rendered":"<strong>OG\u0141OSZENIA PARAFIALNE (01.05.2022)<\/strong><strong><\/strong>"},"content":{"rendered":"\n<p>1. Wraz z pocz\u0105tkiem maja rozpoczynamy nabo\u017ce\u0144stwa maryjne o godz. 17.30.<\/p>\n\n\n\n<p>2. We wtorek obchodzimy uroczysto\u015b\u0107 Naj\u015bwi\u0119tszej Maryi Panny Kr\u00f3lowej Polski. Msze \u015bwi\u0119te jak w niedziel\u0119. Na Mszy wieczornej modlimy si\u0119 za zmar\u0142ych polecanych w wypominkach. W ten wtorek nie b\u0119dzie spotkania z rozwa\u017caniem S\u0142owa Bo\u017cego.<\/p>\n\n\n\n<p>3. W \u015brod\u0119 na Mszy wieczornej modlimy si\u0119 za Dobrodziej\u00f3w naszej parafii i ca\u0142ego dzie\u0142a salezja\u0144skiego na Wodnej. Po Mszy \u015bw. spotkanie wsp\u00f3lnoty Wieczernika modlitwy za kap\u0142an\u00f3w.<\/p>\n\n\n\n<p>4. W czwartek na Mszy wieczornej modlimy si\u0119 za kap\u0142an\u00f3w pos\u0142uguj\u0105cych w naszej parafii i o nowe powo\u0142ania. W tym dniu czcimy \u015bw. Dominika Savio, patrona ministrant\u00f3w. Po Mszy \u015bw. adoracja Naj\u015bwi\u0119tszego Sakramentu.<\/p>\n\n\n\n<p>5. W pi\u0105tek od godz. 15.00 Godzina Mi\u0142osierdzia i adoracja Naj\u015bwi\u0119tszego Sakramentu. Po Mszy wieczornej spotkanie wsp\u00f3lnoty Stra\u017cy Honorowej NSPJ.<\/p>\n\n\n\n<p>6. W sobot\u0119 po Mszy porannej nabo\u017ce\u0144stwo maryjne. O godz. 19.00 r\u00f3\u017caniec prowadzony przez wsp\u00f3lnot\u0119 \u017bywego R\u00f3\u017ca\u0144ca z adoracj\u0105 do godz. 21.00.<\/p>\n\n\n\n<p>7. W przysz\u0142\u0105 niedziel\u0119 Salezjanie Wsp\u00f3\u0142pracownicy od godz. 15.00 b\u0119d\u0105 \u015bwi\u0119towa\u0107 sw\u00f3j jubileusz stulecia obecno\u015bci w dziele salezja\u0144skim przy ul. Wodnej. <\/p>\n\n\n\n<p>8. W sklepiku parafialnym mo\u017cna naby\u0107 pami\u0105tki pierwszokomunijne.<\/p>\n","protected":false},"excerpt":{"rendered":"<p>1. Wraz z pocz\u0105tkiem maja rozpoczynamy nabo\u017ce\u0144stwa maryjne o godz. 17.30. 2. We wtorek obchodzimy uroczysto\u015b\u0107 Naj\u015bwi\u0119tszej Maryi Panny Kr\u00f3lowej Polski. Msze \u015bwi\u0119te jak w niedziel\u0119. Na Mszy wieczornej modlimy si\u0119 za zmar\u0142ych polecanych w wypominkach. W ten wtorek nie b\u0119dzie spotkania z rozwa\u017caniem S\u0142owa Bo\u017cego. 3. W \u015brod\u0119 na [&hellip;]<\/p>\n","protected":false},"author":2,"featured_media":619,"comment_status":"open","ping_status":"open","sticky":false,"template":"","format":"standard","meta":{"footnotes":""},"categories":[2],"tags":[],"class_list":["post-618","post","type-post","status-publish","format-standard","has-post-thumbnail","hentry","category-aktualnosci"],"_links":{"self":[{"href":"https:\/\/wspomozycielka-lodz.pl\/index.php?rest_route=\/wp\/v2\/posts\/618","targetHints":{"allow":["GET"]}}],"collection":[{"href":"https:\/\/wspomozycielka-lodz.pl\/index.php?rest_route=\/wp\/v2\/posts"}],"about":[{"href":"https:\/\/wspomozycielka-lodz.pl\/index.php?rest_route=\/wp\/v2\/types\/post"}],"author":[{"embeddable":true,"href":"https:\/\/wspomozycielka-lodz.pl\/index.php?rest_route=\/wp\/v2\/users\/2"}],"replies":[{"embeddable":true,"href":"https:\/\/wspomozycielka-lodz.pl\/index.php?rest_route=%2Fwp%2Fv2%2Fcomments&post=618"}],"version-history":[{"count":1,"href":"https:\/\/wspomozycielka-lodz.pl\/index.php?rest_route=\/wp\/v2\/posts\/618\/revisions"}],"predecessor-version":[{"id":620,"href":"https:\/\/wspomozycielka-lodz.pl\/index.php?rest_route=\/wp\/v2\/posts\/618\/revisions\/620"}],"wp:featuredmedia":[{"embeddable":true,"href":"https:\/\/wspomozycielka-lodz.pl\/index.php?rest_route=\/wp\/v2\/media\/619"}],"wp:attachment":[{"href":"https:\/\/wspomozycielka-lodz.pl\/index.php?rest_route=%2Fwp%2Fv2%2Fmedia&parent=618"}],"wp:term":[{"taxonomy":"category","embeddable":true,"href":"https:\/\/wspomozycielka-lodz.pl\/index.php?rest_route=%2Fwp%2Fv2%2Fcategories&post=618"},{"taxonomy":"post_tag","embeddable":true,"href":"https:\/\/wspomozycielka-lodz.pl\/index.php?rest_route=%2Fwp%2Fv2%2Ftags&post=618"}],"curies":[{"name":"wp","href":"https:\/\/api.w.org\/{rel}","templated":true}]}}