{"id":610,"date":"2022-04-17T22:21:41","date_gmt":"2022-04-17T20:21:41","guid":{"rendered":"https:\/\/wspomozycielka-lodz.pl\/?p=610"},"modified":"2022-04-25T22:26:19","modified_gmt":"2022-04-25T20:26:19","slug":"ogloszenia-parafialne-17-04-2022","status":"publish","type":"post","link":"https:\/\/wspomozycielka-lodz.pl\/?p=610","title":{"rendered":"<strong>OG\u0141OSZENIA PARAFIALNE (17.04.2022)<\/strong><strong><\/strong>"},"content":{"rendered":"\n<p>1. Jutro drugi dzie\u0144 \u015bwi\u0105t wielkanocnych. Msze \u015bwi\u0119te jak w niedziel\u0119. Przez ca\u0142y tydzie\u0144 trwa\u0107 b\u0119dziemy w oktawie Wielkanocy. Z tej racji w najbli\u017cszy pi\u0105tek nie obowi\u0105zuje wstrzemi\u0119\u017aliwo\u015b\u0107 od pokarm\u00f3w mi\u0119snych.<\/p>\n\n\n\n<p>2. Trwamy te\u017c w nowennie do Bo\u017cego Mi\u0142osierdzia i do Maryi Wspomo\u017cycielki codziennie o 17.30.<\/p>\n\n\n\n<p>3. We wtorek po Mszy wieczornej spotkanie z rozwa\u017caniem S\u0142owa Bo\u017cego.<\/p>\n\n\n\n<p>4. W czwartek po Mszy wieczornej adoracja Naj\u015bwi\u0119tszego Sakramentu.<\/p>\n\n\n\n<p>5. Nast\u0119pna niedziela jest \u015bwi\u0119tem Mi\u0142osierdzia Bo\u017cego. Na godz. 15.00 zapraszamy na nabo\u017ce\u0144stwo ku czci Bo\u017cego Mi\u0142osierdzia, zako\u0144czone ho\u0142dem ku czci Maryi Wspomo\u017cycielki.<\/p>\n\n\n\n<p>6. W przysz\u0142\u0105 niedziel\u0119 b\u0119dzie spotkanie dla dzieci przygotowuj\u0105cych si\u0119 do pierwszej Komunii \u015awi\u0119tej i ich rodzic\u00f3w. Zapraszamy na godz. 11.30.<\/p>\n\n\n\n<p>7. Serdecznie dzi\u0119kuj\u0119 wszystkim uczestnicz\u0105cym we wsp\u00f3lnym prze\u017cywaniu \u015awi\u0119tego Triduum Paschalnego w naszej \u015bwi\u0105tyni, a zw\u0142aszcza tym, kt\u00f3rzy zaanga\u017cowali si\u0119 na r\u00f3\u017cnych p\u0142aszczyznach. Dzi\u0119kuj\u0119 moim wsp\u00f3\u0142braciom, salezjanom, za ich obecno\u015b\u0107, za pos\u0142ug\u0119 celebracji liturgii i nabo\u017ce\u0144stw, a tak\u017ce pos\u0142ug\u0119 w sakramencie pokuty i pojednania. Ks. Piotrowi dzi\u0119kuj\u0119 za przygotowanie s\u0142u\u017cby liturgicznej. Pani Ewie Pakulskiej i pani Zofii B\u0142awat dzi\u0119kuj\u0119 za przygotowanie ciemnicy i Grobu Pa\u0144skiego. Naszym m\u0142odym wsp\u00f3\u0142braciom Godfreyowi i Jackowi oraz aspirantowi Adamowi dzi\u0119kuj\u0119 za pomoc w przygotowaniu \u015bwi\u0105tyni i w liturgii. Dzi\u0119kuj\u0119 ca\u0142ej s\u0142u\u017cbie liturgicznej. Dzi\u0119kuj\u0119 panu organi\u015bcie Rados\u0142awowi i scholii m\u0142odzie\u017cowej za \u015bpiewy podczas Triduum. Dzi\u0119kuj\u0119 panu ko\u015bcielnemu Aleksandrowi. Dzi\u0119kuj\u0119 wszystkim zaanga\u017cowanym w procesj\u0119 rezurekcyjn\u0105. Niech Zmartwychwsta\u0142y wynagradza swoimi \u0142askami ka\u017cde dobro.<\/p>\n\n\n\n<p>8. Serdecznie dzi\u0119kuj\u0119 za wszelkie ofiary sk\u0142adane na kwiaty, wyst\u00f3j ko\u015bcio\u0142a i wszystko to, co jest potrzebne do liturgii podczas ca\u0142ego Triduum. <\/p>\n\n\n\n<p>9. Z naszej wsp\u00f3lnoty parafialnej do wieczno\u015bci odeszli: Ryszard Mencel, lat 90; Roman Tomalczyk, lat 68. <em>Wieczny odpoczynek racz im da\u0107, Panie<\/em>&#8230;<\/p>\n","protected":false},"excerpt":{"rendered":"<p>1. Jutro drugi dzie\u0144 \u015bwi\u0105t wielkanocnych. Msze \u015bwi\u0119te jak w niedziel\u0119. Przez ca\u0142y tydzie\u0144 trwa\u0107 b\u0119dziemy w oktawie Wielkanocy. Z tej racji w najbli\u017cszy pi\u0105tek nie obowi\u0105zuje wstrzemi\u0119\u017aliwo\u015b\u0107 od pokarm\u00f3w mi\u0119snych. 2. Trwamy te\u017c w nowennie do Bo\u017cego Mi\u0142osierdzia i do Maryi Wspomo\u017cycielki codziennie o 17.30. 3. We wtorek po [&hellip;]<\/p>\n","protected":false},"author":2,"featured_media":320,"comment_status":"open","ping_status":"open","sticky":false,"template":"","format":"standard","meta":{"footnotes":""},"categories":[2],"tags":[],"class_list":["post-610","post","type-post","status-publish","format-standard","has-post-thumbnail","hentry","category-aktualnosci"],"_links":{"self":[{"href":"https:\/\/wspomozycielka-lodz.pl\/index.php?rest_route=\/wp\/v2\/posts\/610","targetHints":{"allow":["GET"]}}],"collection":[{"href":"https:\/\/wspomozycielka-lodz.pl\/index.php?rest_route=\/wp\/v2\/posts"}],"about":[{"href":"https:\/\/wspomozycielka-lodz.pl\/index.php?rest_route=\/wp\/v2\/types\/post"}],"author":[{"embeddable":true,"href":"https:\/\/wspomozycielka-lodz.pl\/index.php?rest_route=\/wp\/v2\/users\/2"}],"replies":[{"embeddable":true,"href":"https:\/\/wspomozycielka-lodz.pl\/index.php?rest_route=%2Fwp%2Fv2%2Fcomments&post=610"}],"version-history":[{"count":2,"href":"https:\/\/wspomozycielka-lodz.pl\/index.php?rest_route=\/wp\/v2\/posts\/610\/revisions"}],"predecessor-version":[{"id":615,"href":"https:\/\/wspomozycielka-lodz.pl\/index.php?rest_route=\/wp\/v2\/posts\/610\/revisions\/615"}],"wp:featuredmedia":[{"embeddable":true,"href":"https:\/\/wspomozycielka-lodz.pl\/index.php?rest_route=\/wp\/v2\/media\/320"}],"wp:attachment":[{"href":"https:\/\/wspomozycielka-lodz.pl\/index.php?rest_route=%2Fwp%2Fv2%2Fmedia&parent=610"}],"wp:term":[{"taxonomy":"category","embeddable":true,"href":"https:\/\/wspomozycielka-lodz.pl\/index.php?rest_route=%2Fwp%2Fv2%2Fcategories&post=610"},{"taxonomy":"post_tag","embeddable":true,"href":"https:\/\/wspomozycielka-lodz.pl\/index.php?rest_route=%2Fwp%2Fv2%2Ftags&post=610"}],"curies":[{"name":"wp","href":"https:\/\/api.w.org\/{rel}","templated":true}]}}