{"id":608,"date":"2022-04-17T22:19:58","date_gmt":"2022-04-17T20:19:58","guid":{"rendered":"https:\/\/wspomozycielka-lodz.pl\/?p=608"},"modified":"2022-04-17T22:19:59","modified_gmt":"2022-04-17T20:19:59","slug":"intencje-mszalne-17-23-04-2022","status":"publish","type":"post","link":"https:\/\/wspomozycielka-lodz.pl\/?p=608","title":{"rendered":"<strong>INTENCJE MSZALNE (17-23.04.2022)<\/strong>"},"content":{"rendered":"\n<p><strong>Niedziela<\/strong><\/p>\n\n\n\n<p><a>6.00&nbsp;&nbsp;&nbsp; <\/a>Za parafian<\/p>\n\n\n\n<p>6.00&nbsp;&nbsp;&nbsp; W intencji przeb\u0142agalnej za grzechy Joanny, jej rodziny, krewnych i wszystkich przodk\u00f3w<\/p>\n\n\n\n<p>6.00&nbsp;&nbsp;&nbsp; + Micha\u0142 Stawowy, gr 16<\/p>\n\n\n\n<p>6.00&nbsp;&nbsp;&nbsp; + Anastazja Ciszek (17 rocz. \u015bm.)<\/p>\n\n\n\n<p>6.00&nbsp;&nbsp;&nbsp; Za zmar\u0142ych z rodziny \u017by\u017cniewskich, Rubanik\u00f3w, Sobirajskich; Adam Grochocki; Wiktor Kuchciak; Danuta Kaczmarek<\/p>\n\n\n\n<p>10.00&nbsp; + Jerzy, gr 14<\/p>\n\n\n\n<p>10.00&nbsp; O Bo\u017ce b\u0142ogos\u0142awie\u0144stwo i zdrowie dla J\u00f3zefa Wilka<\/p>\n\n\n\n<p>11.30&nbsp; O \u017cyw\u0105 wiar\u0119 dla Tomasza<\/p>\n\n\n\n<p>11.30&nbsp; + Krystyna, Zofia, Kazimierz, Jan Bartczakowie; Jan Ratajczyk; Jaros\u0142aw Rozpara; Ansdrzej Durski (int. od m\u0119\u017ca Piotra, c\u00f3rek i wnuk\u00f3w); Marek Kubiak<\/p>\n\n\n\n<p>11.30&nbsp; + S\u0142awomir Szczapi\u0144ski<\/p>\n\n\n\n<p>18.00&nbsp; + J\u00f3zef Wiaderny, gr 16<\/p>\n\n\n\n<p><strong>Poniedzia\u0142ek<\/strong><\/p>\n\n\n\n<p>8.30&nbsp;&nbsp;&nbsp; + Wac\u0142awa (f) i Wac\u0142aw Sanik<\/p>\n\n\n\n<p>W intencji przeb\u0142agalnej za grzechy Joanny, jej rodziny, krewnych i wszystkich przodk\u00f3w<\/p>\n\n\n\n<p>10.00&nbsp; + Jerzy, gr 15<\/p>\n\n\n\n<p>10.00&nbsp; + Kazimierz-Wojciech Lachor<\/p>\n\n\n\n<p>10.00&nbsp; + Zdzis\u0142aw Domaradzki<\/p>\n\n\n\n<p>11.30&nbsp; + Micha\u0142 Stawowy, gr 17<\/p>\n\n\n\n<p>11.30&nbsp; O Bo\u017ce b\u0142ogos\u0142awie\u0144stwo dla Bart\u0142omieja i El\u017cbiety oraz ich dzieci<\/p>\n\n\n\n<p>18.00&nbsp; + J\u00f3zef Wiaderny, gr 17<\/p>\n\n\n\n<p><strong>Wtorek<\/strong><\/p>\n\n\n\n<p><a>7.30&nbsp;&nbsp;&nbsp; <\/a>+ Jerzy, gr 16<\/p>\n\n\n\n<p>18.00&nbsp; Dzi\u0119kczynno-b\u0142agalna w 67 rocznic\u0119 chrztu Iwona i Paw\u0142a<\/p>\n\n\n\n<p>18.00&nbsp; W intencji przeb\u0142agalnej za grzechy Joanny, jej rodziny, krewnych i wszystkich przodk\u00f3w<\/p>\n\n\n\n<p>18.00&nbsp; + Micha\u0142 Stawowy, gr 18<\/p>\n\n\n\n<p>18.00&nbsp; + J\u00f3zef Wiaderny, gr 18<\/p>\n\n\n\n<p><strong>\u015aroda<\/strong><\/p>\n\n\n\n<p>7.30&nbsp;&nbsp;&nbsp; + Barbara Gajewska (int. od grona pedagogicznego i pracownik\u00f3w szko\u0142y)<\/p>\n\n\n\n<p>18.00&nbsp; W intencji przeb\u0142agalnej za grzechy Joanny, jej rodziny, krewnych i wszystkich przodk\u00f3w<\/p>\n\n\n\n<p>18.00&nbsp; + J\u00f3zef Wiaderny, gr 19<\/p>\n\n\n\n<p>18.00&nbsp; + Micha\u0142 Stawowy, gr 19<\/p>\n\n\n\n<p><strong>Czwartek<\/strong><\/p>\n\n\n\n<p>7.30&nbsp;&nbsp;&nbsp; + Jerzy, gr 18<\/p>\n\n\n\n<p>18.00&nbsp; W intencji przeb\u0142agalnej za grzechy Joanny, jej rodziny, krewnych i wszystkich przodk\u00f3w<\/p>\n\n\n\n<p>18.00&nbsp; + Lucyna Buczy\u0144ska (8 rocz. \u015bm.)<\/p>\n\n\n\n<p>18.00&nbsp; + Micha\u0142 Stawowy, gr 20<\/p>\n\n\n\n<p>18.00&nbsp; + J\u00f3zef Wiaderny, gr 20<\/p>\n\n\n\n<p><strong>Pi\u0105tek<\/strong><\/p>\n\n\n\n<p>7.30&nbsp;&nbsp;&nbsp; + Jerzy, gr 19<\/p>\n\n\n\n<p>18.00&nbsp; O Bo\u017ce b\u0142ogos\u0142awie\u0144stwo i opiek\u0119 Matki Bo\u017cej dla Piotra na drodze powo\u0142ania i w ca\u0142ym \u017cyciu<\/p>\n\n\n\n<p>18.00&nbsp; W intencji przeb\u0142agalnej za grzechy Joanny, jej rodziny, krewnych i wszystkich przodk\u00f3w<\/p>\n\n\n\n<p>18.00&nbsp; + Micha\u0142 Stawowy, gr 21<\/p>\n\n\n\n<p>18.00&nbsp; + J\u00f3zef Wiaderny, gr 21<\/p>\n\n\n\n<p><strong>Sobota<\/strong><\/p>\n\n\n\n<p>7.30&nbsp;&nbsp;&nbsp; W intencji przeb\u0142agalnej za grzechy Joanny, jej rodziny, krewnych i wszystkich przodk\u00f3w<\/p>\n\n\n\n<p>7.30&nbsp;&nbsp;&nbsp; + Micha\u0142 Stawowy, gr 22<\/p>\n\n\n\n<p>7.30&nbsp;&nbsp;&nbsp; + Cecylia Donifacy (41 rocz. \u015bm.)<\/p>\n\n\n\n<p>18.00&nbsp; + Mariola Marek<\/p>\n\n\n\n<p>18.00&nbsp; + Leokadia Maciejewska (15 rocz. \u015bm.)<\/p>\n\n\n\n<p>18.00\u00a0 + Ewa G\u00f3rska (9 rocz. \u015bm.) <\/p>\n\n\n\n<p>18.00\u00a0 + J\u00f3zef Wiaderny, gr 22<\/p>\n","protected":false},"excerpt":{"rendered":"<p>Niedziela 6.00&nbsp;&nbsp;&nbsp; Za parafian 6.00&nbsp;&nbsp;&nbsp; W intencji przeb\u0142agalnej za grzechy Joanny, jej rodziny, krewnych i wszystkich przodk\u00f3w 6.00&nbsp;&nbsp;&nbsp; + Micha\u0142 Stawowy, gr 16 6.00&nbsp;&nbsp;&nbsp; + Anastazja Ciszek (17 rocz. \u015bm.) 6.00&nbsp;&nbsp;&nbsp; Za zmar\u0142ych z rodziny \u017by\u017cniewskich, Rubanik\u00f3w, Sobirajskich; Adam Grochocki; Wiktor Kuchciak; Danuta Kaczmarek 10.00&nbsp; + Jerzy, gr 14 10.00&nbsp; [&hellip;]<\/p>\n","protected":false},"author":2,"featured_media":321,"comment_status":"open","ping_status":"open","sticky":false,"template":"","format":"standard","meta":{"footnotes":""},"categories":[2],"tags":[],"class_list":["post-608","post","type-post","status-publish","format-standard","has-post-thumbnail","hentry","category-aktualnosci"],"_links":{"self":[{"href":"https:\/\/wspomozycielka-lodz.pl\/index.php?rest_route=\/wp\/v2\/posts\/608","targetHints":{"allow":["GET"]}}],"collection":[{"href":"https:\/\/wspomozycielka-lodz.pl\/index.php?rest_route=\/wp\/v2\/posts"}],"about":[{"href":"https:\/\/wspomozycielka-lodz.pl\/index.php?rest_route=\/wp\/v2\/types\/post"}],"author":[{"embeddable":true,"href":"https:\/\/wspomozycielka-lodz.pl\/index.php?rest_route=\/wp\/v2\/users\/2"}],"replies":[{"embeddable":true,"href":"https:\/\/wspomozycielka-lodz.pl\/index.php?rest_route=%2Fwp%2Fv2%2Fcomments&post=608"}],"version-history":[{"count":1,"href":"https:\/\/wspomozycielka-lodz.pl\/index.php?rest_route=\/wp\/v2\/posts\/608\/revisions"}],"predecessor-version":[{"id":609,"href":"https:\/\/wspomozycielka-lodz.pl\/index.php?rest_route=\/wp\/v2\/posts\/608\/revisions\/609"}],"wp:featuredmedia":[{"embeddable":true,"href":"https:\/\/wspomozycielka-lodz.pl\/index.php?rest_route=\/wp\/v2\/media\/321"}],"wp:attachment":[{"href":"https:\/\/wspomozycielka-lodz.pl\/index.php?rest_route=%2Fwp%2Fv2%2Fmedia&parent=608"}],"wp:term":[{"taxonomy":"category","embeddable":true,"href":"https:\/\/wspomozycielka-lodz.pl\/index.php?rest_route=%2Fwp%2Fv2%2Fcategories&post=608"},{"taxonomy":"post_tag","embeddable":true,"href":"https:\/\/wspomozycielka-lodz.pl\/index.php?rest_route=%2Fwp%2Fv2%2Ftags&post=608"}],"curies":[{"name":"wp","href":"https:\/\/api.w.org\/{rel}","templated":true}]}}