{"id":606,"date":"2022-04-09T23:53:45","date_gmt":"2022-04-09T21:53:45","guid":{"rendered":"https:\/\/wspomozycielka-lodz.pl\/?p=606"},"modified":"2022-04-09T23:53:45","modified_gmt":"2022-04-09T21:53:45","slug":"ogloszenia-parafialne-10-04-2022","status":"publish","type":"post","link":"https:\/\/wspomozycielka-lodz.pl\/?p=606","title":{"rendered":"<strong>OG\u0141OSZENIA PARAFIALNE (10.04.2022)<\/strong><strong><\/strong>"},"content":{"rendered":"\n<p>1. Rozpoczynamy Wielki Tydzie\u0144, kt\u00f3rego kulminacj\u0105 b\u0119d\u0105 liturgie Triduum Paschalnego, upami\u0119tniaj\u0105ce najwa\u017cniejsze tajemnice naszej wiary \u2013 m\u0119ki, \u015bmierci i zmartwychwstania Jezusa Chrystusa. Serdecznie zach\u0119camy do uczestnictwa w tych liturgiach, zostawienia innych spraw i g\u0142\u0119bokiego zjednoczenia z Bogiem podczas tych najpi\u0119kniejszych celebracji w roku.<\/p>\n\n\n\n<p>2. Ostatnie Gorzkie \u017bale z kazaniem pasyjnym dzi\u015b o 17.15.<\/p>\n\n\n\n<p>3. W Wielki Wtorek po Mszy wieczornej spotkanie z rozwa\u017caniem S\u0142owa Bo\u017cego.<\/p>\n\n\n\n<p>4. W Wielki Czwartek nie b\u0119dzie Mszy porannej. O godz. 18.00 gromadzimy si\u0119 na Mszy Wieczerzy Pa\u0144skiej, zako\u0144czonej procesj\u0105 do miejsca przechowania Naj\u015bwi\u0119tszego Sakramentu (tzw. ciemnicy), gdzie trwa\u0107 b\u0119dzie adoracja do godz. 22.<\/p>\n\n\n\n<p>5. W Wielki Pi\u0105tek czuwanie modlitewne przy Naj\u015bwi\u0119tszym Sakramencie od godz. 7.00 do 18.00. Droga Krzy\u017cowa dla wszystkich o godz. 17.00, a po niej nowenna do Bo\u017cego Mi\u0142osierdzia i do Maryi Wspomo\u017cycielki. Liturgia M\u0119ki Pa\u0144skiej rozpocznie si\u0119 o godz. 18.00. Po Liturgii procesja z Naj\u015bwi\u0119tszym Sakramentem do Grobu Pa\u0144skiego i adoracja do godz. 22. Przypominamy, \u017ce od momentu adoracji Krzy\u017ca w czasie pi\u0105tkowej Liturgii a\u017c do Wigilii Paschalnej przechodz\u0105c przed krzy\u017cem nale\u017cy przykl\u0119kn\u0105\u0107. W Wielki Pi\u0105tek obowi\u0105zuje nas wstrzemi\u0119\u017aliwo\u015b\u0107 od pokarm\u00f3w mi\u0119snych dla wszystkich powy\u017cej 14. roku \u017cycia oraz post \u015bcis\u0142y (ilo\u015bciowy) dla os\u00f3b od 18 do 60. roku \u017cycia.<\/p>\n\n\n\n<p>6. W Wielk\u0105 Sobot\u0119 adoracja Naj\u015bwi\u0119tszego Sakramentu przy Grobie Pa\u0144skim od godz. 7.00 do 16.00. Po\u015bwi\u0119cenie pokarm\u00f3w od 8.30 do 16.00. Ch\u0119tnych do pomocy w posprz\u0105taniu i przygotowaniu ko\u015bcio\u0142a na uroczysto\u015b\u0107 Zmartwychwstania zapraszamy o godz. 16.00. Uroczysta Wigilia Paschalna Zmartwychwstania Pa\u0144skiego rozpocznie si\u0119 o godz. 20.00. Przypominamy o zabraniu ze sob\u0105 \u015bwiec na Wigili\u0119 Paschaln\u0105, podczas kt\u00f3rej odnowimy przyrzeczenia chrzcielne.<\/p>\n\n\n\n<p>7. W Wielki Pi\u0105tek i Wielk\u0105 Sobot\u0119 o godz. 7.30 zapraszamy do wsp\u00f3lnej modlitwy Jutrzni i Godziny Czyta\u0144. W sobot\u0119 po tej modlitwie b\u0119dzie nowenna do Bo\u017cego Mi\u0142osierdzia i Maryi Wspomo\u017cycielki.<\/p>\n\n\n\n<p>8. W Wielki Pi\u0105tek od 8.00 do 18.00 i w Wielk\u0105 Sobot\u0119 od 8.00 do 16.00 b\u0119dzie mo\u017cna skorzysta\u0107 z sakramentu pokuty i pojednania.<\/p>\n\n\n\n<p>9. Nast\u0119pna niedziela jest uroczysto\u015bci\u0105 Zmartwychwstania Pa\u0144skiego. Msza rezurekcyjna o godz. 6.00 z procesj\u0105 po ulicach naszej parafii. Kolejne Msze \u015bw. w uroczysto\u015b\u0107 Zmartwychwstania Pa\u0144skiego o godz. 10.00, 11.30 i 18.00. O godz. 17.30 nowenna do Bo\u017cego Mi\u0142osierdzia i Maryi Wspomo\u017cycielki.<\/p>\n\n\n\n<p>10. Serdeczne podzi\u0119kowania:<\/p>\n\n\n\n<ul class=\"wp-block-list\"><li>dla ks. Dariusza i wszystkich zaanga\u017cowanych w przygotowanie Misterium M\u0119ki Pa\u0144skiej;<\/li><li>dla brata Grzegorza za odnowienie krzese\u0142 w prezbiterium i siedze\u0144 w konfesjona\u0142ach;<\/li><li>dla pana Tomasza Kusyka za pomoc w remontach i wypo\u017cyczenie rusztowania &#8211; malowanie prezbiterium kosztowa\u0142o 16 tys. z\u0142;<\/li><li>dla tych, kt\u00f3rzy zaanga\u017cowali si\u0119 w przed\u015bwi\u0105teczne mycie okien w ko\u015bciele;<\/li><li>dla salezjan\u00f3w wsp\u00f3\u0142pracownik\u00f3w za przygotowanie palemek na dzisiejsz\u0105 niedziel\u0119;<\/li><\/ul>\n\n\n\n<p>Niech B\u00f3g wynagradza wszelkie dobro. W intencji wszystkich dobrodziej\u00f3w naszej parafii ofiarujemy Msze \u015bw. w ka\u017cd\u0105 pierwsz\u0105 \u015brod\u0119 miesi\u0105ca.<\/p>\n\n\n\n<p>11. Przypominamy, \u017ce dzi\u015b o godz. 15.00 w auli szkolnej (pod ko\u015bcio\u0142em) b\u0119dzie Misterium \u015amierci i Zmartwychwstania Jezusa Chrystusa w wykonaniu klarety\u0144skiej grupy pantomimicznej Iventus Dei. <\/p>\n\n\n\n<p>12. Z naszej wsp\u00f3lnoty parafialnej do wieczno\u015bci odesz\u0142a: Marta Tomporowska, lat 35. <em>Wieczny odpoczynek racz jej da\u0107, Panie<\/em>&#8230;<\/p>\n","protected":false},"excerpt":{"rendered":"<p>1. Rozpoczynamy Wielki Tydzie\u0144, kt\u00f3rego kulminacj\u0105 b\u0119d\u0105 liturgie Triduum Paschalnego, upami\u0119tniaj\u0105ce najwa\u017cniejsze tajemnice naszej wiary \u2013 m\u0119ki, \u015bmierci i zmartwychwstania Jezusa Chrystusa. Serdecznie zach\u0119camy do uczestnictwa w tych liturgiach, zostawienia innych spraw i g\u0142\u0119bokiego zjednoczenia z Bogiem podczas tych najpi\u0119kniejszych celebracji w roku. 2. Ostatnie Gorzkie \u017bale z kazaniem pasyjnym [&hellip;]<\/p>\n","protected":false},"author":2,"featured_media":320,"comment_status":"open","ping_status":"open","sticky":false,"template":"","format":"standard","meta":{"footnotes":""},"categories":[2],"tags":[],"class_list":["post-606","post","type-post","status-publish","format-standard","has-post-thumbnail","hentry","category-aktualnosci"],"_links":{"self":[{"href":"https:\/\/wspomozycielka-lodz.pl\/index.php?rest_route=\/wp\/v2\/posts\/606","targetHints":{"allow":["GET"]}}],"collection":[{"href":"https:\/\/wspomozycielka-lodz.pl\/index.php?rest_route=\/wp\/v2\/posts"}],"about":[{"href":"https:\/\/wspomozycielka-lodz.pl\/index.php?rest_route=\/wp\/v2\/types\/post"}],"author":[{"embeddable":true,"href":"https:\/\/wspomozycielka-lodz.pl\/index.php?rest_route=\/wp\/v2\/users\/2"}],"replies":[{"embeddable":true,"href":"https:\/\/wspomozycielka-lodz.pl\/index.php?rest_route=%2Fwp%2Fv2%2Fcomments&post=606"}],"version-history":[{"count":1,"href":"https:\/\/wspomozycielka-lodz.pl\/index.php?rest_route=\/wp\/v2\/posts\/606\/revisions"}],"predecessor-version":[{"id":607,"href":"https:\/\/wspomozycielka-lodz.pl\/index.php?rest_route=\/wp\/v2\/posts\/606\/revisions\/607"}],"wp:featuredmedia":[{"embeddable":true,"href":"https:\/\/wspomozycielka-lodz.pl\/index.php?rest_route=\/wp\/v2\/media\/320"}],"wp:attachment":[{"href":"https:\/\/wspomozycielka-lodz.pl\/index.php?rest_route=%2Fwp%2Fv2%2Fmedia&parent=606"}],"wp:term":[{"taxonomy":"category","embeddable":true,"href":"https:\/\/wspomozycielka-lodz.pl\/index.php?rest_route=%2Fwp%2Fv2%2Fcategories&post=606"},{"taxonomy":"post_tag","embeddable":true,"href":"https:\/\/wspomozycielka-lodz.pl\/index.php?rest_route=%2Fwp%2Fv2%2Ftags&post=606"}],"curies":[{"name":"wp","href":"https:\/\/api.w.org\/{rel}","templated":true}]}}