{"id":604,"date":"2022-04-09T23:50:32","date_gmt":"2022-04-09T21:50:32","guid":{"rendered":"https:\/\/wspomozycielka-lodz.pl\/?p=604"},"modified":"2022-04-09T23:50:32","modified_gmt":"2022-04-09T21:50:32","slug":"intencje-mszalne-10-16-04-2022","status":"publish","type":"post","link":"https:\/\/wspomozycielka-lodz.pl\/?p=604","title":{"rendered":"<strong>INTENCJE MSZALNE (10-16.04.2022)<\/strong>"},"content":{"rendered":"\n<p><strong>Niedziela<\/strong><\/p>\n\n\n\n<p><a>8.30&nbsp;&nbsp;&nbsp; <\/a>Dzi\u0119kczynno-b\u0142agalna w intencji Micha\u0142a przez wstawiennictwo Matki Bo\u017cej i \u015bw. J\u00f3zefa z pro\u015bb\u0105 o Bo\u017ce b\u0142ogos\u0142awie\u0144stwo i wype\u0142nienie woli Bo\u017cej w \u017cyciu jego i rodziny<\/p>\n\n\n\n<p>8.30&nbsp;&nbsp;&nbsp; W intencji przeb\u0142agalnej za grzechy Joanny, jej rodziny, krewnych i wszystkich przodk\u00f3w<\/p>\n\n\n\n<p>8.30&nbsp;&nbsp;&nbsp; W intencji Bogu wiadomej<\/p>\n\n\n\n<p>10.00&nbsp; Za parafian<\/p>\n\n\n\n<p>10.00&nbsp; + Jerzy, gr 8<\/p>\n\n\n\n<p>10.00&nbsp; + Henryka (f) G\u0142usi\u0144ska<\/p>\n\n\n\n<p>11.30&nbsp; W intencji Salezjan\u00f3w Wsp\u00f3\u0142pracownik\u00f3w, a szczeg\u00f3lnie solenizant\u00f3w<\/p>\n\n\n\n<p>11.30&nbsp; O Bo\u017ce b\u0142ogos\u0142awie\u0144stwo dla El\u017cbiety i jej rodziny<\/p>\n\n\n\n<p>11.30&nbsp; + Zofia Kowalska<\/p>\n\n\n\n<p>11.30&nbsp; + Krystyna i Henryk Karosowie<\/p>\n\n\n\n<p>18.00&nbsp; + J\u00f3zef Wiaderny, gr 10<\/p>\n\n\n\n<p>18.00&nbsp; + Micha\u0142 Stawowy, gr 10<\/p>\n\n\n\n<p>18.00&nbsp; + Sebastian Zawadzki (1 rocz. \u015bm.)<\/p>\n\n\n\n<p><strong>Poniedzia\u0142ek<\/strong><\/p>\n\n\n\n<p>7.30&nbsp;&nbsp;&nbsp; Dzi\u0119kczynno-b\u0142agalna w intencji Micha\u0142a przez wstawiennictwo Matki Bo\u017cej i \u015bw. J\u00f3zefa z pro\u015bb\u0105 o Bo\u017ce b\u0142ogos\u0142awie\u0144stwo i wype\u0142nienie woli Bo\u017cej w \u017cyciu jego i rodziny<\/p>\n\n\n\n<p>7.30&nbsp;&nbsp;&nbsp; + Jerzy, gr 9<\/p>\n\n\n\n<p>7.30&nbsp;&nbsp;&nbsp; + W\u0142odzimierz Pi\u0105tkowski<\/p>\n\n\n\n<p>18.00&nbsp; W intencji przeb\u0142agalnej za grzechy Joanny, jej rodziny, krewnych i wszystkich przodk\u00f3w<\/p>\n\n\n\n<p>18.00&nbsp; W intencji Bogu wiadomej<\/p>\n\n\n\n<p>18.00&nbsp; + Micha\u0142 Stawowy, gr 11<\/p>\n\n\n\n<p>18.00&nbsp; + J\u00f3zef Wiaderny, gr 11<\/p>\n\n\n\n<p><strong>Wtorek<\/strong><\/p>\n\n\n\n<p><a>7.30&nbsp;&nbsp;&nbsp; <\/a>+ Jerzy, gr 10<\/p>\n\n\n\n<p>7.30&nbsp;&nbsp;&nbsp; + Ewa G\u0119sicka<\/p>\n\n\n\n<p>18.00&nbsp; W intencji przeb\u0142agalnej za grzechy Joanny, jej rodziny, krewnych i wszystkich przodk\u00f3w<\/p>\n\n\n\n<p>18.00&nbsp; W intencji Bogu wiadomej<\/p>\n\n\n\n<p>18.00&nbsp; + siostra Maria, salezjanka (4 rocz. \u015bm.)<\/p>\n\n\n\n<p>18.00&nbsp; + Micha\u0142 Stawowy, gr 12<\/p>\n\n\n\n<p>18.00&nbsp; + J\u00f3zef Wiaderny, gr 12<\/p>\n\n\n\n<p><strong>\u015aroda<\/strong><\/p>\n\n\n\n<p>7.30&nbsp;&nbsp;&nbsp; W intencji Damiana o Bo\u017ce b\u0142ogos\u0142awie\u0144stwo, potrzebne \u0142aski i opiek\u0119 Matki Bo\u017cej i anio\u0142\u00f3w<\/p>\n\n\n\n<p>7.30&nbsp;&nbsp;&nbsp; + Jerzy, gr 11<\/p>\n\n\n\n<p>7.30&nbsp;&nbsp;&nbsp; + Stefan Podp\u0142o\u0144ski<\/p>\n\n\n\n<p>18.00&nbsp; W intencji przeb\u0142agalnej za grzechy Joanny, jej rodziny, krewnych i wszystkich przodk\u00f3w<\/p>\n\n\n\n<p>18.00&nbsp; W intencji Bogu wiadomej<\/p>\n\n\n\n<p>18.00&nbsp; + Micha\u0142 Stawowy, gr 13<\/p>\n\n\n\n<p>18.00&nbsp; + J\u00f3zef Wiaderny, gr 13<\/p>\n\n\n\n<p><strong>Czwartek<\/strong><\/p>\n\n\n\n<p>18.00&nbsp; W intencji przeb\u0142agalnej za grzechy Joanny, jej rodziny, krewnych i wszystkich przodk\u00f3w<\/p>\n\n\n\n<p>18.00&nbsp; W intencji Bogu wiadomej<\/p>\n\n\n\n<p>18.00&nbsp; + Micha\u0142 Stawowy, gr 14<\/p>\n\n\n\n<p>18.00&nbsp; + J\u00f3zef Wiaderny, gr 14<\/p>\n\n\n\n<p>18.00&nbsp; + Janina i Wac\u0142aw<\/p>\n\n\n\n<p>18.00&nbsp; + Anna Walas<\/p>\n\n\n\n<p>18.00&nbsp; + Jerzy, gr 12<\/p>\n\n\n\n<p><strong>Pi\u0105tek<\/strong><\/p>\n\n\n\n<p><em>Liturgia M\u0119ki Pa\u0144skiej<\/em><\/p>\n\n\n\n<p><strong>Sobota<\/strong><\/p>\n\n\n\n<p>20.00&nbsp; W intencji przeb\u0142agalnej za grzechy Joanny, jej rodziny, krewnych i wszystkich przodk\u00f3w<\/p>\n\n\n\n<p>20.00&nbsp; W intencji Bogu wiadomej<\/p>\n\n\n\n<p>20.00\u00a0 + Micha\u0142 Stawowy, gr 15 <\/p>\n\n\n\n<p>20.00\u00a0 + J\u00f3zef Wiaderny, gr 15<\/p>\n","protected":false},"excerpt":{"rendered":"<p>Niedziela 8.30&nbsp;&nbsp;&nbsp; Dzi\u0119kczynno-b\u0142agalna w intencji Micha\u0142a przez wstawiennictwo Matki Bo\u017cej i \u015bw. J\u00f3zefa z pro\u015bb\u0105 o Bo\u017ce b\u0142ogos\u0142awie\u0144stwo i wype\u0142nienie woli Bo\u017cej w \u017cyciu jego i rodziny 8.30&nbsp;&nbsp;&nbsp; W intencji przeb\u0142agalnej za grzechy Joanny, jej rodziny, krewnych i wszystkich przodk\u00f3w 8.30&nbsp;&nbsp;&nbsp; W intencji Bogu wiadomej 10.00&nbsp; Za parafian 10.00&nbsp; + [&hellip;]<\/p>\n","protected":false},"author":2,"featured_media":321,"comment_status":"open","ping_status":"open","sticky":false,"template":"","format":"standard","meta":{"footnotes":""},"categories":[2],"tags":[],"class_list":["post-604","post","type-post","status-publish","format-standard","has-post-thumbnail","hentry","category-aktualnosci"],"_links":{"self":[{"href":"https:\/\/wspomozycielka-lodz.pl\/index.php?rest_route=\/wp\/v2\/posts\/604","targetHints":{"allow":["GET"]}}],"collection":[{"href":"https:\/\/wspomozycielka-lodz.pl\/index.php?rest_route=\/wp\/v2\/posts"}],"about":[{"href":"https:\/\/wspomozycielka-lodz.pl\/index.php?rest_route=\/wp\/v2\/types\/post"}],"author":[{"embeddable":true,"href":"https:\/\/wspomozycielka-lodz.pl\/index.php?rest_route=\/wp\/v2\/users\/2"}],"replies":[{"embeddable":true,"href":"https:\/\/wspomozycielka-lodz.pl\/index.php?rest_route=%2Fwp%2Fv2%2Fcomments&post=604"}],"version-history":[{"count":1,"href":"https:\/\/wspomozycielka-lodz.pl\/index.php?rest_route=\/wp\/v2\/posts\/604\/revisions"}],"predecessor-version":[{"id":605,"href":"https:\/\/wspomozycielka-lodz.pl\/index.php?rest_route=\/wp\/v2\/posts\/604\/revisions\/605"}],"wp:featuredmedia":[{"embeddable":true,"href":"https:\/\/wspomozycielka-lodz.pl\/index.php?rest_route=\/wp\/v2\/media\/321"}],"wp:attachment":[{"href":"https:\/\/wspomozycielka-lodz.pl\/index.php?rest_route=%2Fwp%2Fv2%2Fmedia&parent=604"}],"wp:term":[{"taxonomy":"category","embeddable":true,"href":"https:\/\/wspomozycielka-lodz.pl\/index.php?rest_route=%2Fwp%2Fv2%2Fcategories&post=604"},{"taxonomy":"post_tag","embeddable":true,"href":"https:\/\/wspomozycielka-lodz.pl\/index.php?rest_route=%2Fwp%2Fv2%2Ftags&post=604"}],"curies":[{"name":"wp","href":"https:\/\/api.w.org\/{rel}","templated":true}]}}