{"id":602,"date":"2022-04-02T20:34:31","date_gmt":"2022-04-02T18:34:31","guid":{"rendered":"https:\/\/wspomozycielka-lodz.pl\/?p=602"},"modified":"2022-04-02T20:34:31","modified_gmt":"2022-04-02T18:34:31","slug":"ogloszenia-parafialne-03-04-2022","status":"publish","type":"post","link":"https:\/\/wspomozycielka-lodz.pl\/?p=602","title":{"rendered":"<strong>OG\u0141OSZENIA PARAFIALNE (03.04.2022)<\/strong><strong><\/strong>"},"content":{"rendered":"\n<p>1. We wtorek na Mszy wieczornej modlimy si\u0119 za zmar\u0142ych polecanych w wypominkach. Po Mszy wieczornej spotkanie z rozwa\u017caniem S\u0142owa Bo\u017cego.<\/p>\n\n\n\n<p>2. W \u015brod\u0119 na Mszy wieczornej modlimy si\u0119 za Dobrodziej\u00f3w naszej parafii i ca\u0142ego dzie\u0142a salezja\u0144skiego na Wodnej.<\/p>\n\n\n\n<p>3. W czwartek na Mszy wieczornej modlimy si\u0119 za kap\u0142an\u00f3w pos\u0142uguj\u0105cych w naszej parafii i o nowe powo\u0142ania. Po Mszy \u015bw. adoracja Naj\u015bwi\u0119tszego Sakramentu.<\/p>\n\n\n\n<p>4. Przysz\u0142a niedziela to Niedziela Palmowa. Msz\u0119 \u015bw. o godz. 11.30 rozpoczniemy procesj\u0105 z palmami sprzed wej\u015bcia do ko\u015bcio\u0142a.<\/p>\n\n\n\n<p>5. W przysz\u0142\u0105 niedziel\u0119 po Mszy o 11.30 b\u0119dzie spotkanie Salezjan\u00f3w Wsp\u00f3\u0142pracownik\u00f3w.<\/p>\n\n\n\n<p>6. Nabo\u017ce\u0144stwa wielkopostne:<\/p>\n\n\n\n<ul class=\"wp-block-list\"><li>Droga Krzy\u017cowa w pi\u0105tki: dla dzieci o 16.30; dla doros\u0142ych o 17.15; dla m\u0142odzie\u017cy o 19.30.<\/li><li>Gorzkie \u017bale z kazaniem pasyjnym w niedziele o 17.15.<\/li><\/ul>\n\n\n\n<p>7. Przy wej\u015bciu do ko\u015bcio\u0142a Salezjanie Wsp\u00f3\u0142pracownicy zbieraj\u0105 do puszki ofiary na kwiaty do Grobu Pa\u0144skiego, za kt\u00f3re serdecznie dzi\u0119kujemy.<\/p>\n\n\n\n<p>8. Je\u015bli kto\u015b chcia\u0142by pom\u00f3c w przed\u015bwi\u0105tecznym myciu okien w ko\u015bciele, zapraszamy w sobot\u0119 na godz. 10.00.<\/p>\n\n\n\n<p>9. W przysz\u0142\u0105 niedziel\u0119 o godz. 15.00 w auli szkolnej (pod ko\u015bcio\u0142em) b\u0119dzie Misterium \u015amierci i Zmartwychwstania Jezusa Chrystusa w wykonaniu klarety\u0144skiej grupy pantomimicznej Iventus Dei. <\/p>\n\n\n\n<p>10. Z naszej wsp\u00f3lnoty parafialnej do wieczno\u015bci odeszli: S\u0142awomir Szczepi\u0144ski, lat 64; J\u00f3zef Buczy\u0144ski, lat 95; Gra\u017cyna Skrobiranda-Szutowicz, lat 61. <em>Wieczny odpoczynek racz im da\u0107, Panie<\/em>&#8230;<\/p>\n","protected":false},"excerpt":{"rendered":"<p>1. We wtorek na Mszy wieczornej modlimy si\u0119 za zmar\u0142ych polecanych w wypominkach. Po Mszy wieczornej spotkanie z rozwa\u017caniem S\u0142owa Bo\u017cego. 2. W \u015brod\u0119 na Mszy wieczornej modlimy si\u0119 za Dobrodziej\u00f3w naszej parafii i ca\u0142ego dzie\u0142a salezja\u0144skiego na Wodnej. 3. W czwartek na Mszy wieczornej modlimy si\u0119 za kap\u0142an\u00f3w pos\u0142uguj\u0105cych [&hellip;]<\/p>\n","protected":false},"author":2,"featured_media":320,"comment_status":"open","ping_status":"open","sticky":false,"template":"","format":"standard","meta":{"footnotes":""},"categories":[2],"tags":[],"class_list":["post-602","post","type-post","status-publish","format-standard","has-post-thumbnail","hentry","category-aktualnosci"],"_links":{"self":[{"href":"https:\/\/wspomozycielka-lodz.pl\/index.php?rest_route=\/wp\/v2\/posts\/602","targetHints":{"allow":["GET"]}}],"collection":[{"href":"https:\/\/wspomozycielka-lodz.pl\/index.php?rest_route=\/wp\/v2\/posts"}],"about":[{"href":"https:\/\/wspomozycielka-lodz.pl\/index.php?rest_route=\/wp\/v2\/types\/post"}],"author":[{"embeddable":true,"href":"https:\/\/wspomozycielka-lodz.pl\/index.php?rest_route=\/wp\/v2\/users\/2"}],"replies":[{"embeddable":true,"href":"https:\/\/wspomozycielka-lodz.pl\/index.php?rest_route=%2Fwp%2Fv2%2Fcomments&post=602"}],"version-history":[{"count":1,"href":"https:\/\/wspomozycielka-lodz.pl\/index.php?rest_route=\/wp\/v2\/posts\/602\/revisions"}],"predecessor-version":[{"id":603,"href":"https:\/\/wspomozycielka-lodz.pl\/index.php?rest_route=\/wp\/v2\/posts\/602\/revisions\/603"}],"wp:featuredmedia":[{"embeddable":true,"href":"https:\/\/wspomozycielka-lodz.pl\/index.php?rest_route=\/wp\/v2\/media\/320"}],"wp:attachment":[{"href":"https:\/\/wspomozycielka-lodz.pl\/index.php?rest_route=%2Fwp%2Fv2%2Fmedia&parent=602"}],"wp:term":[{"taxonomy":"category","embeddable":true,"href":"https:\/\/wspomozycielka-lodz.pl\/index.php?rest_route=%2Fwp%2Fv2%2Fcategories&post=602"},{"taxonomy":"post_tag","embeddable":true,"href":"https:\/\/wspomozycielka-lodz.pl\/index.php?rest_route=%2Fwp%2Fv2%2Ftags&post=602"}],"curies":[{"name":"wp","href":"https:\/\/api.w.org\/{rel}","templated":true}]}}