{"id":600,"date":"2022-04-02T20:33:17","date_gmt":"2022-04-02T18:33:17","guid":{"rendered":"https:\/\/wspomozycielka-lodz.pl\/?p=600"},"modified":"2022-04-02T20:33:17","modified_gmt":"2022-04-02T18:33:17","slug":"intencje-mszalne-3-9-04-2022","status":"publish","type":"post","link":"https:\/\/wspomozycielka-lodz.pl\/?p=600","title":{"rendered":"<strong>INTENCJE MSZALNE (3-9.04.2022)<\/strong>"},"content":{"rendered":"\n<p><strong>Niedziela<\/strong><\/p>\n\n\n\n<p><a>8.30&nbsp;&nbsp;&nbsp; <\/a>W intencji przeb\u0142agalnej za grzechy Joanny, jej rodziny, krewnych i wszystkich przodk\u00f3w<\/p>\n\n\n\n<p>8.30&nbsp;&nbsp;&nbsp; Dzi\u0119kczynno-b\u0142agalna w intencji Micha\u0142a przez wstawiennictwo Matki Bo\u017cej i \u015bw. J\u00f3zefa z pro\u015bb\u0105 o Bo\u017ce b\u0142ogos\u0142awie\u0144stwo i wype\u0142nienie woli Bo\u017cej w \u017cyciu jego i rodziny<\/p>\n\n\n\n<p>8.30&nbsp;&nbsp;&nbsp; + Wac\u0142aw i Wac\u0142awa (f) Sanik<\/p>\n\n\n\n<p>10.00&nbsp; W intencji Bart\u0142omieja z okazji 18 rocznicy urodzin<\/p>\n\n\n\n<p>10.00&nbsp; + Krzysztof \u017bukowski, gr 29<\/p>\n\n\n\n<p>10.00&nbsp; + Bernard i Alicja S\u0142omczewscy, gr 29<\/p>\n\n\n\n<p>11.30&nbsp; O zdrowie i Bo\u017ce b\u0142ogos\u0142awie\u0144stwo dla Ma\u0142gorzaty oraz dla Maryli w dniu urodzin<\/p>\n\n\n\n<p>11.30&nbsp; O Bo\u017ce b\u0142ogos\u0142awie\u0144stwo dla Weroniki i jej rodziny<\/p>\n\n\n\n<p>18.00&nbsp; + Micha\u0142 Stawowy, gr 3<\/p>\n\n\n\n<p>18.00&nbsp; + J\u00f3zef Wiaderny, gr 3<\/p>\n\n\n\n<p><strong>Poniedzia\u0142ek<\/strong><\/p>\n\n\n\n<p>7.30&nbsp;&nbsp;&nbsp; O Bo\u017ce b\u0142ogos\u0142awie\u0144stwo, dary Ducha \u015awi\u0119tego, zdrowie i szcz\u0119\u015bcie dla rodziny Nasi\u0142owskich, Niemirk\u00f3w i Jadwigi<\/p>\n\n\n\n<p>7.30&nbsp;&nbsp;&nbsp; Dzi\u0119kczynno-b\u0142agalna w intencji Micha\u0142a przez wstawiennictwo Matki Bo\u017cej i \u015bw. J\u00f3zefa z pro\u015bb\u0105 o Bo\u017ce b\u0142ogos\u0142awie\u0144stwo i wype\u0142nienie woli Bo\u017cej w \u017cyciu jego i rodziny<\/p>\n\n\n\n<p>7.30&nbsp;&nbsp;&nbsp; + Bernard i Alicja S\u0142omczewscy, gr 30<\/p>\n\n\n\n<p>7.30&nbsp;&nbsp;&nbsp; + Krzysztof \u017bukowski, gr 30<\/p>\n\n\n\n<p>18.00&nbsp; W intencji przeb\u0142agalnej za grzechy Joanny, jej rodziny, krewnych i wszystkich przodk\u00f3w<\/p>\n\n\n\n<p>18.00&nbsp; + Micha\u0142 Stawowy, gr 4<\/p>\n\n\n\n<p>18.00&nbsp; + J\u00f3zef Wiaderny, gr 4<\/p>\n\n\n\n<p><strong>Wtorek<\/strong><\/p>\n\n\n\n<p><a>7.30&nbsp;&nbsp;&nbsp; <\/a>O Bo\u017ce b\u0142ogos\u0142awie\u0144stwo, dary Ducha \u015awi\u0119tego, zdrowie i szcz\u0119\u015bcie dla rodziny Nasi\u0142owskich, Niemirk\u00f3w i Jadwigi<\/p>\n\n\n\n<p>7.30&nbsp;&nbsp;&nbsp; Dzi\u0119kczynno-b\u0142agalna w intencji Micha\u0142a przez wstawiennictwo Matki Bo\u017cej i \u015bw. J\u00f3zefa z pro\u015bb\u0105 o Bo\u017ce b\u0142ogos\u0142awie\u0144stwo i wype\u0142nienie woli Bo\u017cej w \u017cyciu jego i rodziny<\/p>\n\n\n\n<p>18.00&nbsp; W intencji przeb\u0142agalnej za grzechy Joanny, jej rodziny, krewnych i wszystkich przodk\u00f3w<\/p>\n\n\n\n<p>18.00&nbsp; Za zmar\u0142ych polecanych w wypominkach<\/p>\n\n\n\n<p>18.00&nbsp; + Micha\u0142 Stawowy, gr 5<\/p>\n\n\n\n<p>18.00&nbsp; + J\u00f3zef Wiaderny, gr 5<\/p>\n\n\n\n<p><strong>\u015aroda<\/strong><\/p>\n\n\n\n<p>7.30&nbsp;&nbsp;&nbsp; O Bo\u017ce b\u0142ogos\u0142awie\u0144stwo, dary Ducha \u015awi\u0119tego, zdrowie i szcz\u0119\u015bcie dla rodziny Nasi\u0142owskich, Niemirk\u00f3w i Jadwigi<\/p>\n\n\n\n<p>7.30&nbsp;&nbsp;&nbsp; Dzi\u0119kczynno-b\u0142agalna w intencji Micha\u0142a przez wstawiennictwo Matki Bo\u017cej i \u015bw. J\u00f3zefa z pro\u015bb\u0105 o Bo\u017ce b\u0142ogos\u0142awie\u0144stwo i wype\u0142nienie woli Bo\u017cej w \u017cyciu jego i rodziny<\/p>\n\n\n\n<p>7.30&nbsp;&nbsp;&nbsp; + Jerzy, gr 4<\/p>\n\n\n\n<p>7.30&nbsp;&nbsp;&nbsp; + Micha\u0142 Stawowy, gr 6<\/p>\n\n\n\n<p>18.00&nbsp; W intencji Dobrodziej\u00f3w parafii i dzie\u0142a salezja\u0144skiego na Wodnej<\/p>\n\n\n\n<p>18.00&nbsp; W intencji przeb\u0142agalnej za grzechy Joanny, jej rodziny, krewnych i wszystkich przodk\u00f3w<\/p>\n\n\n\n<p>18.00&nbsp; + J\u00f3zef Wiaderny, gr 6<\/p>\n\n\n\n<p>18.00&nbsp; + Bo\u017cena Ciechulska (1 rocz. \u015bm.)<\/p>\n\n\n\n<p><strong>Czwartek<\/strong><\/p>\n\n\n\n<p>7.30&nbsp;&nbsp;&nbsp; O Bo\u017ce b\u0142ogos\u0142awie\u0144stwo, dary Ducha \u015awi\u0119tego, zdrowie i szcz\u0119\u015bcie dla rodziny Nasi\u0142owskich, Niemirk\u00f3w i Jadwigi<\/p>\n\n\n\n<p>7.30&nbsp;&nbsp;&nbsp; + Jerzy, gr 5<\/p>\n\n\n\n<p>18.00&nbsp; Dzi\u0119kczynno-b\u0142agalna w intencji Micha\u0142a przez wstawiennictwo Matki Bo\u017cej i \u015bw. J\u00f3zefa z pro\u015bb\u0105 o Bo\u017ce b\u0142ogos\u0142awie\u0144stwo i wype\u0142nienie woli Bo\u017cej w \u017cyciu jego i rodziny<\/p>\n\n\n\n<p>18.00&nbsp; W intencji przeb\u0142agalnej za grzechy Joanny, jej rodziny, krewnych i wszystkich przodk\u00f3w<\/p>\n\n\n\n<p>18.00&nbsp; W intencji kap\u0142an\u00f3w pos\u0142uguj\u0105cych w naszej parafii i o nowe powo\u0142ania kap\u0142a\u0144skie, zakonne i misyjne<\/p>\n\n\n\n<p>18.00&nbsp; + Micha\u0142 Stawowy, gr 7<\/p>\n\n\n\n<p>18.00&nbsp; + J\u00f3zef Wiaderny, gr 7<\/p>\n\n\n\n<p><strong>Pi\u0105tek<\/strong><\/p>\n\n\n\n<p><a>7.30&nbsp;&nbsp;&nbsp; <\/a>O intronizacj\u0119 Serca Jezusowego w rodzinach, w ojczy\u017anie i w ka\u017cdym sercu oraz o beatyfikacj\u0119 S\u0142u\u017cebnicy Bo\u017cej Rozalii Celak\u00f3wny<\/p>\n\n\n\n<p>7.30&nbsp;&nbsp;&nbsp; Dzi\u0119kczynno-b\u0142agalna w intencji Micha\u0142a przez wstawiennictwo Matki Bo\u017cej i \u015bw. J\u00f3zefa z pro\u015bb\u0105 o Bo\u017ce b\u0142ogos\u0142awie\u0144stwo i wype\u0142nienie woli Bo\u017cej w \u017cyciu jego i rodziny<\/p>\n\n\n\n<p>18.00&nbsp; W intencji Bogu wiadomej<\/p>\n\n\n\n<p>18.00&nbsp; W intencji przeb\u0142agalnej za grzechy Joanny, jej rodziny, krewnych i wszystkich przodk\u00f3w<\/p>\n\n\n\n<p>18.00&nbsp; + Micha\u0142 Stawowy, gr 8<\/p>\n\n\n\n<p>18.00&nbsp; + J\u00f3zef Wiaderny, gr 8<\/p>\n\n\n\n<p><strong>Sobota<\/strong><\/p>\n\n\n\n<p>7.30&nbsp;&nbsp;&nbsp; Dzi\u0119kczynno-b\u0142agalna w intencji Micha\u0142a przez wstawiennictwo Matki Bo\u017cej i \u015bw. J\u00f3zefa z pro\u015bb\u0105 o Bo\u017ce b\u0142ogos\u0142awie\u0144stwo i wype\u0142nienie woli Bo\u017cej w \u017cyciu jego i rodziny<\/p>\n\n\n\n<p>7.30&nbsp;&nbsp;&nbsp; W intencji przeb\u0142agalnej za grzechy Joanny, jej rodziny, krewnych i wszystkich przodk\u00f3w<\/p>\n\n\n\n<p>7.30&nbsp;&nbsp;&nbsp; + Micha\u0142 Stawowy, gr 9<\/p>\n\n\n\n<p>7.30&nbsp;&nbsp;&nbsp; + Bo\u017cena Czy\u017cak<\/p>\n\n\n\n<p>7.30&nbsp;&nbsp;&nbsp; + Jerzy, gr 7<\/p>\n\n\n\n<p>18.00&nbsp; O Bo\u017ce b\u0142ogos\u0142awie\u0144stwo i potrzebne \u0142aski dla Mieczys\u0142awa z okazji urodzin<\/p>\n\n\n\n<p>18.00&nbsp; W intencji Bogu wiadomej<\/p>\n\n\n\n<p>18.00\u00a0 + Jadwiga Woszczyk <\/p>\n\n\n\n<p>18.00\u00a0 + J\u00f3zef Wiaderny, gr 9<\/p>\n","protected":false},"excerpt":{"rendered":"<p>Niedziela 8.30&nbsp;&nbsp;&nbsp; W intencji przeb\u0142agalnej za grzechy Joanny, jej rodziny, krewnych i wszystkich przodk\u00f3w 8.30&nbsp;&nbsp;&nbsp; Dzi\u0119kczynno-b\u0142agalna w intencji Micha\u0142a przez wstawiennictwo Matki Bo\u017cej i \u015bw. J\u00f3zefa z pro\u015bb\u0105 o Bo\u017ce b\u0142ogos\u0142awie\u0144stwo i wype\u0142nienie woli Bo\u017cej w \u017cyciu jego i rodziny 8.30&nbsp;&nbsp;&nbsp; + Wac\u0142aw i Wac\u0142awa (f) Sanik 10.00&nbsp; W intencji [&hellip;]<\/p>\n","protected":false},"author":2,"featured_media":321,"comment_status":"open","ping_status":"open","sticky":false,"template":"","format":"standard","meta":{"footnotes":""},"categories":[2],"tags":[],"class_list":["post-600","post","type-post","status-publish","format-standard","has-post-thumbnail","hentry","category-aktualnosci"],"_links":{"self":[{"href":"https:\/\/wspomozycielka-lodz.pl\/index.php?rest_route=\/wp\/v2\/posts\/600","targetHints":{"allow":["GET"]}}],"collection":[{"href":"https:\/\/wspomozycielka-lodz.pl\/index.php?rest_route=\/wp\/v2\/posts"}],"about":[{"href":"https:\/\/wspomozycielka-lodz.pl\/index.php?rest_route=\/wp\/v2\/types\/post"}],"author":[{"embeddable":true,"href":"https:\/\/wspomozycielka-lodz.pl\/index.php?rest_route=\/wp\/v2\/users\/2"}],"replies":[{"embeddable":true,"href":"https:\/\/wspomozycielka-lodz.pl\/index.php?rest_route=%2Fwp%2Fv2%2Fcomments&post=600"}],"version-history":[{"count":1,"href":"https:\/\/wspomozycielka-lodz.pl\/index.php?rest_route=\/wp\/v2\/posts\/600\/revisions"}],"predecessor-version":[{"id":601,"href":"https:\/\/wspomozycielka-lodz.pl\/index.php?rest_route=\/wp\/v2\/posts\/600\/revisions\/601"}],"wp:featuredmedia":[{"embeddable":true,"href":"https:\/\/wspomozycielka-lodz.pl\/index.php?rest_route=\/wp\/v2\/media\/321"}],"wp:attachment":[{"href":"https:\/\/wspomozycielka-lodz.pl\/index.php?rest_route=%2Fwp%2Fv2%2Fmedia&parent=600"}],"wp:term":[{"taxonomy":"category","embeddable":true,"href":"https:\/\/wspomozycielka-lodz.pl\/index.php?rest_route=%2Fwp%2Fv2%2Fcategories&post=600"},{"taxonomy":"post_tag","embeddable":true,"href":"https:\/\/wspomozycielka-lodz.pl\/index.php?rest_route=%2Fwp%2Fv2%2Ftags&post=600"}],"curies":[{"name":"wp","href":"https:\/\/api.w.org\/{rel}","templated":true}]}}