{"id":597,"date":"2022-03-29T11:10:20","date_gmt":"2022-03-29T09:10:20","guid":{"rendered":"https:\/\/wspomozycielka-lodz.pl\/?p=597"},"modified":"2022-03-29T11:10:49","modified_gmt":"2022-03-29T09:10:49","slug":"ogloszenia-parafialne27-03-2022","status":"publish","type":"post","link":"https:\/\/wspomozycielka-lodz.pl\/?p=597","title":{"rendered":"OG\u0141OSZENIA PARAFIALNE <strong>(27.03.2022)<\/strong>"},"content":{"rendered":"\n<p>1. We wtorek po Mszy wieczornej spotkanie z rozwa\u017caniem S\u0142owa Bo\u017cego.<\/p>\n\n\n\n<p>2. W \u015brod\u0119 po Mszy wieczornej, czyli ok. 18.45, zapraszamy ch\u0119tnych do udzia\u0142u w spotkaniu synodalnym po\u015bwi\u0119conym dyskusji o naszym do\u015bwiadczeniu wsp\u00f3lnoty Ko\u015bcio\u0142a, do jakiej jeste\u015bmy zaproszeni w Duchu \u015awi\u0119tym.<\/p>\n\n\n\n<p>3. W czwartek po Mszy wieczornej adoracja Naj\u015bwi\u0119tszego Sakramentu.<\/p>\n\n\n\n<p>4. W pi\u0105tek od godz. 15.00 Godzina Mi\u0142osierdzia i adoracja Naj\u015bwi\u0119tszego Sakramentu. Po Mszy wieczornej spotkanie wsp\u00f3lnoty Stra\u017cy Honorowej NSPJ.<\/p>\n\n\n\n<p>5. W sobot\u0119 po Mszy porannej nabo\u017ce\u0144stwo maryjne. O godz. 17.00 r\u00f3\u017caniec prowadzony przez wsp\u00f3lnot\u0119 \u017bywego R\u00f3\u017ca\u0144ca.<\/p>\n\n\n\n<p>6. Nabo\u017ce\u0144stwa wielkopostne:<\/p>\n\n\n\n<ul class=\"wp-block-list\"><li>Droga Krzy\u017cowa w pi\u0105tki: dla dzieci o 16.30; dla doros\u0142ych o 17.15; dla m\u0142odzie\u017cy o 19.30.<\/li><li>Gorzkie \u017bale z kazaniem pasyjnym w niedziele o 17.15.<\/li><\/ul>\n\n\n\n<p>7. Dzi\u015b po Mszy mo\u017cna z\u0142o\u017cy\u0107 ofiar\u0119 do puszki na Radio Maryja.<\/p>\n\n\n\n<p>8. W sobot\u0119 zapraszamy na przestawienie o Pi\u0105tce Pozna\u0144skiej \u2013 b\u0142ogos\u0142awionych m\u0119czennikach z salezja\u0144skiego oratorium, w auli szkolnej o godz. 19.00.<\/p>\n\n\n\n<p>9. Konferencja Episkopatu Polski wraz z Caritas Polska zapraszaj\u0105 do udzia\u0142u w akcji na rzecz potrzebuj\u0105cych \u201ePaczka dla Ukrainy\u201d. W gronie rodziny, przyjaci\u00f3\u0142, s\u0105siad\u00f3w, znajomych mo\u017cna przygotowa\u0107 paczk\u0119 dla ukrai\u0144skiej rodziny wype\u0142nion\u0105 odpowiednimi produktami. Szczeg\u00f3\u0142owe informacje o sposobie przygotowania takiej paczki znajduj\u0105 si\u0119 w gablocie. Spakowan\u0105 paczk\u0119 mo\u017cna zanie\u015b\u0107 do parafii lub Punktu Pomocy Charytatywnej Caritas w \u0141odzi, przy ul. W\u00f3lcza\u0144skiej 108. <\/p>\n\n\n\n<p>9. Z naszej wsp\u00f3lnoty parafialnej do wieczno\u015bci odesz\u0142y: Stefania Nowak, lat 88; Halina Ulczycka, lat 90. <em>Wieczny odpoczynek racz im da\u0107, Panie<\/em>&#8230;<\/p>\n\n\n\n<p><\/p>\n","protected":false},"excerpt":{"rendered":"<p>1. We wtorek po Mszy wieczornej spotkanie z rozwa\u017caniem S\u0142owa Bo\u017cego. 2. W \u015brod\u0119 po Mszy wieczornej, czyli ok. 18.45, zapraszamy ch\u0119tnych do udzia\u0142u w spotkaniu synodalnym po\u015bwi\u0119conym dyskusji o naszym do\u015bwiadczeniu wsp\u00f3lnoty Ko\u015bcio\u0142a, do jakiej jeste\u015bmy zaproszeni w Duchu \u015awi\u0119tym. 3. W czwartek po Mszy wieczornej adoracja Naj\u015bwi\u0119tszego Sakramentu. [&hellip;]<\/p>\n","protected":false},"author":2,"featured_media":320,"comment_status":"open","ping_status":"open","sticky":false,"template":"","format":"standard","meta":{"footnotes":""},"categories":[2],"tags":[],"class_list":["post-597","post","type-post","status-publish","format-standard","has-post-thumbnail","hentry","category-aktualnosci"],"_links":{"self":[{"href":"https:\/\/wspomozycielka-lodz.pl\/index.php?rest_route=\/wp\/v2\/posts\/597","targetHints":{"allow":["GET"]}}],"collection":[{"href":"https:\/\/wspomozycielka-lodz.pl\/index.php?rest_route=\/wp\/v2\/posts"}],"about":[{"href":"https:\/\/wspomozycielka-lodz.pl\/index.php?rest_route=\/wp\/v2\/types\/post"}],"author":[{"embeddable":true,"href":"https:\/\/wspomozycielka-lodz.pl\/index.php?rest_route=\/wp\/v2\/users\/2"}],"replies":[{"embeddable":true,"href":"https:\/\/wspomozycielka-lodz.pl\/index.php?rest_route=%2Fwp%2Fv2%2Fcomments&post=597"}],"version-history":[{"count":2,"href":"https:\/\/wspomozycielka-lodz.pl\/index.php?rest_route=\/wp\/v2\/posts\/597\/revisions"}],"predecessor-version":[{"id":599,"href":"https:\/\/wspomozycielka-lodz.pl\/index.php?rest_route=\/wp\/v2\/posts\/597\/revisions\/599"}],"wp:featuredmedia":[{"embeddable":true,"href":"https:\/\/wspomozycielka-lodz.pl\/index.php?rest_route=\/wp\/v2\/media\/320"}],"wp:attachment":[{"href":"https:\/\/wspomozycielka-lodz.pl\/index.php?rest_route=%2Fwp%2Fv2%2Fmedia&parent=597"}],"wp:term":[{"taxonomy":"category","embeddable":true,"href":"https:\/\/wspomozycielka-lodz.pl\/index.php?rest_route=%2Fwp%2Fv2%2Fcategories&post=597"},{"taxonomy":"post_tag","embeddable":true,"href":"https:\/\/wspomozycielka-lodz.pl\/index.php?rest_route=%2Fwp%2Fv2%2Ftags&post=597"}],"curies":[{"name":"wp","href":"https:\/\/api.w.org\/{rel}","templated":true}]}}