{"id":595,"date":"2022-03-29T11:08:01","date_gmt":"2022-03-29T09:08:01","guid":{"rendered":"https:\/\/wspomozycielka-lodz.pl\/?p=595"},"modified":"2022-03-29T11:08:02","modified_gmt":"2022-03-29T09:08:02","slug":"intencje-mszalne-27-03-02-04-2022","status":"publish","type":"post","link":"https:\/\/wspomozycielka-lodz.pl\/?p=595","title":{"rendered":"<strong>INTENCJE MSZALNE (27.03-02.04.2022)<\/strong>"},"content":{"rendered":"\n<p><\/p>\n\n\n\n<p><strong>Niedziela<\/strong><\/p>\n\n\n\n<p><a>8.30&nbsp;&nbsp;&nbsp; <\/a>O Bo\u017ce b\u0142ogos\u0142awie\u0144stwo, opiek\u0119 Matki Naj\u015bwi\u0119tszej i \u017cycie zgodne z Ewangeli\u0105 dla rodziny<\/p>\n\n\n\n<p>8.30&nbsp;&nbsp;&nbsp; + Ludwika Trojanowska (43 rocz. \u015bm.) oraz jej zmarli rodzice i rodze\u0144stwo<\/p>\n\n\n\n<p>8.30&nbsp;&nbsp;&nbsp; W intencji przeb\u0142agalnej za grzechy Joanny, jej rodziny, krewnych i wszystkich przodk\u00f3w<\/p>\n\n\n\n<p>8.30&nbsp;&nbsp;&nbsp; W intencji wszystkich przodk\u00f3w, krewnych \u017cyj\u0105cych i zmar\u0142ych Joanny &#8211; o z\u0142amanie wszystkich przekle\u0144stw i czar\u00f3w<\/p>\n\n\n\n<p>10.00&nbsp; + Bernard i Alicja S\u0142omczewscy, gr 22<\/p>\n\n\n\n<p>10.00&nbsp; + Krzysztof \u017bukowski, gr 22<\/p>\n\n\n\n<p>11.30&nbsp; Za parafian<\/p>\n\n\n\n<p>11.30&nbsp; + Barbara Gajewska, gr 27<\/p>\n\n\n\n<p>11.30&nbsp; + Marta Lot<\/p>\n\n\n\n<p>18.00&nbsp; W intencji Filipa o Bo\u017ce b\u0142ogos\u0142awie\u0144stwo i potrzebne \u0142aski w dniu urodzin<\/p>\n\n\n\n<p>18.00&nbsp; + Roman Bajerski, gr 13<\/p>\n\n\n\n<p><strong>Poniedzia\u0142ek<\/strong><\/p>\n\n\n\n<p>7.30&nbsp;&nbsp;&nbsp; + Barbara Gajewska, gr 28<\/p>\n\n\n\n<p>7.30&nbsp;&nbsp;&nbsp; + Bernard i Alicja S\u0142omczewscy, gr 23<\/p>\n\n\n\n<p>7.30&nbsp;&nbsp;&nbsp; + Krzysztof \u017bukowski, gr 23<\/p>\n\n\n\n<p>18.00&nbsp; W intencji przeb\u0142agalnej za grzechy Joanny, jej rodziny, krewnych i wszystkich przodk\u00f3w<\/p>\n\n\n\n<p>18.00&nbsp; W intencji wszystkich przodk\u00f3w, krewnych \u017cyj\u0105cych i zmar\u0142ych Joanny &#8211; o z\u0142amanie wszystkich przekle\u0144stw i czar\u00f3w<\/p>\n\n\n\n<p>18.00&nbsp; W intencji Waldemara o uwolnienie z na\u0142ogu i potrzebne \u0142aski<\/p>\n\n\n\n<p>18.00&nbsp; + Roman Bajerski, gr 28<\/p>\n\n\n\n<p><strong>Wtorek<\/strong><\/p>\n\n\n\n<p><a>7.30&nbsp;&nbsp;&nbsp; <\/a>+ Barbara Gajewska, gr 29<\/p>\n\n\n\n<p>7.30&nbsp;&nbsp;&nbsp; + Bernard i Alicja S\u0142omczewscy, gr 24<\/p>\n\n\n\n<p>7.30&nbsp;&nbsp;&nbsp; + Krzysztof \u017bukowski, gr 24<\/p>\n\n\n\n<p>18.00&nbsp; Dzi\u0119kczynno-b\u0142agalna w 41 rocznic\u0119 chrztu Filipa i 40 rocznic\u0119 chrztu Jana<\/p>\n\n\n\n<p>18.00&nbsp; W intencji przeb\u0142agalnej za grzechy Joanny, jej rodziny, krewnych i wszystkich przodk\u00f3w<\/p>\n\n\n\n<p>18.00&nbsp; W intencji wszystkich przodk\u00f3w, krewnych \u017cyj\u0105cych i zmar\u0142ych Joanny &#8211; o z\u0142amanie wszystkich przekle\u0144stw i czar\u00f3w<\/p>\n\n\n\n<p>18.00&nbsp; + Roman Bajerski, gr 29<\/p>\n\n\n\n<p><strong>\u015aroda<\/strong><\/p>\n\n\n\n<p>7.30&nbsp;&nbsp;&nbsp; + Barbara Gajewska, gr 30<\/p>\n\n\n\n<p>7.30&nbsp;&nbsp;&nbsp; + Bernard i Alicja S\u0142omczewscy, gr 25<\/p>\n\n\n\n<p>7.30&nbsp;&nbsp;&nbsp; + Krzysztof \u017bukowski, gr 25<\/p>\n\n\n\n<p>18.00&nbsp; W intencji przeb\u0142agalnej za grzechy Joanny, jej rodziny, krewnych i wszystkich przodk\u00f3w<\/p>\n\n\n\n<p>18.00&nbsp; W intencji wszystkich przodk\u00f3w, krewnych \u017cyj\u0105cych i zmar\u0142ych Joanny &#8211; o z\u0142amanie wszystkich przekle\u0144stw i czar\u00f3w<\/p>\n\n\n\n<p>18.00&nbsp; + Roman Bajerski, gr 30<\/p>\n\n\n\n<p><strong>Czwartek<\/strong><\/p>\n\n\n\n<p>7.30&nbsp;&nbsp;&nbsp; + Bo\u017cena Czy\u017cak<\/p>\n\n\n\n<p>7.30&nbsp;&nbsp;&nbsp; + Bernard i Alicja S\u0142omczewscy, gr 26<\/p>\n\n\n\n<p>7.30&nbsp;&nbsp;&nbsp; + Krzysztof \u017bukowski, gr 26<\/p>\n\n\n\n<p>18.00&nbsp; W intencji Mateusza o potrzebne \u0142aski<\/p>\n\n\n\n<p>18.00&nbsp; W intencji przeb\u0142agalnej za grzechy Joanny, jej rodziny, krewnych i wszystkich przodk\u00f3w<\/p>\n\n\n\n<p>18.00&nbsp; W intencji wszystkich przodk\u00f3w, krewnych \u017cyj\u0105cych i zmar\u0142ych Joanny &#8211; o z\u0142amanie wszystkich przekle\u0144stw i czar\u00f3w<\/p>\n\n\n\n<p>18.00&nbsp; + Jan Wr\u00f3bel (25 rocz. \u015bm.); Tadeusz Ska\u0142ban (38 rocz. \u015bm.); Feliks, Marianna i J\u00f3zef Wr\u00f3bel; dusze w czy\u015b\u0107cu cierpi\u0105ce<\/p>\n\n\n\n<p><strong>Pi\u0105tek<\/strong><\/p>\n\n\n\n<p><a>7.30&nbsp;&nbsp;&nbsp; <\/a>Dzi\u0119kczynno-b\u0142agalna do Naj\u015bwi\u0119tszego Serca Pana Jezusa<\/p>\n\n\n\n<p>7.30&nbsp;&nbsp;&nbsp; + Micha\u0142 Stawowy, gr 1<\/p>\n\n\n\n<p>7.30&nbsp;&nbsp;&nbsp; + Bernard i Alicja S\u0142omczewscy, gr 27<\/p>\n\n\n\n<p>7.30&nbsp;&nbsp;&nbsp; + Krzysztof \u017bukowski, gr 27<\/p>\n\n\n\n<p>7.30&nbsp;&nbsp;&nbsp; W intencji Joanny i Roberta o \u0142ask\u0119 wiary, uzdrowienie i Bo\u017ce b\u0142ogos\u0142awie\u0144stwo<\/p>\n\n\n\n<p>18.00&nbsp; O wzrost duchowy i liczebny cz\u0142onk\u00f3w Stra\u017cy Honorowej NSJ oraz o zdrowie i potrzebne \u0142aski dla ksi\u0119dza opiekuna<\/p>\n\n\n\n<p>18.00&nbsp; W intencji przeb\u0142agalnej za grzechy Joanny, jej rodziny, krewnych i wszystkich przodk\u00f3w<\/p>\n\n\n\n<p>18.00&nbsp; Wynagradzaj\u0105ca za pope\u0142nione grzechy aborcji w rodzinie<\/p>\n\n\n\n<p>18.00&nbsp; + J\u00f3zef Wiaderny, gr 1<\/p>\n\n\n\n<p><strong>Sobota<\/strong><\/p>\n\n\n\n<p>7.30&nbsp;&nbsp;&nbsp; W intencji zmar\u0142ych i \u017cyj\u0105cych cz\u0142onk\u00f3w \u017bywej R\u00f3\u017cy<\/p>\n\n\n\n<p>7.30&nbsp;&nbsp;&nbsp; Wynagradzaj\u0105ca Niepokalanemu Sercu Maryi i Naj\u015bwi\u0119tszemu Sercu Jezusa za zniewagi, jakich doznaj\u0105 od przeciwnik\u00f3w Ko\u015bcio\u0142a \u015bwi\u0119tego<\/p>\n\n\n\n<p>7.30&nbsp;&nbsp;&nbsp; O \u015bwi\u0119te rodziny w naszej parafii i ojczy\u017anie przez wstawiennictwo Matki Bo\u017cej<\/p>\n\n\n\n<p>7.30&nbsp;&nbsp;&nbsp; Wynagradzaj\u0105ca Niepokalanemu Sercu Maryi za grzechy rodziny i o dalsz\u0105 opiek\u0119 Matki Bo\u017cej<\/p>\n\n\n\n<p>7.30&nbsp;&nbsp;&nbsp; W intencji przeb\u0142agalnej za grzechy Joanny, jej rodziny, krewnych i wszystkich przodk\u00f3w;<\/p>\n\n\n\n<p>7.30&nbsp;&nbsp;&nbsp; + Micha\u0142 Stawowy, gr 2<\/p>\n\n\n\n<p>7.30&nbsp;&nbsp;&nbsp; + Bernard i Alicja S\u0142omczewscy, gr 28<\/p>\n\n\n\n<p>18.00&nbsp; + Krzysztof \u017bukowski, gr 28<\/p>\n\n\n\n<p>18.00\u00a0 + J\u00f3zef Wiaderny, gr 2 <\/p>\n\n\n\n<p>18.00\u00a0 W intencji Roberta o nawr\u00f3cenie i wszelkie potrzebne \u0142aski w dniu urodzin<\/p>\n","protected":false},"excerpt":{"rendered":"<p>Niedziela 8.30&nbsp;&nbsp;&nbsp; O Bo\u017ce b\u0142ogos\u0142awie\u0144stwo, opiek\u0119 Matki Naj\u015bwi\u0119tszej i \u017cycie zgodne z Ewangeli\u0105 dla rodziny 8.30&nbsp;&nbsp;&nbsp; + Ludwika Trojanowska (43 rocz. \u015bm.) oraz jej zmarli rodzice i rodze\u0144stwo 8.30&nbsp;&nbsp;&nbsp; W intencji przeb\u0142agalnej za grzechy Joanny, jej rodziny, krewnych i wszystkich przodk\u00f3w 8.30&nbsp;&nbsp;&nbsp; W intencji wszystkich przodk\u00f3w, krewnych \u017cyj\u0105cych i zmar\u0142ych [&hellip;]<\/p>\n","protected":false},"author":2,"featured_media":321,"comment_status":"open","ping_status":"open","sticky":false,"template":"","format":"standard","meta":{"footnotes":""},"categories":[2],"tags":[],"class_list":["post-595","post","type-post","status-publish","format-standard","has-post-thumbnail","hentry","category-aktualnosci"],"_links":{"self":[{"href":"https:\/\/wspomozycielka-lodz.pl\/index.php?rest_route=\/wp\/v2\/posts\/595","targetHints":{"allow":["GET"]}}],"collection":[{"href":"https:\/\/wspomozycielka-lodz.pl\/index.php?rest_route=\/wp\/v2\/posts"}],"about":[{"href":"https:\/\/wspomozycielka-lodz.pl\/index.php?rest_route=\/wp\/v2\/types\/post"}],"author":[{"embeddable":true,"href":"https:\/\/wspomozycielka-lodz.pl\/index.php?rest_route=\/wp\/v2\/users\/2"}],"replies":[{"embeddable":true,"href":"https:\/\/wspomozycielka-lodz.pl\/index.php?rest_route=%2Fwp%2Fv2%2Fcomments&post=595"}],"version-history":[{"count":1,"href":"https:\/\/wspomozycielka-lodz.pl\/index.php?rest_route=\/wp\/v2\/posts\/595\/revisions"}],"predecessor-version":[{"id":596,"href":"https:\/\/wspomozycielka-lodz.pl\/index.php?rest_route=\/wp\/v2\/posts\/595\/revisions\/596"}],"wp:featuredmedia":[{"embeddable":true,"href":"https:\/\/wspomozycielka-lodz.pl\/index.php?rest_route=\/wp\/v2\/media\/321"}],"wp:attachment":[{"href":"https:\/\/wspomozycielka-lodz.pl\/index.php?rest_route=%2Fwp%2Fv2%2Fmedia&parent=595"}],"wp:term":[{"taxonomy":"category","embeddable":true,"href":"https:\/\/wspomozycielka-lodz.pl\/index.php?rest_route=%2Fwp%2Fv2%2Fcategories&post=595"},{"taxonomy":"post_tag","embeddable":true,"href":"https:\/\/wspomozycielka-lodz.pl\/index.php?rest_route=%2Fwp%2Fv2%2Ftags&post=595"}],"curies":[{"name":"wp","href":"https:\/\/api.w.org\/{rel}","templated":true}]}}