{"id":593,"date":"2022-03-19T23:02:51","date_gmt":"2022-03-19T22:02:51","guid":{"rendered":"https:\/\/wspomozycielka-lodz.pl\/?p=593"},"modified":"2022-03-19T23:02:52","modified_gmt":"2022-03-19T22:02:52","slug":"ogloszenia-parafialne-20-03-2022","status":"publish","type":"post","link":"https:\/\/wspomozycielka-lodz.pl\/?p=593","title":{"rendered":"<strong>OG\u0141OSZENIA PARAFIALNE (20.03.2022)<\/strong><strong><\/strong>"},"content":{"rendered":"\n<p>1. Rozpocz\u0119li\u015bmy parafialne rekolekcje wielkopostne, kt\u00f3re g\u0142osi nam ks. Dariusz Miko\u0142ajczyk, prze\u0142o\u017cony dzie\u0142a salezja\u0144skiego w Mi\u0144sku Mazowieckim. Rekolekcje b\u0119d\u0105 trwa\u0142y do \u015brody. Ofiary zbierane w czasie rekolekcje s\u0105 darem dla Ksi\u0119dza Rekolekcjonisty.<\/p>\n\n\n\n<p>2. Trwamy w nowennie do Maryi Wspomo\u017cycielki o godz. 17.40.<\/p>\n\n\n\n<p>3. We wtorek po Mszy wieczornej spotkanie z rozwa\u017caniem S\u0142owa Bo\u017cego.<\/p>\n\n\n\n<p>4. W czwartek o godz. 17.00 ho\u0142d ku czci Maryi Wspomo\u017cycielki. Po Mszy wieczornej adoracja Naj\u015bwi\u0119tszego Sakramentu.<\/p>\n\n\n\n<p>5. W pi\u0105tek obchodzimy uroczysto\u015b\u0107 Zwiastowania Pa\u0144skiego, kt\u00f3ra jest obchodzona w Ko\u015bciele jako Dzie\u0144 \u015awi\u0119to\u015bci \u017bycia. Na Mszy \u015bw. o godz. 18.00 b\u0119dzie mo\u017cna w\u0142\u0105czy\u0107 si\u0119 w Dzie\u0142o Duchowej Adopcji Dziecka Pocz\u0119tego. Zach\u0119camy do zaanga\u017cowania si\u0119 w t\u0119 inicjatyw\u0119 modlitewn\u0105. R\u00f3wnie\u017c na tej wieczornej Mszy b\u0119dzie b\u0142ogos\u0142awie\u0144stwo matek w stanie b\u0142ogos\u0142awionym. Na stoliku przy skarbonie przygotowane s\u0105 formularze duchowej adopcji, kt\u00f3re mo\u017cna wype\u0142ni\u0107 i przynie\u015b\u0107 do ko\u015bcio\u0142a na pi\u0105tkow\u0105 uroczysto\u015b\u0107. W dniu tym nie obowi\u0105zuje wstrzemi\u0119\u017aliwo\u015b\u0107 od pokarm\u00f3w mi\u0119snych.<\/p>\n\n\n\n<p>6. W pi\u0105tek wieczorem r\u00f3wnie\u017c zapraszamy na misterium M\u0119ki Pa\u0144skiej i Drogi Krzy\u017cowej. Przemierzymy drog\u0119 z naszej parafii do parafii \u015bw. Piotra i Paw\u0142a. Nabo\u017ce\u0144stwo rozpoczniemy o godz. 19.00.<\/p>\n\n\n\n<p>7. W sobot\u0119 b\u0119dzie skupienie wielkopostne dla wsp\u00f3lnot i grup parafialnych, kt\u00f3re rozpocznie si\u0119 o godz. 15.30 w ko\u015bciele.<\/p>\n\n\n\n<p>8. Przypominamy o nabo\u017ce\u0144stwach wielkopostnych:<\/p>\n\n\n\n<ul class=\"wp-block-list\"><li>Droga Krzy\u017cowa w pi\u0105tki: dla dzieci o 16.30; dla doros\u0142ych o 17.15; dla m\u0142odzie\u017cy o 19.30.<\/li><li>Gorzkie \u017bale z kazaniem pasyjnym w niedziele o 17.15.<\/li><\/ul>\n\n\n\n<p>9. Z naszej wsp\u00f3lnoty parafialnej do wieczno\u015bci odeszli: Krystyna Trzebiatowska, lat 94; Henryka G\u0142usi\u0144ska, lat 84; Zofia Kowalska, lat 65. <em>Wieczny odpoczynek racz im da\u0107, Panie<\/em>&#8230;<\/p>\n","protected":false},"excerpt":{"rendered":"<p>1. Rozpocz\u0119li\u015bmy parafialne rekolekcje wielkopostne, kt\u00f3re g\u0142osi nam ks. Dariusz Miko\u0142ajczyk, prze\u0142o\u017cony dzie\u0142a salezja\u0144skiego w Mi\u0144sku Mazowieckim. Rekolekcje b\u0119d\u0105 trwa\u0142y do \u015brody. Ofiary zbierane w czasie rekolekcje s\u0105 darem dla Ksi\u0119dza Rekolekcjonisty. 2. Trwamy w nowennie do Maryi Wspomo\u017cycielki o godz. 17.40. 3. We wtorek po Mszy wieczornej spotkanie z [&hellip;]<\/p>\n","protected":false},"author":2,"featured_media":320,"comment_status":"open","ping_status":"open","sticky":false,"template":"","format":"standard","meta":{"footnotes":""},"categories":[2],"tags":[],"class_list":["post-593","post","type-post","status-publish","format-standard","has-post-thumbnail","hentry","category-aktualnosci"],"_links":{"self":[{"href":"https:\/\/wspomozycielka-lodz.pl\/index.php?rest_route=\/wp\/v2\/posts\/593","targetHints":{"allow":["GET"]}}],"collection":[{"href":"https:\/\/wspomozycielka-lodz.pl\/index.php?rest_route=\/wp\/v2\/posts"}],"about":[{"href":"https:\/\/wspomozycielka-lodz.pl\/index.php?rest_route=\/wp\/v2\/types\/post"}],"author":[{"embeddable":true,"href":"https:\/\/wspomozycielka-lodz.pl\/index.php?rest_route=\/wp\/v2\/users\/2"}],"replies":[{"embeddable":true,"href":"https:\/\/wspomozycielka-lodz.pl\/index.php?rest_route=%2Fwp%2Fv2%2Fcomments&post=593"}],"version-history":[{"count":1,"href":"https:\/\/wspomozycielka-lodz.pl\/index.php?rest_route=\/wp\/v2\/posts\/593\/revisions"}],"predecessor-version":[{"id":594,"href":"https:\/\/wspomozycielka-lodz.pl\/index.php?rest_route=\/wp\/v2\/posts\/593\/revisions\/594"}],"wp:featuredmedia":[{"embeddable":true,"href":"https:\/\/wspomozycielka-lodz.pl\/index.php?rest_route=\/wp\/v2\/media\/320"}],"wp:attachment":[{"href":"https:\/\/wspomozycielka-lodz.pl\/index.php?rest_route=%2Fwp%2Fv2%2Fmedia&parent=593"}],"wp:term":[{"taxonomy":"category","embeddable":true,"href":"https:\/\/wspomozycielka-lodz.pl\/index.php?rest_route=%2Fwp%2Fv2%2Fcategories&post=593"},{"taxonomy":"post_tag","embeddable":true,"href":"https:\/\/wspomozycielka-lodz.pl\/index.php?rest_route=%2Fwp%2Fv2%2Ftags&post=593"}],"curies":[{"name":"wp","href":"https:\/\/api.w.org\/{rel}","templated":true}]}}