{"id":591,"date":"2022-03-19T23:02:02","date_gmt":"2022-03-19T22:02:02","guid":{"rendered":"https:\/\/wspomozycielka-lodz.pl\/?p=591"},"modified":"2022-03-19T23:02:03","modified_gmt":"2022-03-19T22:02:03","slug":"intencje-mszalne-20-26-03-2022","status":"publish","type":"post","link":"https:\/\/wspomozycielka-lodz.pl\/?p=591","title":{"rendered":"<strong>INTENCJE MSZALNE (20-26.03.2022)<\/strong>"},"content":{"rendered":"\n<p><strong>Niedziela<\/strong><\/p>\n\n\n\n<p><a>8.30&nbsp;&nbsp;&nbsp; <\/a>W intencji przeb\u0142agalnej za grzechy Joanny, jej rodziny, krewnych i wszystkich przodk\u00f3w<\/p>\n\n\n\n<p>8.30&nbsp;&nbsp;&nbsp; W intencji wszystkich przodk\u00f3w, krewnych \u017cyj\u0105cych i zmar\u0142ych Joanny &#8211; o z\u0142amanie wszystkich przekle\u0144stw i czar\u00f3w<\/p>\n\n\n\n<p>10.00&nbsp; + Jadwiga Wo\u017aniak<\/p>\n\n\n\n<p>10.00&nbsp; + Bo\u017cena Czy\u017cak<\/p>\n\n\n\n<p>10.00&nbsp; + Krzysztof \u017bukowski, gr 15<\/p>\n\n\n\n<p>10.00&nbsp; + Bernard i Alicja S\u0142omczewscy, gr 15<\/p>\n\n\n\n<p>11.30&nbsp; Za parafian<\/p>\n\n\n\n<p>11.30&nbsp; Za zmar\u0142ych z rodziny Mark\u00f3w, Gajewskich i Grec\u00f3w<\/p>\n\n\n\n<p>11.30&nbsp; + Barbara Gajewska, gr 20<\/p>\n\n\n\n<p>18.00&nbsp; + Roman Bajerski, gr 20<\/p>\n\n\n\n<p><strong>Poniedzia\u0142ek<\/strong><\/p>\n\n\n\n<p>7.30&nbsp;&nbsp;&nbsp; + Barbara Gajewska, gr 21<\/p>\n\n\n\n<p>7.30&nbsp;&nbsp;&nbsp; + Bernard i Alicja S\u0142omczewscy, gr 16<\/p>\n\n\n\n<p>7.30&nbsp;&nbsp;&nbsp; + Krzysztof \u017bukowski, gr 16<\/p>\n\n\n\n<p>18.00&nbsp; W intencji przeb\u0142agalnej za grzechy Joanny, jej rodziny, krewnych i wszystkich przodk\u00f3w<\/p>\n\n\n\n<p>18.00&nbsp; W intencji wszystkich przodk\u00f3w, krewnych \u017cyj\u0105cych i zmar\u0142ych Joanny &#8211; o z\u0142amanie wszystkich przekle\u0144stw i czar\u00f3w<\/p>\n\n\n\n<p>18.00&nbsp; + Roman Bajerski, gr 21<\/p>\n\n\n\n<p>18.00&nbsp; + Maria Piekarz<\/p>\n\n\n\n<p><strong>Wtorek<\/strong><\/p>\n\n\n\n<p><a>7.30&nbsp;&nbsp;&nbsp; <\/a>+ Barbara Gajewska, gr 22<\/p>\n\n\n\n<p>7.30&nbsp;&nbsp;&nbsp; + Bernard i Alicja S\u0142omczewscy, gr 17<\/p>\n\n\n\n<p>7.30&nbsp;&nbsp;&nbsp; + Krzysztof \u017bukowski, gr 17<\/p>\n\n\n\n<p>18.00&nbsp; W intencji przeb\u0142agalnej za grzechy Joanny, jej rodziny, krewnych i wszystkich przodk\u00f3w<\/p>\n\n\n\n<p>18.00&nbsp; W intencji wszystkich przodk\u00f3w, krewnych \u017cyj\u0105cych i zmar\u0142ych Joanny &#8211; o z\u0142amanie wszystkich przekle\u0144stw i czar\u00f3w<\/p>\n\n\n\n<p>18.00&nbsp; + Roman Bajerski, gr 22<\/p>\n\n\n\n<p><strong>\u015aroda<\/strong><\/p>\n\n\n\n<p>7.30&nbsp;&nbsp;&nbsp; + Barbara Gajewska, gr 23<\/p>\n\n\n\n<p>7.30&nbsp;&nbsp;&nbsp; + Bernard i Alicja S\u0142omczewscy, gr 18<\/p>\n\n\n\n<p>7.30&nbsp;&nbsp;&nbsp; + Krzysztof \u017bukowski, gr 18<\/p>\n\n\n\n<p>18.00&nbsp; W intencji przeb\u0142agalnej za grzechy Joanny, jej rodziny, krewnych i wszystkich przodk\u00f3w<\/p>\n\n\n\n<p>18.00&nbsp; W intencji wszystkich przodk\u00f3w, krewnych \u017cyj\u0105cych i zmar\u0142ych Joanny &#8211; o z\u0142amanie wszystkich przekle\u0144stw i czar\u00f3w<\/p>\n\n\n\n<p>18.00&nbsp; + Roman Bajerski, gr 23<\/p>\n\n\n\n<p>18.00&nbsp; + Mariola Marek<\/p>\n\n\n\n<p><strong>Czwartek<\/strong><\/p>\n\n\n\n<p>7.30&nbsp;&nbsp;&nbsp; + Barbara Gajewska, gr 24<\/p>\n\n\n\n<p>7.30&nbsp;&nbsp;&nbsp; + Bernard i Alicja S\u0142omczewscy, gr 19<\/p>\n\n\n\n<p>7.30&nbsp;&nbsp;&nbsp; + Krzysztof \u017bukowski, gr 19<\/p>\n\n\n\n<p>18.00&nbsp; W intencji przeb\u0142agalnej za grzechy Joanny, jej rodziny, krewnych i wszystkich przodk\u00f3w<\/p>\n\n\n\n<p>18.00&nbsp; W intencji wszystkich przodk\u00f3w, krewnych \u017cyj\u0105cych i zmar\u0142ych Joanny &#8211; o z\u0142amanie wszystkich przekle\u0144stw i czar\u00f3w<\/p>\n\n\n\n<p>18.00&nbsp; W intencji cz\u0142onk\u00f3w Sodalicji Maria\u0144skiej: dla \u017cywych o Bo\u017ce b\u0142ogos\u0142awie\u0144stwo i dla zmar\u0142ych o wieczn\u0105 rado\u015b\u0107<\/p>\n\n\n\n<p>18.00&nbsp; + Roman Bajerski, gr 10<\/p>\n\n\n\n<p>18.00&nbsp; Za dusze w czy\u015b\u0107cu cierpi\u0105ce<\/p>\n\n\n\n<p><strong>Pi\u0105tek<\/strong><\/p>\n\n\n\n<p><a>7.30&nbsp;&nbsp;&nbsp; <\/a>+ Barbara Gajewska, gr 25<\/p>\n\n\n\n<p>7.30&nbsp;&nbsp;&nbsp; + Bernard i Alicja S\u0142omczewscy, gr 20<\/p>\n\n\n\n<p>7.30&nbsp;&nbsp;&nbsp; + Krzysztof \u017bukowski, gr 20<\/p>\n\n\n\n<p>18.00&nbsp; W intencji Heleny i Tadeusza Niedba\u0142\u00f3w o Bo\u017ce b\u0142ogos\u0142awie\u0144stwo i opiek\u0119 Matki Bo\u017cej<\/p>\n\n\n\n<p>18.00&nbsp; W intencji przeb\u0142agalnej za grzechy Joanny, jej rodziny, krewnych i wszystkich przodk\u00f3w<\/p>\n\n\n\n<p>18.00&nbsp; W intencji wszystkich przodk\u00f3w, krewnych \u017cyj\u0105cych i zmar\u0142ych Joanny &#8211; o z\u0142amanie wszystkich przekle\u0144stw i czar\u00f3w<\/p>\n\n\n\n<p>18.00&nbsp; + Roman Bajerski, gr 25<\/p>\n\n\n\n<p><strong>Sobota<\/strong><\/p>\n\n\n\n<p>7.30&nbsp;&nbsp;&nbsp; W intencji przeb\u0142agalnej za grzechy Joanny, jej rodziny, krewnych i wszystkich przodk\u00f3w<\/p>\n\n\n\n<p>7.30&nbsp;&nbsp;&nbsp; W intencji wszystkich przodk\u00f3w, krewnych \u017cyj\u0105cych i zmar\u0142ych Joanny &#8211; o z\u0142amanie wszystkich przekle\u0144stw i czar\u00f3w<\/p>\n\n\n\n<p>7.30&nbsp;&nbsp;&nbsp; + Barbara Gajewska, gr 26<\/p>\n\n\n\n<p>7.30&nbsp;&nbsp;&nbsp; + Bernard i Alicja S\u0142omczewscy, gr 21<\/p>\n\n\n\n<p>7.30&nbsp;&nbsp;&nbsp; + Krzysztof \u017bukowski, gr 21<\/p>\n\n\n\n<p>18.00\u00a0 + Roman Bajerski, gr 26 <\/p>\n\n\n\n<p>18.00\u00a0 + J\u00f3zef, Leokadia Piechuta oraz ich zmar\u0142e dzieci; Krystyna Grzesi\u0144ska<\/p>\n","protected":false},"excerpt":{"rendered":"<p>Niedziela 8.30&nbsp;&nbsp;&nbsp; W intencji przeb\u0142agalnej za grzechy Joanny, jej rodziny, krewnych i wszystkich przodk\u00f3w 8.30&nbsp;&nbsp;&nbsp; W intencji wszystkich przodk\u00f3w, krewnych \u017cyj\u0105cych i zmar\u0142ych Joanny &#8211; o z\u0142amanie wszystkich przekle\u0144stw i czar\u00f3w 10.00&nbsp; + Jadwiga Wo\u017aniak 10.00&nbsp; + Bo\u017cena Czy\u017cak 10.00&nbsp; + Krzysztof \u017bukowski, gr 15 10.00&nbsp; + Bernard i Alicja [&hellip;]<\/p>\n","protected":false},"author":2,"featured_media":321,"comment_status":"open","ping_status":"open","sticky":false,"template":"","format":"standard","meta":{"footnotes":""},"categories":[2],"tags":[],"class_list":["post-591","post","type-post","status-publish","format-standard","has-post-thumbnail","hentry","category-aktualnosci"],"_links":{"self":[{"href":"https:\/\/wspomozycielka-lodz.pl\/index.php?rest_route=\/wp\/v2\/posts\/591","targetHints":{"allow":["GET"]}}],"collection":[{"href":"https:\/\/wspomozycielka-lodz.pl\/index.php?rest_route=\/wp\/v2\/posts"}],"about":[{"href":"https:\/\/wspomozycielka-lodz.pl\/index.php?rest_route=\/wp\/v2\/types\/post"}],"author":[{"embeddable":true,"href":"https:\/\/wspomozycielka-lodz.pl\/index.php?rest_route=\/wp\/v2\/users\/2"}],"replies":[{"embeddable":true,"href":"https:\/\/wspomozycielka-lodz.pl\/index.php?rest_route=%2Fwp%2Fv2%2Fcomments&post=591"}],"version-history":[{"count":1,"href":"https:\/\/wspomozycielka-lodz.pl\/index.php?rest_route=\/wp\/v2\/posts\/591\/revisions"}],"predecessor-version":[{"id":592,"href":"https:\/\/wspomozycielka-lodz.pl\/index.php?rest_route=\/wp\/v2\/posts\/591\/revisions\/592"}],"wp:featuredmedia":[{"embeddable":true,"href":"https:\/\/wspomozycielka-lodz.pl\/index.php?rest_route=\/wp\/v2\/media\/321"}],"wp:attachment":[{"href":"https:\/\/wspomozycielka-lodz.pl\/index.php?rest_route=%2Fwp%2Fv2%2Fmedia&parent=591"}],"wp:term":[{"taxonomy":"category","embeddable":true,"href":"https:\/\/wspomozycielka-lodz.pl\/index.php?rest_route=%2Fwp%2Fv2%2Fcategories&post=591"},{"taxonomy":"post_tag","embeddable":true,"href":"https:\/\/wspomozycielka-lodz.pl\/index.php?rest_route=%2Fwp%2Fv2%2Ftags&post=591"}],"curies":[{"name":"wp","href":"https:\/\/api.w.org\/{rel}","templated":true}]}}