{"id":587,"date":"2022-03-14T15:44:42","date_gmt":"2022-03-14T14:44:42","guid":{"rendered":"https:\/\/wspomozycielka-lodz.pl\/?p=587"},"modified":"2022-03-14T15:44:43","modified_gmt":"2022-03-14T14:44:43","slug":"intencje-mszalne-13-19-03-2022","status":"publish","type":"post","link":"https:\/\/wspomozycielka-lodz.pl\/?p=587","title":{"rendered":"<strong>INTENCJE MSZALNE (13-19.03.2022)<\/strong>"},"content":{"rendered":"\n<p><strong>Niedziela<\/strong><\/p>\n\n\n\n<p><a>8.30&nbsp;&nbsp;&nbsp; <\/a>W intencji Bo\u017cenny z okazji imienin oraz jej rodziny o Bo\u017ce b\u0142ogos\u0142awie\u0144stwo i opiek\u0119 Matki Bo\u017cej<\/p>\n\n\n\n<p>8.30&nbsp;&nbsp;&nbsp; W intencji przeb\u0142agalnej za grzechy Joanny, jej rodziny, krewnych i wszystkich przodk\u00f3w<\/p>\n\n\n\n<p>8.30&nbsp;&nbsp;&nbsp; W intencji wszystkich przodk\u00f3w, krewnych \u017cyj\u0105cych i zmar\u0142ych Joanny &#8211; o z\u0142amanie wszystkich przekle\u0144stw i czar\u00f3w<\/p>\n\n\n\n<p>8.30&nbsp;&nbsp;&nbsp; + Maria i Jerzy \u017by\u017cniewscy; Stanis\u0142aw i Marek Sobirajscy; Danuta i Weronika Kujawa; dusze w czy\u015b\u0107cu cierpi\u0105ce<\/p>\n\n\n\n<p>10.00&nbsp; + Bernard i Alicja S\u0142omczewscy, gr 8<\/p>\n\n\n\n<p>10.00&nbsp; + Krzysztof \u017bukowski, gr 8<\/p>\n\n\n\n<p>11.30&nbsp; W intencji Salezjan\u00f3w Wsp\u00f3\u0142pracownik\u00f3w, a szczeg\u00f3lnie solenizant\u00f3w<\/p>\n\n\n\n<p>11.30&nbsp; + Barbara Gajewska, gr 13<\/p>\n\n\n\n<p>11.30&nbsp; + Karolina Bald<\/p>\n\n\n\n<p>11.30&nbsp; O \u0142ask\u0119 \u017cywej wiary dla Tomasza<\/p>\n\n\n\n<p>18.00&nbsp; + Zdzis\u0142aw Goli\u0144ski<\/p>\n\n\n\n<p>18.00&nbsp; + Roman Bajerski, gr 13<\/p>\n\n\n\n<p>18.00&nbsp; + Bo\u017cena Czy\u017cak<\/p>\n\n\n\n<p><strong>Poniedzia\u0142ek<\/strong><\/p>\n\n\n\n<p>7.30&nbsp;&nbsp;&nbsp; + Barbara Gajewska, gr 14<\/p>\n\n\n\n<p>7.30&nbsp;&nbsp;&nbsp; + Bernard i Alicja S\u0142omczewscy, gr 9<\/p>\n\n\n\n<p>7.30&nbsp;&nbsp;&nbsp; + Krzysztof \u017bukowski, gr 9<\/p>\n\n\n\n<p>18.00&nbsp; W intencji przeb\u0142agalnej za grzechy Joanny, jej rodziny, krewnych i wszystkich przodk\u00f3w<\/p>\n\n\n\n<p>18.00&nbsp; W intencji wszystkich przodk\u00f3w, krewnych \u017cyj\u0105cych i zmar\u0142ych Joanny &#8211; o z\u0142amanie wszystkich przekle\u0144stw i czar\u00f3w<\/p>\n\n\n\n<p>18.00&nbsp; W intencji Aleksandry Przybysz o potrzebne \u0142aski<\/p>\n\n\n\n<p>18.00&nbsp; + Roman Bajerski, gr 14<\/p>\n\n\n\n<p><strong>Wtorek<\/strong><\/p>\n\n\n\n<p><a>7.30&nbsp;&nbsp;&nbsp; <\/a>+ Barbara Gajewska, gr 15<\/p>\n\n\n\n<p>7.30&nbsp;&nbsp;&nbsp; + Bernard i Alicja S\u0142omczewscy, gr 10<\/p>\n\n\n\n<p>7.30&nbsp;&nbsp;&nbsp; + Krzysztof \u017bukowski, gr 10<\/p>\n\n\n\n<p>18.00&nbsp; W intencji przeb\u0142agalnej za grzechy Joanny, jej rodziny, krewnych i wszystkich przodk\u00f3w<\/p>\n\n\n\n<p>18.00&nbsp; W intencji wszystkich przodk\u00f3w, krewnych \u017cyj\u0105cych i zmar\u0142ych Joanny &#8211; o z\u0142amanie wszystkich przekle\u0144stw i czar\u00f3w<\/p>\n\n\n\n<p>18.00&nbsp; + Helena, Franciszek Wysoccy; zmarli z rodziny Wysockich; dusze w czy\u015b\u0107cu cierpi\u0105ce<\/p>\n\n\n\n<p>18.00&nbsp; + Roman Bajerski, gr 14<\/p>\n\n\n\n<p><strong>\u015aroda<\/strong><\/p>\n\n\n\n<p>7.30&nbsp;&nbsp;&nbsp; + Barbara Gajewska, gr 16<\/p>\n\n\n\n<p>7.30&nbsp;&nbsp;&nbsp; + Bernard i Alicja S\u0142omczewscy, gr 11<\/p>\n\n\n\n<p>7.30&nbsp;&nbsp;&nbsp; + Krzysztof \u017bukowski, gr 11<\/p>\n\n\n\n<p>18.00&nbsp; W intencji pracownik\u00f3w Muzeum Dzieci Polskich &#8211; ofiar totalitaryzmu o potrzebne \u0142aski<\/p>\n\n\n\n<p>18.00&nbsp; W intencji przeb\u0142agalnej za grzechy Joanny, jej rodziny, krewnych i wszystkich przodk\u00f3w<\/p>\n\n\n\n<p>18.00&nbsp; W intencji wszystkich przodk\u00f3w, krewnych \u017cyj\u0105cych i zmar\u0142ych Joanny &#8211; o z\u0142amanie wszystkich przekle\u0144stw i czar\u00f3w<\/p>\n\n\n\n<p>18.00&nbsp; + Roman Bajerski, gr 14<\/p>\n\n\n\n<p><strong>Czwartek<\/strong><\/p>\n\n\n\n<p>7.30&nbsp;&nbsp;&nbsp; + Barbara Gajewska, gr 17<\/p>\n\n\n\n<p>7.30&nbsp;&nbsp;&nbsp; + Bernard i Alicja S\u0142omczewscy, gr 12<\/p>\n\n\n\n<p>7.30&nbsp;&nbsp;&nbsp; + Krzysztof \u017bukowski, gr 12<\/p>\n\n\n\n<p>18.00&nbsp; W intencji ks. Zbigniewa Kuleszy o Bo\u017ce b\u0142ogos\u0142awie\u0144stwo i opiek\u0119 Matki Bo\u017cej w dniu imienin<\/p>\n\n\n\n<p>18.00&nbsp; W intencji przeb\u0142agalnej za grzechy Joanny, jej rodziny, krewnych i wszystkich przodk\u00f3w<\/p>\n\n\n\n<p>18.00&nbsp; W intencji wszystkich przodk\u00f3w, krewnych \u017cyj\u0105cych i zmar\u0142ych Joanny &#8211; o z\u0142amanie wszystkich przekle\u0144stw i czar\u00f3w<\/p>\n\n\n\n<p>18.00&nbsp; + Roman Bajerski, gr 17<\/p>\n\n\n\n<p>18.00&nbsp; + Bronis\u0142aw, Jaros\u0142aw, Stanis\u0142awa (f) Daszkiewicze<\/p>\n\n\n\n<p><strong>Pi\u0105tek<\/strong><\/p>\n\n\n\n<p><a>7.30&nbsp;&nbsp;&nbsp; <\/a>+ Wac\u0142aw i Wac\u0142awa (f) Sanik<\/p>\n\n\n\n<p>7.30&nbsp;&nbsp;&nbsp; + Barbara Gajewska, gr 18<\/p>\n\n\n\n<p>7.30&nbsp;&nbsp;&nbsp; + Bernard i Alicja S\u0142omczewscy, gr 13<\/p>\n\n\n\n<p>7.30&nbsp;&nbsp;&nbsp; + Krzysztof \u017bukowski, gr 13<\/p>\n\n\n\n<p>18.00&nbsp; W intencji przeb\u0142agalnej za grzechy Joanny, jej rodziny, krewnych i wszystkich przodk\u00f3w<\/p>\n\n\n\n<p>18.00&nbsp; W intencji wszystkich przodk\u00f3w, krewnych \u017cyj\u0105cych i zmar\u0142ych Joanny &#8211; o z\u0142amanie wszystkich przekle\u0144stw i czar\u00f3w<\/p>\n\n\n\n<p>18.00&nbsp; + Roman Bajerski, gr 18<\/p>\n\n\n\n<p><strong>Sobota<\/strong><\/p>\n\n\n\n<p>7.30&nbsp;&nbsp;&nbsp; W intencji przeb\u0142agalnej za grzechy Joanny, jej rodziny, krewnych i wszystkich przodk\u00f3w;<\/p>\n\n\n\n<p>7.30&nbsp;&nbsp;&nbsp; W intencji wszystkich przodk\u00f3w, krewnych \u017cyj\u0105cych i zmar\u0142ych Joanny &#8211; o z\u0142amanie wszystkich przekle\u0144stw i czar\u00f3w<\/p>\n\n\n\n<p>7.30&nbsp;&nbsp;&nbsp; + Barbara Gajewska, gr 19<\/p>\n\n\n\n<p>7.30&nbsp;&nbsp;&nbsp; + Bernard i Alicja S\u0142omczewscy, gr 14<\/p>\n\n\n\n<p>7.30&nbsp;&nbsp;&nbsp; + Krzysztof \u017bukowski, gr 14<\/p>\n\n\n\n<p>18.00&nbsp; + Roman Bajerski, gr 19<\/p>\n\n\n\n<p>18.00\u00a0 + Tadeusz Kupski <\/p>\n\n\n\n<p>18.00\u00a0 + Bogdan Nowak (4 rocz. \u015bm.)<\/p>\n","protected":false},"excerpt":{"rendered":"<p>Niedziela 8.30&nbsp;&nbsp;&nbsp; W intencji Bo\u017cenny z okazji imienin oraz jej rodziny o Bo\u017ce b\u0142ogos\u0142awie\u0144stwo i opiek\u0119 Matki Bo\u017cej 8.30&nbsp;&nbsp;&nbsp; W intencji przeb\u0142agalnej za grzechy Joanny, jej rodziny, krewnych i wszystkich przodk\u00f3w 8.30&nbsp;&nbsp;&nbsp; W intencji wszystkich przodk\u00f3w, krewnych \u017cyj\u0105cych i zmar\u0142ych Joanny &#8211; o z\u0142amanie wszystkich przekle\u0144stw i czar\u00f3w 8.30&nbsp;&nbsp;&nbsp; + [&hellip;]<\/p>\n","protected":false},"author":2,"featured_media":321,"comment_status":"open","ping_status":"open","sticky":false,"template":"","format":"standard","meta":{"footnotes":""},"categories":[2],"tags":[],"class_list":["post-587","post","type-post","status-publish","format-standard","has-post-thumbnail","hentry","category-aktualnosci"],"_links":{"self":[{"href":"https:\/\/wspomozycielka-lodz.pl\/index.php?rest_route=\/wp\/v2\/posts\/587","targetHints":{"allow":["GET"]}}],"collection":[{"href":"https:\/\/wspomozycielka-lodz.pl\/index.php?rest_route=\/wp\/v2\/posts"}],"about":[{"href":"https:\/\/wspomozycielka-lodz.pl\/index.php?rest_route=\/wp\/v2\/types\/post"}],"author":[{"embeddable":true,"href":"https:\/\/wspomozycielka-lodz.pl\/index.php?rest_route=\/wp\/v2\/users\/2"}],"replies":[{"embeddable":true,"href":"https:\/\/wspomozycielka-lodz.pl\/index.php?rest_route=%2Fwp%2Fv2%2Fcomments&post=587"}],"version-history":[{"count":1,"href":"https:\/\/wspomozycielka-lodz.pl\/index.php?rest_route=\/wp\/v2\/posts\/587\/revisions"}],"predecessor-version":[{"id":588,"href":"https:\/\/wspomozycielka-lodz.pl\/index.php?rest_route=\/wp\/v2\/posts\/587\/revisions\/588"}],"wp:featuredmedia":[{"embeddable":true,"href":"https:\/\/wspomozycielka-lodz.pl\/index.php?rest_route=\/wp\/v2\/media\/321"}],"wp:attachment":[{"href":"https:\/\/wspomozycielka-lodz.pl\/index.php?rest_route=%2Fwp%2Fv2%2Fmedia&parent=587"}],"wp:term":[{"taxonomy":"category","embeddable":true,"href":"https:\/\/wspomozycielka-lodz.pl\/index.php?rest_route=%2Fwp%2Fv2%2Fcategories&post=587"},{"taxonomy":"post_tag","embeddable":true,"href":"https:\/\/wspomozycielka-lodz.pl\/index.php?rest_route=%2Fwp%2Fv2%2Ftags&post=587"}],"curies":[{"name":"wp","href":"https:\/\/api.w.org\/{rel}","templated":true}]}}