{"id":585,"date":"2022-03-06T14:32:53","date_gmt":"2022-03-06T13:32:53","guid":{"rendered":"https:\/\/wspomozycielka-lodz.pl\/?p=585"},"modified":"2022-03-06T14:32:54","modified_gmt":"2022-03-06T13:32:54","slug":"ogloszenia-parafialne-6-03-2022","status":"publish","type":"post","link":"https:\/\/wspomozycielka-lodz.pl\/?p=585","title":{"rendered":"<strong>OG\u0141OSZENIA PARAFIALNE (6.03.2022)<\/strong><strong><\/strong>"},"content":{"rendered":"\n<p>1. We wtorek po Mszy wieczornej spotkanie z rozwa\u017caniem S\u0142owa Bo\u017cego.<\/p>\n\n\n\n<p>2. W \u015brod\u0119 na Mszy wieczornej b\u0119dziemy si\u0119 modli\u0107 za naszego m\u0142odego wsp\u00f3\u0142brata z Afryki, kl. Godfreya, kt\u00f3ry w tym dniu obchodzi swoje 30 urodziny.<\/p>\n\n\n\n<p>3. W czwartek po Mszy wieczornej adoracja Naj\u015bwi\u0119tszego Sakramentu.<\/p>\n\n\n\n<p>4. W sobot\u0119 na Mszy porannej b\u0119dziemy si\u0119 modli\u0107 za naszego wsp\u00f3\u0142brata &#8211; brata Grzegorza Nowaka, kt\u00f3ry w tym dniu obchodzi swoje imieniny.<\/p>\n\n\n\n<p>5. Przypominamy o nabo\u017ce\u0144stwach wielkopostnych:<\/p>\n\n\n\n<ul class=\"wp-block-list\"><li>Droga Krzy\u017cowa w pi\u0105tki: dla dzieci o 16.30; dla doros\u0142ych o 17.15; dla m\u0142odzie\u017cy o 19.30.<\/li><li>Gorzkie \u017bale z kazaniem pasyjnym w niedziele o 17.15.<\/li><\/ul>\n\n\n\n<p>6. W przysz\u0142\u0105 niedziel\u0119 po Mszy \u015bw. o godz. 11.30 b\u0119dzie spotkanie Salezjan\u00f3w Wsp\u00f3\u0142pracownik\u00f3w.<\/p>\n\n\n\n<p>7. Przy du\u017cej skarbonie znajduj\u0105 si\u0119 skarbonki ja\u0142mu\u017cny wielkopostnej, w kt\u00f3rych mo\u017cna gromadzi\u0107 owoce swoich wyrzecze\u0144, aby potem podzieli\u0107 nimi z potrzebuj\u0105cymi. Na koniec Wielkiego Postu mo\u017cna te skarbonki przynie\u015b\u0107 do ko\u015bcio\u0142a.<\/p>\n\n\n\n<p>8. Je\u015bli w parafii s\u0105 osoby, kt\u00f3re chcia\u0142yby i mog\u0142y przyj\u0105\u0107 do swojego domu uchod\u017ac\u00f3w z Ukrainy, prosimy o tak\u0105 informacj\u0119 bezpo\u015brednio do Ksi\u0119dza Proboszcza. <\/p>\n\n\n\n<p>9. Z naszej wsp\u00f3lnoty parafialnej do wieczno\u015bci odeszli: Tadeusz Kupski, lat 80; Jadwiga Woszczyk, lat 88. <em>Wieczny odpoczynek racz im da\u0107, Panie<\/em>&#8230;<\/p>\n","protected":false},"excerpt":{"rendered":"<p>1. We wtorek po Mszy wieczornej spotkanie z rozwa\u017caniem S\u0142owa Bo\u017cego. 2. W \u015brod\u0119 na Mszy wieczornej b\u0119dziemy si\u0119 modli\u0107 za naszego m\u0142odego wsp\u00f3\u0142brata z Afryki, kl. Godfreya, kt\u00f3ry w tym dniu obchodzi swoje 30 urodziny. 3. W czwartek po Mszy wieczornej adoracja Naj\u015bwi\u0119tszego Sakramentu. 4. W sobot\u0119 na Mszy [&hellip;]<\/p>\n","protected":false},"author":2,"featured_media":320,"comment_status":"open","ping_status":"open","sticky":false,"template":"","format":"standard","meta":{"footnotes":""},"categories":[2],"tags":[],"class_list":["post-585","post","type-post","status-publish","format-standard","has-post-thumbnail","hentry","category-aktualnosci"],"_links":{"self":[{"href":"https:\/\/wspomozycielka-lodz.pl\/index.php?rest_route=\/wp\/v2\/posts\/585","targetHints":{"allow":["GET"]}}],"collection":[{"href":"https:\/\/wspomozycielka-lodz.pl\/index.php?rest_route=\/wp\/v2\/posts"}],"about":[{"href":"https:\/\/wspomozycielka-lodz.pl\/index.php?rest_route=\/wp\/v2\/types\/post"}],"author":[{"embeddable":true,"href":"https:\/\/wspomozycielka-lodz.pl\/index.php?rest_route=\/wp\/v2\/users\/2"}],"replies":[{"embeddable":true,"href":"https:\/\/wspomozycielka-lodz.pl\/index.php?rest_route=%2Fwp%2Fv2%2Fcomments&post=585"}],"version-history":[{"count":1,"href":"https:\/\/wspomozycielka-lodz.pl\/index.php?rest_route=\/wp\/v2\/posts\/585\/revisions"}],"predecessor-version":[{"id":586,"href":"https:\/\/wspomozycielka-lodz.pl\/index.php?rest_route=\/wp\/v2\/posts\/585\/revisions\/586"}],"wp:featuredmedia":[{"embeddable":true,"href":"https:\/\/wspomozycielka-lodz.pl\/index.php?rest_route=\/wp\/v2\/media\/320"}],"wp:attachment":[{"href":"https:\/\/wspomozycielka-lodz.pl\/index.php?rest_route=%2Fwp%2Fv2%2Fmedia&parent=585"}],"wp:term":[{"taxonomy":"category","embeddable":true,"href":"https:\/\/wspomozycielka-lodz.pl\/index.php?rest_route=%2Fwp%2Fv2%2Fcategories&post=585"},{"taxonomy":"post_tag","embeddable":true,"href":"https:\/\/wspomozycielka-lodz.pl\/index.php?rest_route=%2Fwp%2Fv2%2Ftags&post=585"}],"curies":[{"name":"wp","href":"https:\/\/api.w.org\/{rel}","templated":true}]}}