{"id":583,"date":"2022-03-06T14:32:01","date_gmt":"2022-03-06T13:32:01","guid":{"rendered":"https:\/\/wspomozycielka-lodz.pl\/?p=583"},"modified":"2022-03-06T14:32:02","modified_gmt":"2022-03-06T13:32:02","slug":"intencje-mszalne-6-12-03-2022","status":"publish","type":"post","link":"https:\/\/wspomozycielka-lodz.pl\/?p=583","title":{"rendered":"<strong>INTENCJE MSZALNE (6-12.03.2022)<\/strong>"},"content":{"rendered":"\n<p><\/p>\n\n\n\n<p><strong>Niedziela<\/strong><\/p>\n\n\n\n<p><a>8.30&nbsp;&nbsp;&nbsp; <\/a>W intencji przeb\u0142agalnej za grzechy Joanny, jej rodziny, krewnych i wszystkich przodk\u00f3w<\/p>\n\n\n\n<p>8.30&nbsp;&nbsp;&nbsp; W intencji wszystkich przodk\u00f3w, krewnych \u017cyj\u0105cych i zmar\u0142ych Joanny &#8211; o z\u0142amanie wszystkich przekle\u0144stw i czar\u00f3w<\/p>\n\n\n\n<p>8.30&nbsp;&nbsp;&nbsp; + Marek, Stanis\u0142aw, Stefan, Henryka (f), Genowefa Sobirajscy; Waleria \u0141aszczyk; J\u00f3zef Repski<\/p>\n\n\n\n<p>10.00&nbsp; W intencji Kamila o \u0142ask\u0119 wiary, uzdrowienie i uwolnienie oraz Bo\u017ce b\u0142ogos\u0142awie\u0144stwo<\/p>\n\n\n\n<p>10.00&nbsp; + Krzysztof \u017bukowski, gr 1<\/p>\n\n\n\n<p>10.00&nbsp; + Anna, Andrzej, Wiktoria, Marian, Tadeusz, Janusz Lis; Marianna \u017bak; Irena i Jan Wolszczak; Ida Habuz; Eugeniusz i Przemys\u0142aw Jachimowicz<\/p>\n\n\n\n<p>11.30&nbsp; + Barbara Gajewska, gr 6<\/p>\n\n\n\n<p>11.30&nbsp; + Bernard i Alicja S\u0142omczewscy, gr 1<\/p>\n\n\n\n<p>11.30&nbsp; W intencji Anny i Marcina Domi\u0144skich oraz ich dzieci: Antoniny, Barbary, Tymoteusza<\/p>\n\n\n\n<p>18.00&nbsp; + Roman Bajerski, gr 6<\/p>\n\n\n\n<p><strong>Poniedzia\u0142ek<\/strong><\/p>\n\n\n\n<p>7.30&nbsp;&nbsp;&nbsp; + Barbara Gajewska, gr 7<\/p>\n\n\n\n<p>7.30&nbsp;&nbsp;&nbsp; + Bernard i Alicja S\u0142omczewscy, gr 2<\/p>\n\n\n\n<p>7.30&nbsp;&nbsp;&nbsp; + Krzysztof \u017bukowski, gr 2<\/p>\n\n\n\n<p>7.30&nbsp;&nbsp;&nbsp; Za dusze w czy\u015b\u0107cu cierpi\u0105ce<\/p>\n\n\n\n<p>18.00&nbsp; W intencji przeb\u0142agalnej za grzechy Joanny, jej rodziny, krewnych i wszystkich przodk\u00f3w<\/p>\n\n\n\n<p>18.00&nbsp; W intencji wszystkich przodk\u00f3w, krewnych \u017cyj\u0105cych i zmar\u0142ych Joanny &#8211; o z\u0142amanie wszystkich przekle\u0144stw i czar\u00f3w<\/p>\n\n\n\n<p>18.00&nbsp; + Roman Bajerski, gr 7<\/p>\n\n\n\n<p><strong>Wtorek<\/strong><\/p>\n\n\n\n<p><a>7.30&nbsp;&nbsp;&nbsp; <\/a>+ Barbara Gajewska, gr 8<\/p>\n\n\n\n<p>7.30&nbsp;&nbsp;&nbsp; + Bernard i Alicja S\u0142omczewscy, gr 3<\/p>\n\n\n\n<p>7.30&nbsp;&nbsp;&nbsp; + Krzysztof \u017bukowski, gr 3<\/p>\n\n\n\n<p>7.30&nbsp;&nbsp;&nbsp; Za dusze w czy\u015b\u0107cu cierpi\u0105ce<\/p>\n\n\n\n<p>18.00&nbsp; W intencji przeb\u0142agalnej za grzechy Joanny, jej rodziny, krewnych i wszystkich przodk\u00f3w<\/p>\n\n\n\n<p>18.00&nbsp; W intencji wszystkich przodk\u00f3w, krewnych \u017cyj\u0105cych i zmar\u0142ych Joanny &#8211; o z\u0142amanie wszystkich przekle\u0144stw i czar\u00f3w<\/p>\n\n\n\n<p>18.00&nbsp; + Roman Bajerski, gr 81<\/p>\n\n\n\n<p><strong>\u015aroda<\/strong><\/p>\n\n\n\n<p>7.30&nbsp;&nbsp;&nbsp; + Barbara Gajewska, gr 9<\/p>\n\n\n\n<p>7.30&nbsp;&nbsp;&nbsp; + Bernard i Alicja S\u0142omczewscy, gr 4<\/p>\n\n\n\n<p>7.30&nbsp;&nbsp;&nbsp; + Krzysztof \u017bukowski, gr 4<\/p>\n\n\n\n<p>7.30&nbsp;&nbsp;&nbsp; + Aniela Kuczy\u0144ska (2 rocz. \u015bm.), Antoni Kuczy\u0144ski<\/p>\n\n\n\n<p>18.00&nbsp; W intencji kl. Godfreya o Bo\u017ce b\u0142ogos\u0142awie\u0144stwo i opiek\u0119 Matki Bo\u017cej w dniu urodzin<\/p>\n\n\n\n<p>18.00&nbsp; W intencji przeb\u0142agalnej za grzechy Joanny, jej rodziny, krewnych i wszystkich przodk\u00f3w<\/p>\n\n\n\n<p>18.00&nbsp; W intencji wszystkich przodk\u00f3w, krewnych \u017cyj\u0105cych i zmar\u0142ych Joanny &#8211; o z\u0142amanie wszystkich przekle\u0144stw i czar\u00f3w<\/p>\n\n\n\n<p>18.00&nbsp; + Roman Bajerski, gr 9<\/p>\n\n\n\n<p>18.00&nbsp; + Witold, Adam, Wanda i Helena Skar\u017cy\u0144scy<\/p>\n\n\n\n<p><strong>Czwartek<\/strong><\/p>\n\n\n\n<p>7.30&nbsp;&nbsp;&nbsp; + Barbara Gajewska, gr 10<\/p>\n\n\n\n<p>7.30&nbsp;&nbsp;&nbsp; + Bernard i Alicja S\u0142omczewscy, gr 5<\/p>\n\n\n\n<p>7.30&nbsp;&nbsp;&nbsp; + Krzysztof \u017bukowski, gr 5<\/p>\n\n\n\n<p>7.30&nbsp;&nbsp;&nbsp; W intencji ks. Grzegorza J\u0119draszka o potrzebne \u0142aski<\/p>\n\n\n\n<p>18.00&nbsp; W intencji przeb\u0142agalnej za grzechy Joanny, jej rodziny, krewnych i wszystkich przodk\u00f3w<\/p>\n\n\n\n<p>18.00&nbsp; W intencji wszystkich przodk\u00f3w, krewnych \u017cyj\u0105cych i zmar\u0142ych Joanny &#8211; o z\u0142amanie wszystkich przekle\u0144stw i czar\u00f3w<\/p>\n\n\n\n<p>18.00&nbsp; + Roman Bajerski, gr 10<\/p>\n\n\n\n<p><strong>Pi\u0105tek<\/strong><\/p>\n\n\n\n<p><a>7.30&nbsp;&nbsp;&nbsp; <\/a>O intronizacj\u0119 Serca Jezusowego w rodzinach, w ojczy\u017anie i w ka\u017cdym sercu oraz o beatyfikacj\u0119 S\u0142u\u017cebnicy Bo\u017cej Rozalii Celak\u00f3wny<\/p>\n\n\n\n<p>7.30&nbsp;&nbsp;&nbsp; + Barbara Gajewska, gr 11<\/p>\n\n\n\n<p>7.30&nbsp;&nbsp;&nbsp; + Bernard i Alicja S\u0142omczewscy, gr 6<\/p>\n\n\n\n<p>7.30&nbsp;&nbsp;&nbsp; + Krzysztof \u017bukowski, gr 6<\/p>\n\n\n\n<p>18.00&nbsp; W intencji przeb\u0142agalnej za grzechy Joanny, jej rodziny, krewnych i wszystkich przodk\u00f3w<\/p>\n\n\n\n<p>18.00&nbsp; W intencji wszystkich przodk\u00f3w, krewnych \u017cyj\u0105cych i zmar\u0142ych Joanny &#8211; o z\u0142amanie wszystkich przekle\u0144stw i czar\u00f3w<\/p>\n\n\n\n<p>18.00&nbsp; + Roman Bajerski, gr 11<\/p>\n\n\n\n<p><strong>Sobota<\/strong><\/p>\n\n\n\n<p>7.30&nbsp;&nbsp;&nbsp; W intencji brata Grzegorza Nowaka o Bo\u017ce b\u0142ogos\u0142awie\u0144stwo i opiek\u0119 Matki Bo\u017cej w dniu imienin<\/p>\n\n\n\n<p>7.30&nbsp;&nbsp;&nbsp; W intencji przeb\u0142agalnej za grzechy Joanny, jej rodziny, krewnych i wszystkich przodk\u00f3w<\/p>\n\n\n\n<p>7.30&nbsp;&nbsp;&nbsp; W intencji wszystkich przodk\u00f3w, krewnych \u017cyj\u0105cych i zmar\u0142ych Joanny &#8211; o z\u0142amanie wszystkich przekle\u0144stw i czar\u00f3w<\/p>\n\n\n\n<p>7.30&nbsp;&nbsp;&nbsp; + Barbara Gajewska, gr 12<\/p>\n\n\n\n<p>7.30&nbsp;&nbsp;&nbsp; + Bernard i Alicja S\u0142omczewscy, gr 7<\/p>\n\n\n\n<p>18.00\u00a0 + Roman Bajerski, gr 12 <\/p>\n\n\n\n<p>18.00\u00a0 + Krzysztof \u017bukowski, gr 7<\/p>\n","protected":false},"excerpt":{"rendered":"<p>Niedziela 8.30&nbsp;&nbsp;&nbsp; W intencji przeb\u0142agalnej za grzechy Joanny, jej rodziny, krewnych i wszystkich przodk\u00f3w 8.30&nbsp;&nbsp;&nbsp; W intencji wszystkich przodk\u00f3w, krewnych \u017cyj\u0105cych i zmar\u0142ych Joanny &#8211; o z\u0142amanie wszystkich przekle\u0144stw i czar\u00f3w 8.30&nbsp;&nbsp;&nbsp; + Marek, Stanis\u0142aw, Stefan, Henryka (f), Genowefa Sobirajscy; Waleria \u0141aszczyk; J\u00f3zef Repski 10.00&nbsp; W intencji Kamila o \u0142ask\u0119 [&hellip;]<\/p>\n","protected":false},"author":2,"featured_media":321,"comment_status":"open","ping_status":"open","sticky":false,"template":"","format":"standard","meta":{"footnotes":""},"categories":[2],"tags":[],"class_list":["post-583","post","type-post","status-publish","format-standard","has-post-thumbnail","hentry","category-aktualnosci"],"_links":{"self":[{"href":"https:\/\/wspomozycielka-lodz.pl\/index.php?rest_route=\/wp\/v2\/posts\/583","targetHints":{"allow":["GET"]}}],"collection":[{"href":"https:\/\/wspomozycielka-lodz.pl\/index.php?rest_route=\/wp\/v2\/posts"}],"about":[{"href":"https:\/\/wspomozycielka-lodz.pl\/index.php?rest_route=\/wp\/v2\/types\/post"}],"author":[{"embeddable":true,"href":"https:\/\/wspomozycielka-lodz.pl\/index.php?rest_route=\/wp\/v2\/users\/2"}],"replies":[{"embeddable":true,"href":"https:\/\/wspomozycielka-lodz.pl\/index.php?rest_route=%2Fwp%2Fv2%2Fcomments&post=583"}],"version-history":[{"count":1,"href":"https:\/\/wspomozycielka-lodz.pl\/index.php?rest_route=\/wp\/v2\/posts\/583\/revisions"}],"predecessor-version":[{"id":584,"href":"https:\/\/wspomozycielka-lodz.pl\/index.php?rest_route=\/wp\/v2\/posts\/583\/revisions\/584"}],"wp:featuredmedia":[{"embeddable":true,"href":"https:\/\/wspomozycielka-lodz.pl\/index.php?rest_route=\/wp\/v2\/media\/321"}],"wp:attachment":[{"href":"https:\/\/wspomozycielka-lodz.pl\/index.php?rest_route=%2Fwp%2Fv2%2Fmedia&parent=583"}],"wp:term":[{"taxonomy":"category","embeddable":true,"href":"https:\/\/wspomozycielka-lodz.pl\/index.php?rest_route=%2Fwp%2Fv2%2Fcategories&post=583"},{"taxonomy":"post_tag","embeddable":true,"href":"https:\/\/wspomozycielka-lodz.pl\/index.php?rest_route=%2Fwp%2Fv2%2Ftags&post=583"}],"curies":[{"name":"wp","href":"https:\/\/api.w.org\/{rel}","templated":true}]}}