{"id":581,"date":"2022-02-27T20:46:29","date_gmt":"2022-02-27T19:46:29","guid":{"rendered":"https:\/\/wspomozycielka-lodz.pl\/?p=581"},"modified":"2022-02-27T20:46:30","modified_gmt":"2022-02-27T19:46:30","slug":"ogloszenia-parafialne-27-02-2022","status":"publish","type":"post","link":"https:\/\/wspomozycielka-lodz.pl\/?p=581","title":{"rendered":"<strong>OG\u0141OSZENIA PARAFIALNE (27.02.2022)<\/strong><strong><\/strong>"},"content":{"rendered":"\n<p>1. We wtorek na Mszy wieczornej modlimy si\u0119 za zmar\u0142ych polecanych w wypominkach. Po Mszy wieczornej spotkanie z rozwa\u017caniem S\u0142owa Bo\u017cego.<\/p>\n\n\n\n<p>2. W \u015arod\u0119 Popielcow\u0105, 2 marca, rozpoczynamy okres Wielkiego Postu. Msze \u015bw. w tym dniu o godz. 7.30 i 18.00 &#8211; na ka\u017cdej obrz\u0119d posypania g\u0142\u00f3w popio\u0142em na znak pokuty. Ofiary sk\u0142adane w ten dzie\u0144 przeznaczona s\u0105 na dzie\u0142a charytatywne \u0142\u00f3dzkiej Caritas. Zgodnie te\u017c z pro\u015bb\u0105 Ojca \u015awi\u0119tego Franciszka tegoroczna \u015aroda Popielcowa b\u0119dzie obchodzona w ca\u0142ym Ko\u015bciele jako dzie\u0144 postu i modlitwy w intencji pokoju oraz solidarno\u015bci z Ukrain\u0105.<\/p>\n\n\n\n<p>3. W t\u0119 pierwsz\u0105 \u015brod\u0119 miesi\u0105ca na Mszy wieczornej modlimy si\u0119 te\u017c za Dobrodziej\u00f3w naszej parafii i ca\u0142ego dzie\u0142a salezja\u0144skiego na Wodnej. Przy okazji dzi\u0119kuj\u0119 za ofiary sk\u0142adane na inwestycje w naszej \u015bwi\u0105tyni. Po Mszy wieczornej spotkanie wsp\u00f3lnoty Wieczernika Modlitwy za Kap\u0142an\u00f3w.<\/p>\n\n\n\n<p>4. Przypominamy, \u017ce w \u015arod\u0119 Popielcow\u0105 obowi\u0105zuje nas wstrzemi\u0119\u017aliwo\u015b\u0107 od pokarm\u00f3w mi\u0119snych dla wszystkich powy\u017cej 14. roku \u017cycia oraz post \u015bcis\u0142y (ilo\u015bciowy) dla os\u00f3b pe\u0142noletnich a\u017c do rozpocz\u0119cia 60. roku \u017cycia.<\/p>\n\n\n\n<p>5. Wraz z Wielkim Postem rozpoczynamy tradycyjne nabo\u017ce\u0144stwa:<\/p>\n\n\n\n<ul class=\"wp-block-list\"><li>Droga Krzy\u017cowa w pi\u0105tki: dla dzieci o 16.30; dla doros\u0142ych o 17.15; dla m\u0142odzie\u017cy o 19.30.<\/li><li>Gorzkie \u017bale z kazaniem pasyjnym w niedziele o 17.15.<\/li><\/ul>\n\n\n\n<p>6. W pierwszy czwartek miesi\u0105ca na Mszy wieczornej modlimy si\u0119 za kap\u0142an\u00f3w pos\u0142uguj\u0105cych w naszej parafii i o nowe powo\u0142ania. Po Mszy \u015bw. adoracja Naj\u015bwi\u0119tszego Sakramentu.<\/p>\n\n\n\n<p>7. W pierwszy pi\u0105tek miesi\u0105ca od godz. 15.00 Godzina Mi\u0142osierdzia i adoracja Naj\u015bwi\u0119tszego Sakramentu. Po Mszy wieczornej spotkanie wsp\u00f3lnoty Stra\u017cy Honorowej NSPJ.<\/p>\n\n\n\n<p>8. W pierwsz\u0105 sobot\u0119 miesi\u0105ca po Mszy porannej nabo\u017ce\u0144stwo maryjne. O godz. 17.00 r\u00f3\u017caniec prowadzony przez wsp\u00f3lnot\u0119 \u017bywego R\u00f3\u017ca\u0144ca.<\/p>\n\n\n\n<p>9. Dzi\u015b po Mszy mo\u017cna z\u0142o\u017cy\u0107 ofiar\u0119 do puszki na Radio Maryja. <\/p>\n\n\n\n<p>10. W przysz\u0142\u0105 niedziel\u0119 b\u0119dzie spotkanie dla dzieci przygotowuj\u0105cych si\u0119 do pierwszej Komunii \u015awi\u0119tej i ich rodzic\u00f3w. Zapraszamy na godz. 11.30.<\/p>\n","protected":false},"excerpt":{"rendered":"<p>1. We wtorek na Mszy wieczornej modlimy si\u0119 za zmar\u0142ych polecanych w wypominkach. Po Mszy wieczornej spotkanie z rozwa\u017caniem S\u0142owa Bo\u017cego. 2. W \u015arod\u0119 Popielcow\u0105, 2 marca, rozpoczynamy okres Wielkiego Postu. Msze \u015bw. w tym dniu o godz. 7.30 i 18.00 &#8211; na ka\u017cdej obrz\u0119d posypania g\u0142\u00f3w popio\u0142em na znak [&hellip;]<\/p>\n","protected":false},"author":2,"featured_media":320,"comment_status":"open","ping_status":"open","sticky":false,"template":"","format":"standard","meta":{"footnotes":""},"categories":[2],"tags":[],"class_list":["post-581","post","type-post","status-publish","format-standard","has-post-thumbnail","hentry","category-aktualnosci"],"_links":{"self":[{"href":"https:\/\/wspomozycielka-lodz.pl\/index.php?rest_route=\/wp\/v2\/posts\/581","targetHints":{"allow":["GET"]}}],"collection":[{"href":"https:\/\/wspomozycielka-lodz.pl\/index.php?rest_route=\/wp\/v2\/posts"}],"about":[{"href":"https:\/\/wspomozycielka-lodz.pl\/index.php?rest_route=\/wp\/v2\/types\/post"}],"author":[{"embeddable":true,"href":"https:\/\/wspomozycielka-lodz.pl\/index.php?rest_route=\/wp\/v2\/users\/2"}],"replies":[{"embeddable":true,"href":"https:\/\/wspomozycielka-lodz.pl\/index.php?rest_route=%2Fwp%2Fv2%2Fcomments&post=581"}],"version-history":[{"count":1,"href":"https:\/\/wspomozycielka-lodz.pl\/index.php?rest_route=\/wp\/v2\/posts\/581\/revisions"}],"predecessor-version":[{"id":582,"href":"https:\/\/wspomozycielka-lodz.pl\/index.php?rest_route=\/wp\/v2\/posts\/581\/revisions\/582"}],"wp:featuredmedia":[{"embeddable":true,"href":"https:\/\/wspomozycielka-lodz.pl\/index.php?rest_route=\/wp\/v2\/media\/320"}],"wp:attachment":[{"href":"https:\/\/wspomozycielka-lodz.pl\/index.php?rest_route=%2Fwp%2Fv2%2Fmedia&parent=581"}],"wp:term":[{"taxonomy":"category","embeddable":true,"href":"https:\/\/wspomozycielka-lodz.pl\/index.php?rest_route=%2Fwp%2Fv2%2Fcategories&post=581"},{"taxonomy":"post_tag","embeddable":true,"href":"https:\/\/wspomozycielka-lodz.pl\/index.php?rest_route=%2Fwp%2Fv2%2Ftags&post=581"}],"curies":[{"name":"wp","href":"https:\/\/api.w.org\/{rel}","templated":true}]}}