{"id":579,"date":"2022-02-27T20:45:32","date_gmt":"2022-02-27T19:45:32","guid":{"rendered":"https:\/\/wspomozycielka-lodz.pl\/?p=579"},"modified":"2022-02-27T20:45:32","modified_gmt":"2022-02-27T19:45:32","slug":"intencje-mszalne-27-02-5-03-2022","status":"publish","type":"post","link":"https:\/\/wspomozycielka-lodz.pl\/?p=579","title":{"rendered":"<strong>INTENCJE MSZALNE (27.02-5.03..2022)<\/strong>"},"content":{"rendered":"\n<p><strong>Niedziela<\/strong><\/p>\n\n\n\n<p><a>8.30&nbsp;&nbsp;&nbsp; <\/a>W intencji przeb\u0142agalnej za grzechy Joanny, jej rodziny, krewnych i wszystkich przodk\u00f3w<\/p>\n\n\n\n<p>8.30&nbsp;&nbsp;&nbsp; O Bo\u017ce b\u0142ogos\u0142awie\u0144stwo, opiek\u0119 Matki Naj\u015bwi\u0119tszej i \u017cycie zgodne z Ewangeli\u0105 dla rodziny<\/p>\n\n\n\n<p>8.30&nbsp;&nbsp;&nbsp; O opiek\u0119 Matki Bo\u017cej i b\u0142ogos\u0142awie\u0144stwo Bo\u017ce<\/p>\n\n\n\n<p>10.00&nbsp; + W\u0142adys\u0142aw Rudzi\u0144ski (17 rocz. \u015bm.), Tadeusz, Maria, Zofia, Micha\u0142<\/p>\n\n\n\n<p>10.00&nbsp; Za zmar\u0142ych braci Sapun<\/p>\n\n\n\n<p>10.00&nbsp; + Walentyna (f) Kowalczyk<\/p>\n\n\n\n<p>11.30&nbsp; + Jacek Fronc, gr. 27<\/p>\n\n\n\n<p>11.30&nbsp; + Dariusz Paprocki, gr 27<\/p>\n\n\n\n<p>11.30&nbsp; Przeb\u0142agalna za grzechy Krystyny i Tomasza<\/p>\n\n\n\n<p>18.00&nbsp; W intencji Anny i jej rodziny o potrzebne \u0142aski<\/p>\n\n\n\n<p>18.00&nbsp; + J\u00f3zef Malczewski; Mieczys\u0142aw Miru\u0144ski; Henryk Gosik<\/p>\n\n\n\n<p><strong>Poniedzia\u0142ek<\/strong><\/p>\n\n\n\n<p>7.30&nbsp;&nbsp;&nbsp; + Stanis\u0142aw Donifacy (31 rocz. \u015bm.)<\/p>\n\n\n\n<p>7.30&nbsp;&nbsp;&nbsp; + Jacek Fronc, gr. 28<\/p>\n\n\n\n<p>7.30&nbsp;&nbsp;&nbsp; + Dariusz Paprocki, gr 28<\/p>\n\n\n\n<p>7.30&nbsp;&nbsp;&nbsp; O powr\u00f3t do zdrowia dla Poli<\/p>\n\n\n\n<p>18.00&nbsp; W intencji przeb\u0142agalnej za grzechy Joanny, jej rodziny, krewnych i wszystkich przodk\u00f3w<\/p>\n\n\n\n<p>18.00&nbsp; O Bo\u017ce b\u0142ogos\u0142awie\u0144stwo i potrzebne \u0142aski dla Stanis\u0142awa i Paw\u0142a<\/p>\n\n\n\n<p>18.00&nbsp; W intencji Maksymiliana o \u0142ask\u0119 chrztu \u015bwi\u0119tego<\/p>\n\n\n\n<p>18.00&nbsp; + Zofia, Stanis\u0142aw, Zofia, Jan Janiczek i zmarli z rodziny<\/p>\n\n\n\n<p><strong>Wtorek<\/strong><\/p>\n\n\n\n<p><a>7.30&nbsp;&nbsp;&nbsp; <\/a>+ Jacek Fronc, gr. 29<\/p>\n\n\n\n<p>7.30&nbsp;&nbsp;&nbsp; + Dariusz Paprocki, gr 29<\/p>\n\n\n\n<p>7.30&nbsp;&nbsp;&nbsp; + Barbara Gajewska, gr 1 (od Ko\u0142a Bibliotecznego Szko\u0142y Salezja\u0144skiej)<\/p>\n\n\n\n<p>7.30&nbsp;&nbsp;&nbsp; W intencji rodziny Wojciechowskich o potrzebne \u0142aski<\/p>\n\n\n\n<p>18.00&nbsp; W intencji przeb\u0142agalnej za grzechy Joanny, jej rodziny, krewnych i wszystkich przodk\u00f3w<\/p>\n\n\n\n<p>18.00&nbsp; Za zmar\u0142ych polecanych w wypominkach<\/p>\n\n\n\n<p>18.00&nbsp; + Roman Bajerski, gr 1<\/p>\n\n\n\n<p><strong>\u015aroda<\/strong><\/p>\n\n\n\n<p>7.30&nbsp;&nbsp;&nbsp; + Jacek Fronc, gr. 30<\/p>\n\n\n\n<p>7.30&nbsp;&nbsp;&nbsp; + Dariusz Paprocki, gr 30<\/p>\n\n\n\n<p>7.30&nbsp;&nbsp;&nbsp; + Barbara Gajewska, gr 2<\/p>\n\n\n\n<p>18.00&nbsp; W intencji Dobrodziej\u00f3w parafii i dzie\u0142a salezja\u0144skiego na Wodnej<\/p>\n\n\n\n<p>18.00&nbsp; W intencji przeb\u0142agalnej za grzechy Joanny, jej rodziny, krewnych i wszystkich przodk\u00f3w<\/p>\n\n\n\n<p>18.00&nbsp; O zdrowie i potrzebne \u0142aski dla Piotra w 26 rocznic\u0119 urodzin i b\u0142ogos\u0142awie\u0144stwo Bo\u017ce dla ca\u0142ej jego rodziny<\/p>\n\n\n\n<p>18.00&nbsp; W intencji wszystkich przodk\u00f3w, krewnych \u017cyj\u0105cych i zmar\u0142ych Joanny &#8211; o z\u0142amanie wszystkich przekle\u0144stw i czar\u00f3w<\/p>\n\n\n\n<p>18.00&nbsp; + Roman Bajerski, gr 2<\/p>\n\n\n\n<p><strong>Czwartek<\/strong><\/p>\n\n\n\n<p>7.30&nbsp;&nbsp;&nbsp; + Wac\u0142aw i Wac\u0142awa (f) Sanik<\/p>\n\n\n\n<p>7.30&nbsp;&nbsp;&nbsp; + Barbara Gajewska, gr 3<\/p>\n\n\n\n<p>18.00&nbsp; W intencji kap\u0142an\u00f3w pos\u0142uguj\u0105cych w naszej parafii i o nowe powo\u0142ania kap\u0142a\u0144skie, zakonne i misyjne<\/p>\n\n\n\n<p>18.00&nbsp; W intencji przeb\u0142agalnej za grzechy Joanny, jej rodziny, krewnych i wszystkich przodk\u00f3w<\/p>\n\n\n\n<p>18.00&nbsp; W intencji wszystkich przodk\u00f3w, krewnych \u017cyj\u0105cych i zmar\u0142ych Joanny &#8211; o z\u0142amanie wszystkich przekle\u0144stw i czar\u00f3w<\/p>\n\n\n\n<p>18.00&nbsp; + Roman Bajerski, gr 3<\/p>\n\n\n\n<p>18.00&nbsp; + Jan \u017bylak (4 rocz. \u015bm.)<\/p>\n\n\n\n<p><strong>Pi\u0105tek<\/strong><\/p>\n\n\n\n<p><a>7.30&nbsp;&nbsp;&nbsp; <\/a>Dzi\u0119kczynno-b\u0142agalna do Naj\u015bwi\u0119tszego Serca Pana Jezusa<\/p>\n\n\n\n<p>7.30&nbsp;&nbsp;&nbsp; + Barbara Gajewska, gr 4<\/p>\n\n\n\n<p>18.00&nbsp; O wzrost duchowy i liczebny cz\u0142onk\u00f3w Stra\u017cy Honorowej NSJ oraz o zdrowie i potrzebne \u0142aski dla ksi\u0119dza opiekuna<\/p>\n\n\n\n<p>18.00&nbsp; W intencji przeb\u0142agalnej za grzechy Joanny, jej rodziny, krewnych i wszystkich przodk\u00f3w<\/p>\n\n\n\n<p>18.00&nbsp; Wynagradzaj\u0105ca za pope\u0142nione grzechy aborcji w rodzinie<\/p>\n\n\n\n<p>18.00&nbsp; W intencji wszystkich przodk\u00f3w, krewnych \u017cyj\u0105cych i zmar\u0142ych Joanny &#8211; o z\u0142amanie wszystkich przekle\u0144stw i czar\u00f3w<\/p>\n\n\n\n<p>18.00&nbsp; + Roman Bajerski, gr 4<\/p>\n\n\n\n<p><strong>Sobota<\/strong><\/p>\n\n\n\n<p>7.30&nbsp;&nbsp;&nbsp; W intencji zmar\u0142ych i \u017cyj\u0105cych cz\u0142onk\u00f3w \u017bywej R\u00f3\u017cy; Wynagradzaj\u0105ca Niepokalanemu Sercu Maryi i Naj\u015bwi\u0119tszemu Sercu Jezusa za zniewagi, jakich doznaj\u0105 od przeciwnik\u00f3w Ko\u015bcio\u0142a \u015bwi\u0119tego<\/p>\n\n\n\n<p>7.30&nbsp;&nbsp;&nbsp; O \u015bwi\u0119te rodziny w naszej parafii i ojczy\u017anie przez wstawiennictwo Matki Bo\u017cej<\/p>\n\n\n\n<p>7.30&nbsp;&nbsp;&nbsp; Wynagradzaj\u0105ca Niepokalanemu Sercu Maryi za grzechy rodziny i o dalsz\u0105 opiek\u0119 Matki Bo\u017cej<\/p>\n\n\n\n<p>7.30&nbsp;&nbsp;&nbsp; W intencji przeb\u0142agalnej za grzechy Joanny, jej rodziny, krewnych i wszystkich przodk\u00f3w<\/p>\n\n\n\n<p>7.30&nbsp;&nbsp;&nbsp; W intencji wszystkich przodk\u00f3w, krewnych \u017cyj\u0105cych i zmar\u0142ych Joanny &#8211; o z\u0142amanie wszystkich przekle\u0144stw i czar\u00f3w<\/p>\n\n\n\n<p>7.30&nbsp;&nbsp;&nbsp; + Barbara Gajewska, gr 5<\/p>\n\n\n\n<p>18.00&nbsp; W intencji Paw\u0142a o Bo\u017ce b\u0142ogos\u0142awie\u0144stwo i potrzebne \u0142aski w dniu urodzin<\/p>\n\n\n\n<p>18.00\u00a0 + Marianna i Henryk \u015awi\u0105tniccy (int. w rocznic\u0119 \u015bmierci Marianny) <\/p>\n\n\n\n<p>18.00\u00a0 + Roman Bajerski, gr 5<\/p>\n","protected":false},"excerpt":{"rendered":"<p>Niedziela 8.30&nbsp;&nbsp;&nbsp; W intencji przeb\u0142agalnej za grzechy Joanny, jej rodziny, krewnych i wszystkich przodk\u00f3w 8.30&nbsp;&nbsp;&nbsp; O Bo\u017ce b\u0142ogos\u0142awie\u0144stwo, opiek\u0119 Matki Naj\u015bwi\u0119tszej i \u017cycie zgodne z Ewangeli\u0105 dla rodziny 8.30&nbsp;&nbsp;&nbsp; O opiek\u0119 Matki Bo\u017cej i b\u0142ogos\u0142awie\u0144stwo Bo\u017ce 10.00&nbsp; + W\u0142adys\u0142aw Rudzi\u0144ski (17 rocz. \u015bm.), Tadeusz, Maria, Zofia, Micha\u0142 10.00&nbsp; Za zmar\u0142ych [&hellip;]<\/p>\n","protected":false},"author":2,"featured_media":321,"comment_status":"open","ping_status":"open","sticky":false,"template":"","format":"standard","meta":{"footnotes":""},"categories":[2],"tags":[],"class_list":["post-579","post","type-post","status-publish","format-standard","has-post-thumbnail","hentry","category-aktualnosci"],"_links":{"self":[{"href":"https:\/\/wspomozycielka-lodz.pl\/index.php?rest_route=\/wp\/v2\/posts\/579","targetHints":{"allow":["GET"]}}],"collection":[{"href":"https:\/\/wspomozycielka-lodz.pl\/index.php?rest_route=\/wp\/v2\/posts"}],"about":[{"href":"https:\/\/wspomozycielka-lodz.pl\/index.php?rest_route=\/wp\/v2\/types\/post"}],"author":[{"embeddable":true,"href":"https:\/\/wspomozycielka-lodz.pl\/index.php?rest_route=\/wp\/v2\/users\/2"}],"replies":[{"embeddable":true,"href":"https:\/\/wspomozycielka-lodz.pl\/index.php?rest_route=%2Fwp%2Fv2%2Fcomments&post=579"}],"version-history":[{"count":1,"href":"https:\/\/wspomozycielka-lodz.pl\/index.php?rest_route=\/wp\/v2\/posts\/579\/revisions"}],"predecessor-version":[{"id":580,"href":"https:\/\/wspomozycielka-lodz.pl\/index.php?rest_route=\/wp\/v2\/posts\/579\/revisions\/580"}],"wp:featuredmedia":[{"embeddable":true,"href":"https:\/\/wspomozycielka-lodz.pl\/index.php?rest_route=\/wp\/v2\/media\/321"}],"wp:attachment":[{"href":"https:\/\/wspomozycielka-lodz.pl\/index.php?rest_route=%2Fwp%2Fv2%2Fmedia&parent=579"}],"wp:term":[{"taxonomy":"category","embeddable":true,"href":"https:\/\/wspomozycielka-lodz.pl\/index.php?rest_route=%2Fwp%2Fv2%2Fcategories&post=579"},{"taxonomy":"post_tag","embeddable":true,"href":"https:\/\/wspomozycielka-lodz.pl\/index.php?rest_route=%2Fwp%2Fv2%2Ftags&post=579"}],"curies":[{"name":"wp","href":"https:\/\/api.w.org\/{rel}","templated":true}]}}