{"id":577,"date":"2022-02-20T17:16:28","date_gmt":"2022-02-20T16:16:28","guid":{"rendered":"https:\/\/wspomozycielka-lodz.pl\/?p=577"},"modified":"2022-02-20T17:16:29","modified_gmt":"2022-02-20T16:16:29","slug":"ogloszenia-parafialne-20-02-2022","status":"publish","type":"post","link":"https:\/\/wspomozycielka-lodz.pl\/?p=577","title":{"rendered":"<strong>OG\u0141OSZENIA PARAFIALNE (20.02.2022)<\/strong><strong><\/strong>"},"content":{"rendered":"\n<p>1. Nowenna do Maryi Wspomo\u017cycielki o godz. 17.40.<\/p>\n\n\n\n<p>2. W poniedzia\u0142ek po Mszy wieczornej spotkanie Sodalicji Maria\u0144skiej.<\/p>\n\n\n\n<p>3. We wtorek po Mszy wieczornej spotkanie z rozwa\u017caniem S\u0142owa Bo\u017cego.<\/p>\n\n\n\n<p>4. W czwartek o godz. 17.00 ho\u0142d ku czci Maryi Wspomo\u017cycielki. Po Mszy wieczornej adoracja Naj\u015bwi\u0119tszego Sakramentu.<\/p>\n\n\n\n<p>5. W pi\u0105tek kancelaria parafialna b\u0119dzie nieczynna. <\/p>\n\n\n\n<p>6. Z naszej wsp\u00f3lnoty parafialnej do wieczno\u015bci odeszli: Andrzej Wojciechowski, lat 71; Krystyna Sierecka, lat 94. <em>Wieczny odpoczynek racz im da\u0107, Panie<\/em>&#8230;.<\/p>\n","protected":false},"excerpt":{"rendered":"<p>1. Nowenna do Maryi Wspomo\u017cycielki o godz. 17.40. 2. W poniedzia\u0142ek po Mszy wieczornej spotkanie Sodalicji Maria\u0144skiej. 3. We wtorek po Mszy wieczornej spotkanie z rozwa\u017caniem S\u0142owa Bo\u017cego. 4. W czwartek o godz. 17.00 ho\u0142d ku czci Maryi Wspomo\u017cycielki. Po Mszy wieczornej adoracja Naj\u015bwi\u0119tszego Sakramentu. 5. W pi\u0105tek kancelaria parafialna [&hellip;]<\/p>\n","protected":false},"author":2,"featured_media":320,"comment_status":"open","ping_status":"open","sticky":false,"template":"","format":"standard","meta":{"footnotes":""},"categories":[2],"tags":[],"class_list":["post-577","post","type-post","status-publish","format-standard","has-post-thumbnail","hentry","category-aktualnosci"],"_links":{"self":[{"href":"https:\/\/wspomozycielka-lodz.pl\/index.php?rest_route=\/wp\/v2\/posts\/577","targetHints":{"allow":["GET"]}}],"collection":[{"href":"https:\/\/wspomozycielka-lodz.pl\/index.php?rest_route=\/wp\/v2\/posts"}],"about":[{"href":"https:\/\/wspomozycielka-lodz.pl\/index.php?rest_route=\/wp\/v2\/types\/post"}],"author":[{"embeddable":true,"href":"https:\/\/wspomozycielka-lodz.pl\/index.php?rest_route=\/wp\/v2\/users\/2"}],"replies":[{"embeddable":true,"href":"https:\/\/wspomozycielka-lodz.pl\/index.php?rest_route=%2Fwp%2Fv2%2Fcomments&post=577"}],"version-history":[{"count":1,"href":"https:\/\/wspomozycielka-lodz.pl\/index.php?rest_route=\/wp\/v2\/posts\/577\/revisions"}],"predecessor-version":[{"id":578,"href":"https:\/\/wspomozycielka-lodz.pl\/index.php?rest_route=\/wp\/v2\/posts\/577\/revisions\/578"}],"wp:featuredmedia":[{"embeddable":true,"href":"https:\/\/wspomozycielka-lodz.pl\/index.php?rest_route=\/wp\/v2\/media\/320"}],"wp:attachment":[{"href":"https:\/\/wspomozycielka-lodz.pl\/index.php?rest_route=%2Fwp%2Fv2%2Fmedia&parent=577"}],"wp:term":[{"taxonomy":"category","embeddable":true,"href":"https:\/\/wspomozycielka-lodz.pl\/index.php?rest_route=%2Fwp%2Fv2%2Fcategories&post=577"},{"taxonomy":"post_tag","embeddable":true,"href":"https:\/\/wspomozycielka-lodz.pl\/index.php?rest_route=%2Fwp%2Fv2%2Ftags&post=577"}],"curies":[{"name":"wp","href":"https:\/\/api.w.org\/{rel}","templated":true}]}}