{"id":575,"date":"2022-02-20T17:14:57","date_gmt":"2022-02-20T16:14:57","guid":{"rendered":"https:\/\/wspomozycielka-lodz.pl\/?p=575"},"modified":"2022-02-20T17:14:58","modified_gmt":"2022-02-20T16:14:58","slug":"intencje-mszalne-20-26-02-2022","status":"publish","type":"post","link":"https:\/\/wspomozycielka-lodz.pl\/?p=575","title":{"rendered":"<strong>INTENCJE MSZALNE (20-26.02.2022)<\/strong>"},"content":{"rendered":"\n<p><strong>Niedziela<\/strong><\/p>\n\n\n\n<p><a>8.30&nbsp;&nbsp;&nbsp; <\/a>W intencji przeb\u0142agalnej za grzechy Joanny, jej rodziny, krewnych i wszystkich przodk\u00f3w<\/p>\n\n\n\n<p>8.30&nbsp;&nbsp;&nbsp; Za dusze w czy\u015b\u0107cu cierpi\u0105ce<\/p>\n\n\n\n<p>10.00&nbsp; W intencji Danuty o Bo\u017ce b\u0142ogos\u0142awie\u0144stwo i opiek\u0119 Matki Bo\u017cej z okazji imienin<\/p>\n\n\n\n<p>10.00&nbsp; + W\u0142adys\u0142aw Lerka; Miros\u0142aw-Romuald Samiec; Helena i Wincenty Walczak i zmarli z rodziny Walczak\u00f3w<\/p>\n\n\n\n<p>10.00&nbsp; + W\u0142adys\u0142aw Ulczycki (4 rocz. \u015bm.)<\/p>\n\n\n\n<p>10.00&nbsp; Dzi\u0119kczynno-b\u0142agalna o Bo\u017ce b\u0142ogos\u0142awie\u0144stwo, zdrowie i si\u0142\u0119 do walki z chorob\u0105 dla Krystyny<\/p>\n\n\n\n<p>11.30&nbsp; + Jacek Fronc, gr. 20<\/p>\n\n\n\n<p>11.30&nbsp; + Dariusz Paprocki, gr 20<\/p>\n\n\n\n<p>11.30&nbsp; + Marianna Szel\u0105g<\/p>\n\n\n\n<p>18.00&nbsp; O \u0142ask\u0119 zdrowia dla Anny<\/p>\n\n\n\n<p><strong>Poniedzia\u0142ek<\/strong><\/p>\n\n\n\n<p>7.30&nbsp;&nbsp;&nbsp; + Jacek Fronc, gr. 21<\/p>\n\n\n\n<p>7.30&nbsp;&nbsp;&nbsp; + Dariusz Paprocki, gr 21<\/p>\n\n\n\n<p>7.30&nbsp;&nbsp;&nbsp; Dzi\u0119kczynno-b\u0142agalna o Bo\u017ce b\u0142ogos\u0142awie\u0144stwo, zdrowie i si\u0142\u0119 do walki z chorob\u0105 dla Krystyny<\/p>\n\n\n\n<p>18.00&nbsp; W intencji przeb\u0142agalnej za grzechy Joanny, jej rodziny, krewnych i wszystkich przodk\u00f3w<\/p>\n\n\n\n<p>18.00&nbsp; + J\u00f3zef \u017bubrowski (2 rocz. \u015bm.)<\/p>\n\n\n\n<p>18.00&nbsp; + Krystyna, Ryszard, Dariusz Ko\u017alikowie i dusze w czy\u015b\u0107cu cierpi\u0105ce<\/p>\n\n\n\n<p><strong>Wtorek<\/strong><\/p>\n\n\n\n<p><a>7.30&nbsp;&nbsp;&nbsp; <\/a>+ Jacek Fronc, gr. 22<\/p>\n\n\n\n<p>7.30&nbsp;&nbsp;&nbsp; + Dariusz Paprocki, gr 22<\/p>\n\n\n\n<p>7.30&nbsp;&nbsp;&nbsp; Dzi\u0119kczynno-b\u0142agalna o Bo\u017ce b\u0142ogos\u0142awie\u0144stwo, zdrowie i si\u0142\u0119 do walki z chorob\u0105 dla Krystyny<\/p>\n\n\n\n<p>7.30&nbsp;&nbsp;&nbsp; + Micha\u0142 (8 rocz. \u015bm.) i zmarli z rodziny<\/p>\n\n\n\n<p>18.00&nbsp; W intencji przeb\u0142agalnej za grzechy Joanny, jej rodziny, krewnych i wszystkich przodk\u00f3w<\/p>\n\n\n\n<p>18.00&nbsp; + Krzysztof Suskiewicz (w 68 urodziny)<\/p>\n\n\n\n<p>18.00&nbsp; + ks. Stanis\u0142aw Szmidt (3 rocz. \u015bm.)<\/p>\n\n\n\n<p><strong>\u015aroda<\/strong><\/p>\n\n\n\n<p>7.30&nbsp;&nbsp;&nbsp; Dzi\u0119kczynna za zdrowie i \u017cycie<\/p>\n\n\n\n<p>7.30&nbsp;&nbsp;&nbsp; + Jacek Fronc, gr. 23<\/p>\n\n\n\n<p>7.30&nbsp;&nbsp;&nbsp; + Dariusz Paprocki, gr 23<\/p>\n\n\n\n<p>7.30&nbsp;&nbsp;&nbsp; O szcz\u0119\u015bliwy przebieg operacji i powr\u00f3t do zdrowia dla Magdaleny i za lekarza prowadz\u0105cego<\/p>\n\n\n\n<p>18.00&nbsp; W intencji przeb\u0142agalnej za grzechy Joanny, jej rodziny, krewnych i wszystkich przodk\u00f3w<\/p>\n\n\n\n<p>18.00&nbsp; + Mariola Marek<\/p>\n\n\n\n<p><strong>Czwartek<\/strong><\/p>\n\n\n\n<p>7.30&nbsp;&nbsp;&nbsp; + Jacek Fronc, gr. 24<\/p>\n\n\n\n<p>7.30&nbsp;&nbsp;&nbsp; + Dariusz Paprocki, gr 24<\/p>\n\n\n\n<p>18.00&nbsp; W intencji cz\u0142onk\u00f3w Sodalicji Maria\u0144skiej: dla \u017cywych o Bo\u017ce b\u0142ogos\u0142awie\u0144stwo i dla zmar\u0142ych o wieczn\u0105 rado\u015b\u0107<\/p>\n\n\n\n<p>18.00&nbsp; W intencji przeb\u0142agalnej za grzechy Joanny, jej rodziny, krewnych i wszystkich przodk\u00f3w<\/p>\n\n\n\n<p>18.00&nbsp; Dzi\u0119kczynno-b\u0142agalna za Zofi\u0119 i Aleksandra z okazji 43 rocznicy \u015blubu<\/p>\n\n\n\n<p>18.00&nbsp; Za dusze w czy\u015b\u0107cu cierpi\u0105ce<\/p>\n\n\n\n<p><strong>Pi\u0105tek<\/strong><\/p>\n\n\n\n<p><a>7.30&nbsp;&nbsp;&nbsp; <\/a>+ Jacek Fronc, gr. 25<\/p>\n\n\n\n<p>7.30&nbsp;&nbsp;&nbsp; + Dariusz Paprocki, gr 25<\/p>\n\n\n\n<p>18.00&nbsp; W intencji przeb\u0142agalnej za grzechy Joanny, jej rodziny, krewnych i wszystkich przodk\u00f3w<\/p>\n\n\n\n<p>18.00&nbsp; + Zofia Gortat<\/p>\n\n\n\n<p><strong>Sobota<\/strong><\/p>\n\n\n\n<p>7.30&nbsp;&nbsp;&nbsp; W intencji przeb\u0142agalnej za grzechy Joanny, jej rodziny, krewnych i wszystkich przodk\u00f3w<\/p>\n\n\n\n<p>7.30&nbsp;&nbsp;&nbsp; + Jacek Fronc, gr. 26<\/p>\n\n\n\n<p>7.30\u00a0\u00a0\u00a0 + Dariusz Paprocki, gr 26 <\/p>\n\n\n\n<p>18.00\u00a0 + Alicja Szondermajer<\/p>\n","protected":false},"excerpt":{"rendered":"<p>Niedziela 8.30&nbsp;&nbsp;&nbsp; W intencji przeb\u0142agalnej za grzechy Joanny, jej rodziny, krewnych i wszystkich przodk\u00f3w 8.30&nbsp;&nbsp;&nbsp; Za dusze w czy\u015b\u0107cu cierpi\u0105ce 10.00&nbsp; W intencji Danuty o Bo\u017ce b\u0142ogos\u0142awie\u0144stwo i opiek\u0119 Matki Bo\u017cej z okazji imienin 10.00&nbsp; + W\u0142adys\u0142aw Lerka; Miros\u0142aw-Romuald Samiec; Helena i Wincenty Walczak i zmarli z rodziny Walczak\u00f3w 10.00&nbsp; [&hellip;]<\/p>\n","protected":false},"author":2,"featured_media":321,"comment_status":"open","ping_status":"open","sticky":false,"template":"","format":"standard","meta":{"footnotes":""},"categories":[2],"tags":[],"class_list":["post-575","post","type-post","status-publish","format-standard","has-post-thumbnail","hentry","category-aktualnosci"],"_links":{"self":[{"href":"https:\/\/wspomozycielka-lodz.pl\/index.php?rest_route=\/wp\/v2\/posts\/575","targetHints":{"allow":["GET"]}}],"collection":[{"href":"https:\/\/wspomozycielka-lodz.pl\/index.php?rest_route=\/wp\/v2\/posts"}],"about":[{"href":"https:\/\/wspomozycielka-lodz.pl\/index.php?rest_route=\/wp\/v2\/types\/post"}],"author":[{"embeddable":true,"href":"https:\/\/wspomozycielka-lodz.pl\/index.php?rest_route=\/wp\/v2\/users\/2"}],"replies":[{"embeddable":true,"href":"https:\/\/wspomozycielka-lodz.pl\/index.php?rest_route=%2Fwp%2Fv2%2Fcomments&post=575"}],"version-history":[{"count":1,"href":"https:\/\/wspomozycielka-lodz.pl\/index.php?rest_route=\/wp\/v2\/posts\/575\/revisions"}],"predecessor-version":[{"id":576,"href":"https:\/\/wspomozycielka-lodz.pl\/index.php?rest_route=\/wp\/v2\/posts\/575\/revisions\/576"}],"wp:featuredmedia":[{"embeddable":true,"href":"https:\/\/wspomozycielka-lodz.pl\/index.php?rest_route=\/wp\/v2\/media\/321"}],"wp:attachment":[{"href":"https:\/\/wspomozycielka-lodz.pl\/index.php?rest_route=%2Fwp%2Fv2%2Fmedia&parent=575"}],"wp:term":[{"taxonomy":"category","embeddable":true,"href":"https:\/\/wspomozycielka-lodz.pl\/index.php?rest_route=%2Fwp%2Fv2%2Fcategories&post=575"},{"taxonomy":"post_tag","embeddable":true,"href":"https:\/\/wspomozycielka-lodz.pl\/index.php?rest_route=%2Fwp%2Fv2%2Ftags&post=575"}],"curies":[{"name":"wp","href":"https:\/\/api.w.org\/{rel}","templated":true}]}}