{"id":573,"date":"2022-02-15T14:51:33","date_gmt":"2022-02-15T13:51:33","guid":{"rendered":"https:\/\/wspomozycielka-lodz.pl\/?p=573"},"modified":"2022-02-15T14:51:33","modified_gmt":"2022-02-15T13:51:33","slug":"intencje-mszalne-13-19-02-2022","status":"publish","type":"post","link":"https:\/\/wspomozycielka-lodz.pl\/?p=573","title":{"rendered":"<strong>INTENCJE MSZALNE (13-19.02.2022)<\/strong>"},"content":{"rendered":"\n<p><strong>Niedziela<\/strong><\/p>\n\n\n\n<p><a>8.30&nbsp;&nbsp;&nbsp; <\/a>W intencji przeb\u0142agalnej za grzechy Joanny, jej rodziny, krewnych i wszystkich przodk\u00f3w<\/p>\n\n\n\n<p>8.30&nbsp;&nbsp;&nbsp; Dzi\u0119kczynno-b\u0142agalna w intencji Micha\u0142a przez wstawiennictwo Matki Bo\u017cej i \u015bw. J\u00f3zefa z pro\u015bb\u0105 o Bo\u017ce b\u0142ogos\u0142awie\u0144stwo i wype\u0142nienie woli Bo\u017cej w \u017cyciu jego i rodziny<\/p>\n\n\n\n<p>8.30&nbsp;&nbsp;&nbsp; O Bo\u017ce b\u0142ogos\u0142awie\u0144stwo, potrzebne \u0142aski i opiek\u0119 Matki Naj\u015bwi\u0119tszej dla Piotra i Pauliny<\/p>\n\n\n\n<p>10.00&nbsp; + Janina i Alojzy Jeske<\/p>\n\n\n\n<p>10.00&nbsp; + Jadwiga Szyd\u0142owska (13 rocz. \u015bm.)<\/p>\n\n\n\n<p>10.00&nbsp; + Pawe\u0142 Nowak &#8211; o \u0142ask\u0119 nieba<\/p>\n\n\n\n<p>11.30&nbsp; W intencji Salezjan\u00f3w Wsp\u00f3\u0142pracownik\u00f3w, a szczeg\u00f3lnie solenizant\u00f3w<\/p>\n\n\n\n<p>11.30&nbsp; + Waleria i Antoni Staro\u0144scy; Czes\u0142aw, Stanis\u0142awa (f), Roman Kujawscy<\/p>\n\n\n\n<p>11.30&nbsp; + Jacek Fronc, gr. 13<\/p>\n\n\n\n<p>11.30&nbsp; + Dariusz Paprocki, gr 13<\/p>\n\n\n\n<p>18.00&nbsp; O \u0142ask\u0119 zdrowia dla Anny<\/p>\n\n\n\n<p><strong>Poniedzia\u0142ek<\/strong><\/p>\n\n\n\n<p>7.30&nbsp;&nbsp;&nbsp; Dzi\u0119kczynno-b\u0142agalna w intencji Micha\u0142a przez wstawiennictwo Matki Bo\u017cej i \u015bw. J\u00f3zefa z pro\u015bb\u0105 o Bo\u017ce b\u0142ogos\u0142awie\u0144stwo i wype\u0142nienie woli Bo\u017cej w \u017cyciu jego i rodziny<\/p>\n\n\n\n<p>7.30&nbsp;&nbsp;&nbsp; O Bo\u017ce b\u0142ogos\u0142awie\u0144stwo, potrzebne \u0142aski i opiek\u0119 Matki Naj\u015bwi\u0119tszej dla Piotra i Pauliny<\/p>\n\n\n\n<p>7.30&nbsp;&nbsp;&nbsp; + Jacek Fronc, gr. 14<\/p>\n\n\n\n<p>7.30&nbsp;&nbsp;&nbsp; + Dariusz Paprocki, gr 14<\/p>\n\n\n\n<p>18.00&nbsp; W intencji przeb\u0142agalnej za grzechy Joanny, jej rodziny, krewnych i wszystkich przodk\u00f3w<\/p>\n\n\n\n<p>18.00&nbsp; Dzi\u0119kczynno-b\u0142agalna o Bo\u017ce b\u0142ogos\u0142awie\u0144stwo, zdrowie i si\u0142\u0119 do walki z chorob\u0105 dla Krystyny<\/p>\n\n\n\n<p><strong>Wtorek<\/strong><\/p>\n\n\n\n<p>7.30&nbsp;&nbsp;&nbsp; + Jacek Fronc, gr. 15<\/p>\n\n\n\n<p>7.30&nbsp;&nbsp;&nbsp; + Dariusz Paprocki, gr 15<\/p>\n\n\n\n<p>7.30&nbsp;&nbsp;&nbsp; Dzi\u0119kczynno-b\u0142agalna o Bo\u017ce b\u0142ogos\u0142awie\u0144stwo, zdrowie i si\u0142\u0119 do walki z chorob\u0105 dla Krystyny<\/p>\n\n\n\n<p>18.00&nbsp; W intencji przeb\u0142agalnej za grzechy Joanny, jej rodziny, krewnych i wszystkich przodk\u00f3w<\/p>\n\n\n\n<p>18.00&nbsp; Dzi\u0119kczynna za wszelkie \u0142aski od rodziny Stasio<\/p>\n\n\n\n<p>18.00&nbsp; + Maria Chmielewska<\/p>\n\n\n\n<p><strong>\u015aroda<\/strong><\/p>\n\n\n\n<p>7.30&nbsp;&nbsp;&nbsp; + Jacek Fronc, gr. 16<\/p>\n\n\n\n<p>7.30&nbsp;&nbsp;&nbsp; + Dariusz Paprocki, gr 16<\/p>\n\n\n\n<p>7.30&nbsp;&nbsp;&nbsp; Dzi\u0119kczynno-b\u0142agalna o Bo\u017ce b\u0142ogos\u0142awie\u0144stwo, zdrowie i si\u0142\u0119 do walki z chorob\u0105 dla Krystyny<\/p>\n\n\n\n<p>18.00&nbsp; W intencji przeb\u0142agalnej za grzechy Joanny, jej rodziny, krewnych i wszystkich przodk\u00f3w<\/p>\n\n\n\n<p>18.00&nbsp; W intencji Anny z okazji 14 urodzin<\/p>\n\n\n\n<p>18.00&nbsp; Przez wstawiennictwo Matki Bo\u017cej Wspomo\u017cenia Wiernych w intencji mieszkania dla Bogumi\u0142y i Tymoteusza oraz o wszelkie potrzebne \u0142aski<\/p>\n\n\n\n<p><strong>Czwartek<\/strong><\/p>\n\n\n\n<p>7.30&nbsp;&nbsp;&nbsp; + Jacek Fronc, gr. 17<\/p>\n\n\n\n<p>7.30&nbsp;&nbsp;&nbsp; + Dariusz Paprocki, gr 17<\/p>\n\n\n\n<p>7.30&nbsp;&nbsp;&nbsp; Dzi\u0119kczynno-b\u0142agalna o Bo\u017ce b\u0142ogos\u0142awie\u0144stwo, zdrowie i si\u0142\u0119 do walki z chorob\u0105 dla Krystyny<\/p>\n\n\n\n<p>18.00&nbsp; W intencji ks. Juliana Dzier\u017caka w dniu imienin o Bo\u017ce b\u0142ogos\u0142awie\u0144stwo przez wstawiennictwo Matki Bo\u017cej<\/p>\n\n\n\n<p>18.00&nbsp; W intencji przeb\u0142agalnej za grzechy Joanny, jej rodziny, krewnych i wszystkich przodk\u00f3w<\/p>\n\n\n\n<p>18.00&nbsp; W intencji o uwolnienie od n\u0119kania z\u0142ych duch\u00f3w<\/p>\n\n\n\n<p><strong>Pi\u0105tek<\/strong><\/p>\n\n\n\n<p><a>7.30&nbsp;&nbsp;&nbsp; <\/a>+ Wac\u0142aw i Wac\u0142awa (f) Sanik<\/p>\n\n\n\n<p>7.30&nbsp;&nbsp;&nbsp; + Jacek Fronc, gr. 18<\/p>\n\n\n\n<p>7.30&nbsp;&nbsp;&nbsp; + Dariusz Paprocki, gr 18<\/p>\n\n\n\n<p>7.30&nbsp;&nbsp;&nbsp; Dzi\u0119kczynno-b\u0142agalna o Bo\u017ce b\u0142ogos\u0142awie\u0144stwo, zdrowie i si\u0142\u0119 do walki z chorob\u0105 dla Krystyny<\/p>\n\n\n\n<p>18.00&nbsp; W intencji przeb\u0142agalnej za grzechy Joanny, jej rodziny, krewnych i wszystkich przodk\u00f3w<\/p>\n\n\n\n<p>18.00&nbsp; + Tadeusz Konikowski (1 rocz. \u015bm.)<\/p>\n\n\n\n<p><strong>Sobota<\/strong><\/p>\n\n\n\n<p>7.30&nbsp;&nbsp;&nbsp; W intencji przeb\u0142agalnej za grzechy Joanny, jej rodziny, krewnych i wszystkich przodk\u00f3w<\/p>\n\n\n\n<p>7.30&nbsp;&nbsp;&nbsp; + W\u0142adys\u0142aw Wi\u015bniewski, Irena<\/p>\n\n\n\n<p>7.30&nbsp;&nbsp;&nbsp; + Jacek Fronc, gr. 19<\/p>\n\n\n\n<p>7.30&nbsp;&nbsp;&nbsp; + Dariusz Paprocki, gr 19<\/p>\n\n\n\n<p>18.00\u00a0 + Henryk Zawadzki &#8211; o mi\u0142osierdzie nad jego dusz\u0105 <\/p>\n\n\n\n<p>18.00\u00a0 Dzi\u0119kczynno-b\u0142agalna o Bo\u017ce b\u0142ogos\u0142awie\u0144stwo, zdrowie i si\u0142\u0119 do walki z chorob\u0105 dla Krystyny<\/p>\n","protected":false},"excerpt":{"rendered":"<p>Niedziela 8.30&nbsp;&nbsp;&nbsp; W intencji przeb\u0142agalnej za grzechy Joanny, jej rodziny, krewnych i wszystkich przodk\u00f3w 8.30&nbsp;&nbsp;&nbsp; Dzi\u0119kczynno-b\u0142agalna w intencji Micha\u0142a przez wstawiennictwo Matki Bo\u017cej i \u015bw. J\u00f3zefa z pro\u015bb\u0105 o Bo\u017ce b\u0142ogos\u0142awie\u0144stwo i wype\u0142nienie woli Bo\u017cej w \u017cyciu jego i rodziny 8.30&nbsp;&nbsp;&nbsp; O Bo\u017ce b\u0142ogos\u0142awie\u0144stwo, potrzebne \u0142aski i opiek\u0119 Matki Naj\u015bwi\u0119tszej [&hellip;]<\/p>\n","protected":false},"author":2,"featured_media":321,"comment_status":"open","ping_status":"open","sticky":false,"template":"","format":"standard","meta":{"footnotes":""},"categories":[2],"tags":[],"class_list":["post-573","post","type-post","status-publish","format-standard","has-post-thumbnail","hentry","category-aktualnosci"],"_links":{"self":[{"href":"https:\/\/wspomozycielka-lodz.pl\/index.php?rest_route=\/wp\/v2\/posts\/573","targetHints":{"allow":["GET"]}}],"collection":[{"href":"https:\/\/wspomozycielka-lodz.pl\/index.php?rest_route=\/wp\/v2\/posts"}],"about":[{"href":"https:\/\/wspomozycielka-lodz.pl\/index.php?rest_route=\/wp\/v2\/types\/post"}],"author":[{"embeddable":true,"href":"https:\/\/wspomozycielka-lodz.pl\/index.php?rest_route=\/wp\/v2\/users\/2"}],"replies":[{"embeddable":true,"href":"https:\/\/wspomozycielka-lodz.pl\/index.php?rest_route=%2Fwp%2Fv2%2Fcomments&post=573"}],"version-history":[{"count":1,"href":"https:\/\/wspomozycielka-lodz.pl\/index.php?rest_route=\/wp\/v2\/posts\/573\/revisions"}],"predecessor-version":[{"id":574,"href":"https:\/\/wspomozycielka-lodz.pl\/index.php?rest_route=\/wp\/v2\/posts\/573\/revisions\/574"}],"wp:featuredmedia":[{"embeddable":true,"href":"https:\/\/wspomozycielka-lodz.pl\/index.php?rest_route=\/wp\/v2\/media\/321"}],"wp:attachment":[{"href":"https:\/\/wspomozycielka-lodz.pl\/index.php?rest_route=%2Fwp%2Fv2%2Fmedia&parent=573"}],"wp:term":[{"taxonomy":"category","embeddable":true,"href":"https:\/\/wspomozycielka-lodz.pl\/index.php?rest_route=%2Fwp%2Fv2%2Fcategories&post=573"},{"taxonomy":"post_tag","embeddable":true,"href":"https:\/\/wspomozycielka-lodz.pl\/index.php?rest_route=%2Fwp%2Fv2%2Ftags&post=573"}],"curies":[{"name":"wp","href":"https:\/\/api.w.org\/{rel}","templated":true}]}}