{"id":571,"date":"2022-02-15T14:48:47","date_gmt":"2022-02-15T13:48:47","guid":{"rendered":"https:\/\/wspomozycielka-lodz.pl\/?p=571"},"modified":"2022-02-15T14:48:48","modified_gmt":"2022-02-15T13:48:48","slug":"ogloszenia-parafialne13-02-2022","status":"publish","type":"post","link":"https:\/\/wspomozycielka-lodz.pl\/?p=571","title":{"rendered":"OG\u0141OSZENIA PARAFIALNE<strong>(13.02.2022)<\/strong>"},"content":{"rendered":"\n<p>1. We wtorek rozpoczniemy nowenn\u0119 do Maryi Wspomo\u017cycielki o godz. 17.40. Po Mszy wieczornej spotkanie z rozwa\u017caniem S\u0142owa Bo\u017cego.<\/p>\n\n\n\n<p>2. W czwartek po Mszy wieczornej adoracja Naj\u015bwi\u0119tszego Sakramentu.<\/p>\n\n\n\n<p>3. W pi\u0105tek kancelaria parafialna b\u0119dzie nieczynna.<\/p>\n\n\n\n<p>4. W przysz\u0142\u0105 niedziel\u0119 s\u0105 spotkania dla kandydat\u00f3w do bierzmowania. <\/p>\n\n\n\n<p>5. Nasze oratorium zaprasza dzieci i m\u0142odzie\u017c zapisane do \u015bwietlicy \u015brodowiskowej &#8222;Iskierka przyja\u017ani Dominika&#8221; oraz do klubu m\u0142odzie\u017cowego &#8222;\u0179r\u00f3d\u0142o&#8221; na zaj\u0119cia w czasie ferii zimowych. Oratorium b\u0119dzie czynne od poniedzia\u0142ku do pi\u0105tku w godzinach 9.00-17.00. Zaj\u0119cia, o charakterze zorganizowanym, rozpoczynaj\u0105 si\u0119 ka\u017cdego dnia o 10.00. Dzieci i m\u0142odzie\u017c prosimy o zabranie but\u00f3w na zmian\u0119 oraz wygodny ubi\u00f3r sportowy. Zapewniamy opiek\u0119 wychowawcz\u0105, gry i zabawy, zaj\u0119cia edukacyjne, a tak\u017ce warsztaty. Informacje u ks. Piotra Szlufika &#8211; kierownika oratorium.<\/p>\n","protected":false},"excerpt":{"rendered":"<p>1. We wtorek rozpoczniemy nowenn\u0119 do Maryi Wspomo\u017cycielki o godz. 17.40. Po Mszy wieczornej spotkanie z rozwa\u017caniem S\u0142owa Bo\u017cego. 2. W czwartek po Mszy wieczornej adoracja Naj\u015bwi\u0119tszego Sakramentu. 3. W pi\u0105tek kancelaria parafialna b\u0119dzie nieczynna. 4. W przysz\u0142\u0105 niedziel\u0119 s\u0105 spotkania dla kandydat\u00f3w do bierzmowania. 5. Nasze oratorium zaprasza dzieci [&hellip;]<\/p>\n","protected":false},"author":2,"featured_media":320,"comment_status":"open","ping_status":"open","sticky":false,"template":"","format":"standard","meta":{"footnotes":""},"categories":[2],"tags":[],"class_list":["post-571","post","type-post","status-publish","format-standard","has-post-thumbnail","hentry","category-aktualnosci"],"_links":{"self":[{"href":"https:\/\/wspomozycielka-lodz.pl\/index.php?rest_route=\/wp\/v2\/posts\/571","targetHints":{"allow":["GET"]}}],"collection":[{"href":"https:\/\/wspomozycielka-lodz.pl\/index.php?rest_route=\/wp\/v2\/posts"}],"about":[{"href":"https:\/\/wspomozycielka-lodz.pl\/index.php?rest_route=\/wp\/v2\/types\/post"}],"author":[{"embeddable":true,"href":"https:\/\/wspomozycielka-lodz.pl\/index.php?rest_route=\/wp\/v2\/users\/2"}],"replies":[{"embeddable":true,"href":"https:\/\/wspomozycielka-lodz.pl\/index.php?rest_route=%2Fwp%2Fv2%2Fcomments&post=571"}],"version-history":[{"count":1,"href":"https:\/\/wspomozycielka-lodz.pl\/index.php?rest_route=\/wp\/v2\/posts\/571\/revisions"}],"predecessor-version":[{"id":572,"href":"https:\/\/wspomozycielka-lodz.pl\/index.php?rest_route=\/wp\/v2\/posts\/571\/revisions\/572"}],"wp:featuredmedia":[{"embeddable":true,"href":"https:\/\/wspomozycielka-lodz.pl\/index.php?rest_route=\/wp\/v2\/media\/320"}],"wp:attachment":[{"href":"https:\/\/wspomozycielka-lodz.pl\/index.php?rest_route=%2Fwp%2Fv2%2Fmedia&parent=571"}],"wp:term":[{"taxonomy":"category","embeddable":true,"href":"https:\/\/wspomozycielka-lodz.pl\/index.php?rest_route=%2Fwp%2Fv2%2Fcategories&post=571"},{"taxonomy":"post_tag","embeddable":true,"href":"https:\/\/wspomozycielka-lodz.pl\/index.php?rest_route=%2Fwp%2Fv2%2Ftags&post=571"}],"curies":[{"name":"wp","href":"https:\/\/api.w.org\/{rel}","templated":true}]}}