{"id":557,"date":"2022-01-19T14:12:19","date_gmt":"2022-01-19T13:12:19","guid":{"rendered":"https:\/\/wspomozycielka-lodz.pl\/?p=557"},"modified":"2022-01-19T14:12:20","modified_gmt":"2022-01-19T13:12:20","slug":"sprawozdanie-parafialne-za-rok-2021","status":"publish","type":"post","link":"https:\/\/wspomozycielka-lodz.pl\/?p=557","title":{"rendered":"<strong>Sprawozdanie parafialne za rok 2021<\/strong>"},"content":{"rendered":"\n<p>Z pewno\u015bci\u0105 podoba si\u0119 Bogu wierno\u015b\u0107 i gorliwo\u015b\u0107 tych, kt\u00f3rzy regularnie przychodz\u0105, aby si\u0119 tu modli\u0107, uczestniczy\u0107 w Eucharystii, spowiada\u0107 si\u0119, prze\u017cywa\u0107 nabo\u017ce\u0144stwa. Frekwencja na Mszach niedzielnych nieco wzros\u0142a w minionym roku z 2,5% do 5%. Przy czym nasza wsp\u00f3lnota parafialna w dalszym ci\u0105gu liczy wed\u0142ug Urz\u0119du Skarbowego ok. 6000 os\u00f3b. Na szcz\u0119\u015bcie w tym roku, pomimo pandemii, mo\u017cna by\u0142o w miar\u0119 normalnie prowadzi\u0107 tutaj \u017cycie modlitewne, w tym m.in. procesj\u0119 Bo\u017cego Cia\u0142a na ulicach naszej parafii.<\/p>\n\n\n\n<p>W naszej parafii szczeg\u00f3lne miejsce zajmuje Matka Wspomo\u017cycielka. Do niej tu przychodzimy ka\u017cdego miesi\u0105ca na nowenn\u0119, aby Jej przedstawia\u0107 nasze troski. A Ona prosi Syna, by uczyni\u0142 cud, objawi\u0142 swoj\u0105 chwa\u0142\u0119 i umocni\u0142 nasz\u0105 wiar\u0119. B\u0105d\u017amy w wi\u0119kszej mierze jak ci weselnicy w Kanie, kt\u00f3rzy skorzystali z kochaj\u0105cej obecno\u015bci Maryi.<\/p>\n\n\n\n<p>Jezus nieustannie dokonuje znak\u00f3w, zw\u0142aszcza tych sakramentalnych, aby wzrasta\u0142a nasza wiara:<\/p>\n\n\n\n<ul class=\"wp-block-list\"><li>W roku 2021 sakrament chrztu \u015bwi\u0119tego przyj\u0119\u0142o 25 dzieci.<\/li><li>Do pierwszej Komunii \u015awi\u0119tej przyst\u0105pi\u0142o te\u017c 25 dzieci. Niestety Jezus nie znalaz\u0142 trwa\u0142ej go\u015bciny w sercach dzieci, bo rodzice w wi\u0119kszo\u015bci nie dbaj\u0105 o to, \u017ceby potem dzieci przyst\u0119powa\u0142y do spowiedzi i uczestniczy\u0142y w mszach. Ponadto w ramach Komunii organizowanych przez nasz\u0105 szko\u0142\u0119 salezja\u0144sk\u0105 45 dzieci przyj\u0119\u0142o ten sakrament po raz pierwszy. Dzi\u0119kuj\u0119 pani katechetce Iwonie Pogodzie-Majce, kt\u00f3ra przygotowuje dzieci do Komunii w parafii, oraz ks. Paw\u0142owi Szczepa\u0144skiemu, kt\u00f3ry przygotowuje dzieci do Komunii w szkole salezja\u0144skiej.<\/li><li>14 maja ks. bp Marek Marczak udzieli\u0142 sakramentu bierzmowania 72 m\u0142odym osobom z parafii i szk\u00f3\u0142 salezja\u0144skich.<\/li><li>Sakrament ma\u0142\u017ce\u0144stwa w naszej \u015bwi\u0105tyni przyj\u0119\u0142o 7 par.<\/li><li>W minionym roku trosk\u0105 duszpastersk\u0105 obj\u0119li\u015bmy 7 chorych z naszej parafii. Je\u015bli s\u0105 w naszych rodzinach chorzy, kt\u00f3rzy potrzebuj\u0105 i pragn\u0105 duchowego wsparcia, prosz\u0119 o zg\u0142aszanie si\u0119 do nas.<\/li><li>Rok 2021 przyni\u00f3s\u0142 nieco mniej pogrzeb\u00f3w. Do domu Ojca w niebie odesz\u0142o 51 os\u00f3b, w tym nasz wsp\u00f3\u0142brat ks. Stanis\u0142aw Hajkowski. Pi\u0119kne jest to, \u017ce wiele os\u00f3b wyra\u017ca swoj\u0105 pami\u0119\u0107 o nich w modlitwie, w intencjach mszalnych czy wypominkach. Przypominam, \u017ce w ka\u017cdy pierwszy wtorek miesi\u0105ca odprawiamy wieczorem Msz\u0119 \u015bw. za tych wszystkich zmar\u0142ych, kt\u00f3rych polecali\u015bmy w wypominkach.<\/li><\/ul>\n\n\n\n<p>Z wydarze\u0144 minionego roku, kt\u00f3re chcia\u0142bym wspomnie\u0107, s\u0105 nast\u0119puj\u0105ce:<\/p>\n\n\n\n<ul class=\"wp-block-list\"><li>W Wielkim Po\u015bcie w ka\u017cd\u0105 niedziel\u0119 odbywa\u0142y si\u0119 spotkania m\u0142odzie\u017cy zatytu\u0142owane \u201eZnaki z g\u00f3ry\u201d z udzia\u0142em Ksi\u0119dza Arcybiskupa Grzegorza Rysia.<\/li><li>24 maja Mszy odpustowej w uroczysto\u015b\u0107 Matki Bo\u017cej Wspomo\u017cenia Wiernych przewodniczy\u0142 ks. Wies\u0142aw Kami\u0144ski, proboszcz parafii \u015bw. Piotra i Paw\u0142a i dziekan naszego dekanatu \u0141\u00f3d\u017a-Widzew.<\/li><li>30 maja mia\u0142 miejsce jubileusz 25-lecia kap\u0142a\u0144stwa ks. Juliana Dzier\u017caka i ks. Piotra Przesmyckiego.<\/li><li>Rekolekcje parafialne g\u0142osili salezjanie ze wsp\u00f3lnoty \u015bw. Teresy od Dzieci\u0105tka Jezus w \u0141odzi: wielkopostne &#8211; ks. Marian Chalecki, a adwentowe &#8211; ks. Andrzej Wujek.<\/li><li>30 pa\u017adziernika na Wodnej prze\u017cywali\u015bmy Dzie\u0144 Jedno\u015bci Rodziny Salezja\u0144skiej, zwi\u0105zany z imieninami prze\u0142o\u017conego salezja\u0144skiej Inspektorii Warszawskiej ks. Tadeusza Jareckiego.<\/li><li>Przed \u015bwi\u0119tami Bo\u017cego Narodzenia rozdali\u015bmy dary dla potrzebuj\u0105cych, przyniesione przez uczni\u00f3w i rodzic\u00f3w szko\u0142y salezja\u0144skiej oraz poszczeg\u00f3lnych parafian i inne osoby.<\/li><li>8 grudnia \u015bwi\u0119towali\u015bmy z naszym Oratorium jubileusz stulecia obecno\u015bci salezja\u0144skiej na Wodnej.<\/li><li>18 grudnia prze\u017cywali\u015bmy adwentowy dzie\u0144 skupienia wszystkich wsp\u00f3lnot i grup parafialnych.<\/li><\/ul>\n\n\n\n<p>Wiemy, \u017ce w zesz\u0142ym roku wizyta duszpasterska by\u0142a niemo\u017cliwa, natomiast w tym roku odbywa si\u0119 ona na indywidualne zaproszenie parafian. Ju\u017c teraz dzi\u0119kuj\u0119 wszystkim, kt\u00f3rzy zaprosili kap\u0142ana do swojego domu.<\/p>\n\n\n\n<p>Dzi\u0119kuj\u0119 wszystkim, kt\u00f3rzy pomagaj\u0105 w funkcjonowaniu naszej parafii. Dzi\u0119kuj\u0119 szczeg\u00f3lnie pani Ewie Pakulskiej, kt\u00f3ra prowadzi sklepik parafialny oraz dba o prezbiterium i wystr\u00f3j ko\u015bcio\u0142a; pani Bo\u017cennie Trojanowskiej, kt\u00f3ra troszczy si\u0119 o ksi\u0119gi parafialne i kronik\u0119 parafii; panu Aleksandrowi B\u0142awatowi, kt\u00f3ry pe\u0142ni funkcj\u0119 ko\u015bcielnego; panu Rados\u0142awowi Kowalczykowi, kt\u00f3ry pos\u0142uguje jako organista.<\/p>\n\n\n\n<p>W naszej parafii mamy kilka wsp\u00f3lnot modlitewnych i formacyjnych. Przede wszystkim&nbsp; s\u0105 Salezjanie Wsp\u00f3\u0142pracownicy, kt\u00f3rzy nale\u017c\u0105 do Rodziny Salezja\u0144skiej. Warto zaznaczy\u0107, \u017ce Salezjanie Wsp\u00f3\u0142pracownicy, dawniej zwani Pomocnikami, s\u0105 obecni w tym dziele salezja\u0144skim od samego pocz\u0105tku, czyli od 1922 roku. W tym roku nast\u0105pi\u0142a zmiana koordynatora lokalnego wsp\u00f3lnoty na Wodnej, kt\u00f3rym zosta\u0142 pan Mateusz Walig\u00f3rski.<\/p>\n\n\n\n<p>S\u0105 r\u00f3wnie\u017c w parafii takie grupy jak: \u017bywy R\u00f3\u017caniec, <a>o kt\u00f3ry troszczy si\u0119 pani <\/a>Lucyna Karos; Stra\u017c Honorowa NSPJ, o kt\u00f3r\u0105 troszczy si\u0119 pani Zofia B\u0142awat; Wieczernik Modlitwy za Kap\u0142an\u00f3w, o kt\u00f3ry troszczy si\u0119 pani Janina Tomaszewska; Sodalicja Maria\u0144ska, o kt\u00f3r\u0105 troszczy si\u0119 pani Janina Rygier.<\/p>\n\n\n\n<p>Serdecznie dzi\u0119kuj\u0119 za zaanga\u017cowanie zar\u00f3wno odpowiedzialnym, jak i cz\u0142onkom wszystkich wsp\u00f3lnot. Zach\u0119cam do w\u0142\u0105czenia si\u0119 w te wsp\u00f3lnoty, a mo\u017ce i tworzenie nowych, kt\u00f3re by\u0142yby pomoc\u0105 w umacnianiu i rozwijaniu swojej wiary.<\/p>\n\n\n\n<p>Cho\u0107 nieliczna, ale jest obecna w parafii S\u0142u\u017cba Liturgiczna. Jej opiekunem jest ks. Piotr Szlufik, za co mu dzi\u0119kuj\u0119. Dzi\u0119kuj\u0119 wszystkim ministrantom za ich s\u0142u\u017cb\u0119 przy o\u0142tarzu Chrystusowym.<\/p>\n\n\n\n<p>Ciesz\u0119 si\u0119 z obecno\u015bci w parafii, szczeg\u00f3lnie w czwartki, naszego Oratorium \u015bw. Dominika Savio, kt\u00f3rego kierownikiem jest ks. Piotr Szlufik, oraz Szk\u00f3\u0142 Salezja\u0144skich: szko\u0142y podstawowej, liceum i technikum.<\/p>\n\n\n\n<p>Dzi\u0119kuj\u0119 serdecznie wszystkim moim wsp\u00f3\u0142braciom ze wsp\u00f3lnoty \u015bw. Barbary na Wodnej, kt\u00f3rzy ch\u0119tnie i gorliwie anga\u017cuj\u0105 si\u0119 w pomoc w parafii. Dzi\u0119kuj\u0119 ks. Lucjanowi D\u0105browskiemu, kt\u00f3ry mnie wspomaga w duszpasterstwie parafialnym, w ko\u015bciele czy w kancelarii.<\/p>\n\n\n\n<p>W 2021 roku uda\u0142o si\u0119 wymieni\u0107 nag\u0142o\u015bnienie w ko\u015bciele oraz po\u0142o\u017cy\u0107 p\u0142yty na g\u00f3rnych balkonach i pomalowa\u0107. Ks. Tadeusz Furdyna ozdobi\u0142 balkony naszej \u015bwi\u0105tyni scenami ewangelicznymi i symbolami religijnymi. W planach jest odmalowanie prezbiterium i zakrystii. Du\u017cym projektem, o kt\u00f3rym ju\u017c nieraz informowali\u015bmy, jest odnowienie ruchomej szopki bo\u017conarodzeniowej.<\/p>\n\n\n\n<p>Serdecznie dzi\u0119kuj\u0119 za wszelkie ofiary sk\u0142adane na tac\u0119, do puszek, do skarbon, przy okazji wizyty duszpasterskiej czy od indywidualnych darczy\u0144c\u00f3w jako wyraz troski o t\u0119 \u015bwi\u0105tyni\u0119 i sprawowany w niej kult oraz potrzeby diecezji, misji i potrzebuj\u0105cych. Dzi\u0119kuj\u0119 za wszelkie dobro i \u017cyczliwo\u015b\u0107, jakie otrzymujemy w r\u00f3\u017cnych momentach. Przypominam, \u017ce w ka\u017cd\u0105 pierwsz\u0105 \u015brod\u0119 miesi\u0105ca odprawiamy wieczorem Msz\u0119 \u015bw. za wszystkich dobrodziej\u00f3w naszej parafii i ca\u0142ego dzie\u0142a salezja\u0144skiego na Wodnej jako wyraz naszej wdzi\u0119czno\u015bci.<\/p>\n\n\n\n<p>Rok 2021 parafia rozpocz\u0119\u0142a z sum\u0105 23,5 tys. z\u0142, a zako\u0144czy\u0142a z sum\u0105 22&nbsp;183 z\u0142, czyli zmniejszy\u0142o si\u0119 o oko\u0142o 1300 z\u0142. Najwi\u0119kszym wydatkiem by\u0142a wymiana nag\u0142o\u015bnienia, kt\u00f3re cz\u0119\u015bciowo pokry\u0142a parafia, a cz\u0119\u015bciowo dom zakonny. Inne wydatki zwi\u0105zane s\u0105 zw\u0142aszcza z utrzymaniem \u015bwi\u0105tyni oraz pomoc\u0105 charytatywn\u0105.<\/p>\n\n\n\n<p>Zawierzam wszystkich parafian, sympatyk\u00f3w naszej \u015bwi\u0105tyni, czcicieli Maryi i przybywaj\u0105cych tu go\u015bci dobremu Bogu. Niech wstawiennictwo naszej ukochanej Matki, Niepokalanej Wspomo\u017cycielki, przyniesie dla wszystkich Bo\u017ce mi\u0142osierdzie i b\u0142ogos\u0142awie\u0144stwo. <\/p>\n\n\n\n<p>Ks. Przemys\u0142aw Solarski \u2013 proboszcz<\/p>\n","protected":false},"excerpt":{"rendered":"<p>Z pewno\u015bci\u0105 podoba si\u0119 Bogu wierno\u015b\u0107 i gorliwo\u015b\u0107 tych, kt\u00f3rzy regularnie przychodz\u0105, aby si\u0119 tu modli\u0107, uczestniczy\u0107 w Eucharystii, spowiada\u0107 si\u0119, prze\u017cywa\u0107 nabo\u017ce\u0144stwa. Frekwencja na Mszach niedzielnych nieco wzros\u0142a w minionym roku z 2,5% do 5%. Przy czym nasza wsp\u00f3lnota parafialna w dalszym ci\u0105gu liczy wed\u0142ug Urz\u0119du Skarbowego ok. 6000 [&hellip;]<\/p>\n","protected":false},"author":2,"featured_media":26,"comment_status":"open","ping_status":"open","sticky":false,"template":"","format":"standard","meta":{"footnotes":""},"categories":[2],"tags":[],"class_list":["post-557","post","type-post","status-publish","format-standard","has-post-thumbnail","hentry","category-aktualnosci"],"_links":{"self":[{"href":"https:\/\/wspomozycielka-lodz.pl\/index.php?rest_route=\/wp\/v2\/posts\/557","targetHints":{"allow":["GET"]}}],"collection":[{"href":"https:\/\/wspomozycielka-lodz.pl\/index.php?rest_route=\/wp\/v2\/posts"}],"about":[{"href":"https:\/\/wspomozycielka-lodz.pl\/index.php?rest_route=\/wp\/v2\/types\/post"}],"author":[{"embeddable":true,"href":"https:\/\/wspomozycielka-lodz.pl\/index.php?rest_route=\/wp\/v2\/users\/2"}],"replies":[{"embeddable":true,"href":"https:\/\/wspomozycielka-lodz.pl\/index.php?rest_route=%2Fwp%2Fv2%2Fcomments&post=557"}],"version-history":[{"count":1,"href":"https:\/\/wspomozycielka-lodz.pl\/index.php?rest_route=\/wp\/v2\/posts\/557\/revisions"}],"predecessor-version":[{"id":558,"href":"https:\/\/wspomozycielka-lodz.pl\/index.php?rest_route=\/wp\/v2\/posts\/557\/revisions\/558"}],"wp:featuredmedia":[{"embeddable":true,"href":"https:\/\/wspomozycielka-lodz.pl\/index.php?rest_route=\/wp\/v2\/media\/26"}],"wp:attachment":[{"href":"https:\/\/wspomozycielka-lodz.pl\/index.php?rest_route=%2Fwp%2Fv2%2Fmedia&parent=557"}],"wp:term":[{"taxonomy":"category","embeddable":true,"href":"https:\/\/wspomozycielka-lodz.pl\/index.php?rest_route=%2Fwp%2Fv2%2Fcategories&post=557"},{"taxonomy":"post_tag","embeddable":true,"href":"https:\/\/wspomozycielka-lodz.pl\/index.php?rest_route=%2Fwp%2Fv2%2Ftags&post=557"}],"curies":[{"name":"wp","href":"https:\/\/api.w.org\/{rel}","templated":true}]}}