{"id":552,"date":"2022-01-17T14:55:37","date_gmt":"2022-01-17T13:55:37","guid":{"rendered":"https:\/\/wspomozycielka-lodz.pl\/?p=552"},"modified":"2022-01-17T14:55:37","modified_gmt":"2022-01-17T13:55:37","slug":"ogloszenia-parafialne-16-01-2022","status":"publish","type":"post","link":"https:\/\/wspomozycielka-lodz.pl\/?p=552","title":{"rendered":"<strong>OG\u0141OSZENIA PARAFIALNE <\/strong><strong>(16.01.2022)<\/strong>"},"content":{"rendered":"\n<p>1. Trwamy w nowennie do Maryi Wspomo\u017cycielki codziennie o godz. 17.40.<\/p>\n\n\n\n<p>2. We wtorek po Mszy wieczornej spotkanie z rozwa\u017caniem S\u0142owa Bo\u017cego.<\/p>\n\n\n\n<p>3. W czwartek po Mszy \u015bw. wieczornej adoracja Naj\u015bwi\u0119tszego Sakramentu.<\/p>\n\n\n\n<p>4. W sobot\u0119 rozpoczniemy nowenn\u0119 przed uroczysto\u015bci\u0105 \u015bw. Jana Bosko o godz. 17.30.<\/p>\n\n\n\n<p>5. W przysz\u0142\u0105 niedziel\u0119 b\u0119dzie spotkanie dla dzieci przygotowuj\u0105cych si\u0119 do pierwszej Komunii \u015awi\u0119tej i ich rodzic\u00f3w. Zapraszamy na godz. 11.30. <\/p>\n\n\n\n<p>6. Z naszej wsp\u00f3lnoty parafialnej do wieczno\u015bci odeszli: Marianna Muszy\u0144ska, lat 90; Henryk Kostrzewski, lat 69. <em>Wieczny odpoczynek racz im da\u0107, Panie<\/em>&#8230;<\/p>\n","protected":false},"excerpt":{"rendered":"<p>1. Trwamy w nowennie do Maryi Wspomo\u017cycielki codziennie o godz. 17.40. 2. We wtorek po Mszy wieczornej spotkanie z rozwa\u017caniem S\u0142owa Bo\u017cego. 3. W czwartek po Mszy \u015bw. wieczornej adoracja Naj\u015bwi\u0119tszego Sakramentu. 4. W sobot\u0119 rozpoczniemy nowenn\u0119 przed uroczysto\u015bci\u0105 \u015bw. Jana Bosko o godz. 17.30. 5. W przysz\u0142\u0105 niedziel\u0119 b\u0119dzie [&hellip;]<\/p>\n","protected":false},"author":2,"featured_media":320,"comment_status":"open","ping_status":"open","sticky":false,"template":"","format":"standard","meta":{"footnotes":""},"categories":[2],"tags":[],"class_list":["post-552","post","type-post","status-publish","format-standard","has-post-thumbnail","hentry","category-aktualnosci"],"_links":{"self":[{"href":"https:\/\/wspomozycielka-lodz.pl\/index.php?rest_route=\/wp\/v2\/posts\/552","targetHints":{"allow":["GET"]}}],"collection":[{"href":"https:\/\/wspomozycielka-lodz.pl\/index.php?rest_route=\/wp\/v2\/posts"}],"about":[{"href":"https:\/\/wspomozycielka-lodz.pl\/index.php?rest_route=\/wp\/v2\/types\/post"}],"author":[{"embeddable":true,"href":"https:\/\/wspomozycielka-lodz.pl\/index.php?rest_route=\/wp\/v2\/users\/2"}],"replies":[{"embeddable":true,"href":"https:\/\/wspomozycielka-lodz.pl\/index.php?rest_route=%2Fwp%2Fv2%2Fcomments&post=552"}],"version-history":[{"count":1,"href":"https:\/\/wspomozycielka-lodz.pl\/index.php?rest_route=\/wp\/v2\/posts\/552\/revisions"}],"predecessor-version":[{"id":553,"href":"https:\/\/wspomozycielka-lodz.pl\/index.php?rest_route=\/wp\/v2\/posts\/552\/revisions\/553"}],"wp:featuredmedia":[{"embeddable":true,"href":"https:\/\/wspomozycielka-lodz.pl\/index.php?rest_route=\/wp\/v2\/media\/320"}],"wp:attachment":[{"href":"https:\/\/wspomozycielka-lodz.pl\/index.php?rest_route=%2Fwp%2Fv2%2Fmedia&parent=552"}],"wp:term":[{"taxonomy":"category","embeddable":true,"href":"https:\/\/wspomozycielka-lodz.pl\/index.php?rest_route=%2Fwp%2Fv2%2Fcategories&post=552"},{"taxonomy":"post_tag","embeddable":true,"href":"https:\/\/wspomozycielka-lodz.pl\/index.php?rest_route=%2Fwp%2Fv2%2Ftags&post=552"}],"curies":[{"name":"wp","href":"https:\/\/api.w.org\/{rel}","templated":true}]}}