{"id":550,"date":"2022-01-17T14:54:43","date_gmt":"2022-01-17T13:54:43","guid":{"rendered":"https:\/\/wspomozycielka-lodz.pl\/?p=550"},"modified":"2022-01-17T14:54:44","modified_gmt":"2022-01-17T13:54:44","slug":"intencje-mszalne-16-22-01-2022","status":"publish","type":"post","link":"https:\/\/wspomozycielka-lodz.pl\/?p=550","title":{"rendered":"<strong>INTENCJE MSZALNE (16-22.01.2022)<\/strong>"},"content":{"rendered":"\n<p><strong>Niedziela<\/strong><\/p>\n\n\n\n<p><a>8.30&nbsp;&nbsp;&nbsp; <\/a>W intencji przeb\u0142agalnej za grzechy Joanny, jej rodziny, krewnych i wszystkich przodk\u00f3w (16)<\/p>\n\n\n\n<p>8.30&nbsp;&nbsp;&nbsp; + Janina i Kazimierz Dymi\u0144scy, gr 15<\/p>\n\n\n\n<p>8.30&nbsp;&nbsp;&nbsp; Dzi\u0119kczynno-b\u0142agalna w intencji Zofii i jej rodziny<\/p>\n\n\n\n<p>10.00&nbsp; W intencji Stefana w 90 rocznic\u0119 urodzin o potrzebne \u0142aski, dzi\u0119kuj\u0105c za dotychczasowe dary Bo\u017ce<\/p>\n\n\n\n<p>10.00&nbsp; Dzi\u0119kczynno-b\u0142agalna z okazji 90 urodzin Stefana i 88 urodzin Heleny Polus\u00f3w<\/p>\n\n\n\n<p>10.00&nbsp; + Leszek Drzynicki, gr 8<\/p>\n\n\n\n<p>11.30&nbsp; + Mariola Marek, gr. 16<\/p>\n\n\n\n<p>11.30&nbsp; + Ma\u0142gorzata Wojciechowska<\/p>\n\n\n\n<p>11.30&nbsp; + Maria i Mieczys\u0142aw Wola\u0144scy oraz w intencji Eugeniusza Wola\u0144skiego z okazji 70 rocznicy urodzin<\/p>\n\n\n\n<p>11.30&nbsp; Przeb\u0142agalna za grzechy Krystyny i Tomasza<\/p>\n\n\n\n<p>18.00&nbsp; W intencji W\u0142odzimierza Kowalczyka w dniu imienin o Bo\u017ce b\u0142ogos\u0142awie\u0144stwo, potrzebne \u0142aski i opiek\u0119 Matki Bo\u017cej<\/p>\n\n\n\n<p>18.00&nbsp; + Leokadia Brzeska, gr 7<\/p>\n\n\n\n<p><strong>Poniedzia\u0142ek<\/strong><\/p>\n\n\n\n<p>7.30&nbsp;&nbsp;&nbsp; + Henryka (f) G\u0142a\u017cewska, gr. 17<\/p>\n\n\n\n<p>7.30&nbsp;&nbsp;&nbsp; + Janina i Kazimierz Dymi\u0144scy, gr 16<\/p>\n\n\n\n<p>7.30&nbsp;&nbsp;&nbsp; + Katarzyna Wilk<\/p>\n\n\n\n<p>18.00&nbsp; W intencji przeb\u0142agalnej za grzechy Joanny, jej rodziny, krewnych i wszystkich przodk\u00f3w<\/p>\n\n\n\n<p>18.00&nbsp; + Mariola Marek, gr. 17<\/p>\n\n\n\n<p>18.00&nbsp; + Leokadia Brzeska, gr 8<\/p>\n\n\n\n<p>18.00&nbsp; + Leszek Drzynicki, gr 9<\/p>\n\n\n\n<p><strong>Wtorek<\/strong><\/p>\n\n\n\n<p>7.30&nbsp;&nbsp;&nbsp; + Henryka (f) G\u0142a\u017cewska, gr. 18<\/p>\n\n\n\n<p>7.30&nbsp;&nbsp;&nbsp; + Janina i Kazimierz Dymi\u0144scy, gr 17<\/p>\n\n\n\n<p>7.30&nbsp;&nbsp;&nbsp; + Wac\u0142aw i Wac\u0142awa (f) Sanik<\/p>\n\n\n\n<p>18.00&nbsp; W intencji przeb\u0142agalnej za grzechy Joanny, jej rodziny, krewnych i wszystkich przodk\u00f3w<\/p>\n\n\n\n<p>18.00&nbsp; + Mariola Marek, gr. 18<\/p>\n\n\n\n<p>18.00&nbsp; + Leokadia Brzeska, gr 9<\/p>\n\n\n\n<p>18.00&nbsp; + Leszek Drzynicki, gr 10<\/p>\n\n\n\n<p><strong>\u015aroda<\/strong><\/p>\n\n\n\n<p>7.30&nbsp;&nbsp;&nbsp; + Henryka (f) G\u0142a\u017cewska, gr. 19<\/p>\n\n\n\n<p>7.30&nbsp;&nbsp;&nbsp; + Janina i Kazimierz Dymi\u0144scy, gr 18<\/p>\n\n\n\n<p>7.30&nbsp;&nbsp;&nbsp; + Jan Wilk<\/p>\n\n\n\n<p>18.00&nbsp; W intencji przeb\u0142agalnej za grzechy Joanny, jej rodziny, krewnych i wszystkich przodk\u00f3w<\/p>\n\n\n\n<p>18.00&nbsp; + Mariola Marek, gr. 19<\/p>\n\n\n\n<p>18.00&nbsp; + Leokadia Brzeska, gr 10<\/p>\n\n\n\n<p>18.00&nbsp; + Leszek Drzynicki, gr 11<\/p>\n\n\n\n<p>18.00&nbsp; + Henryk Opasi\u0144ski (w dniu imienin)<\/p>\n\n\n\n<p><strong>Czwartek<\/strong><\/p>\n\n\n\n<p>7.30&nbsp;&nbsp;&nbsp; + Henryka (f) G\u0142a\u017cewska, gr. 20<\/p>\n\n\n\n<p>7.30&nbsp;&nbsp;&nbsp; + Janina i Kazimierz Dymi\u0144scy, gr 19<\/p>\n\n\n\n<p>18.00&nbsp; W intencji przeb\u0142agalnej za grzechy Joanny, jej rodziny, krewnych i wszystkich przodk\u00f3w<\/p>\n\n\n\n<p>18.00&nbsp; + Mariola Marek, gr. 20<\/p>\n\n\n\n<p>18.00&nbsp; + Leokadia Brzeska, gr 11<\/p>\n\n\n\n<p>18.00&nbsp; + Leszek Drzynicki, gr 12<\/p>\n\n\n\n<p><strong>Pi\u0105tek<\/strong><\/p>\n\n\n\n<p><a>7.30&nbsp;&nbsp;&nbsp; <\/a>+ Henryka (f) G\u0142a\u017cewska, gr. 21<\/p>\n\n\n\n<p>7.30&nbsp;&nbsp;&nbsp; + Janina i Kazimierz Dymi\u0144scy, gr 20<\/p>\n\n\n\n<p>18.00&nbsp; W intencji przeb\u0142agalnej za grzechy Joanny, jej rodziny, krewnych i wszystkich przodk\u00f3w<\/p>\n\n\n\n<p>18.00&nbsp; + Mariola Marek, gr. 21<\/p>\n\n\n\n<p>18.00&nbsp; + Leokadia Brzeska, gr 12<\/p>\n\n\n\n<p>18.00&nbsp; + Leszek Drzynicki, gr 13<\/p>\n\n\n\n<p><strong>Sobota<\/strong><\/p>\n\n\n\n<p>7.30&nbsp;&nbsp;&nbsp; + Henryka (f) G\u0142a\u017cewska, gr. 22<\/p>\n\n\n\n<p>7.30&nbsp;&nbsp;&nbsp; + Janina i Kazimierz Dymi\u0144scy, gr 21<\/p>\n\n\n\n<p>7.30&nbsp;&nbsp;&nbsp; W intencji przeb\u0142agalnej za grzechy Joanny, jej rodziny, krewnych i wszystkich przodk\u00f3w<\/p>\n\n\n\n<p>18.00&nbsp; + Mariola Marek, gr. 22<\/p>\n\n\n\n<p>18.00\u00a0 + Leokadia Brzeska, gr 13 <\/p>\n\n\n\n<p>18.00\u00a0 + Leszek Drzynicki, gr 14<\/p>\n","protected":false},"excerpt":{"rendered":"<p>Niedziela 8.30&nbsp;&nbsp;&nbsp; W intencji przeb\u0142agalnej za grzechy Joanny, jej rodziny, krewnych i wszystkich przodk\u00f3w (16) 8.30&nbsp;&nbsp;&nbsp; + Janina i Kazimierz Dymi\u0144scy, gr 15 8.30&nbsp;&nbsp;&nbsp; Dzi\u0119kczynno-b\u0142agalna w intencji Zofii i jej rodziny 10.00&nbsp; W intencji Stefana w 90 rocznic\u0119 urodzin o potrzebne \u0142aski, dzi\u0119kuj\u0105c za dotychczasowe dary Bo\u017ce 10.00&nbsp; Dzi\u0119kczynno-b\u0142agalna z [&hellip;]<\/p>\n","protected":false},"author":2,"featured_media":321,"comment_status":"open","ping_status":"open","sticky":false,"template":"","format":"standard","meta":{"footnotes":""},"categories":[2],"tags":[],"class_list":["post-550","post","type-post","status-publish","format-standard","has-post-thumbnail","hentry","category-aktualnosci"],"_links":{"self":[{"href":"https:\/\/wspomozycielka-lodz.pl\/index.php?rest_route=\/wp\/v2\/posts\/550","targetHints":{"allow":["GET"]}}],"collection":[{"href":"https:\/\/wspomozycielka-lodz.pl\/index.php?rest_route=\/wp\/v2\/posts"}],"about":[{"href":"https:\/\/wspomozycielka-lodz.pl\/index.php?rest_route=\/wp\/v2\/types\/post"}],"author":[{"embeddable":true,"href":"https:\/\/wspomozycielka-lodz.pl\/index.php?rest_route=\/wp\/v2\/users\/2"}],"replies":[{"embeddable":true,"href":"https:\/\/wspomozycielka-lodz.pl\/index.php?rest_route=%2Fwp%2Fv2%2Fcomments&post=550"}],"version-history":[{"count":1,"href":"https:\/\/wspomozycielka-lodz.pl\/index.php?rest_route=\/wp\/v2\/posts\/550\/revisions"}],"predecessor-version":[{"id":551,"href":"https:\/\/wspomozycielka-lodz.pl\/index.php?rest_route=\/wp\/v2\/posts\/550\/revisions\/551"}],"wp:featuredmedia":[{"embeddable":true,"href":"https:\/\/wspomozycielka-lodz.pl\/index.php?rest_route=\/wp\/v2\/media\/321"}],"wp:attachment":[{"href":"https:\/\/wspomozycielka-lodz.pl\/index.php?rest_route=%2Fwp%2Fv2%2Fmedia&parent=550"}],"wp:term":[{"taxonomy":"category","embeddable":true,"href":"https:\/\/wspomozycielka-lodz.pl\/index.php?rest_route=%2Fwp%2Fv2%2Fcategories&post=550"},{"taxonomy":"post_tag","embeddable":true,"href":"https:\/\/wspomozycielka-lodz.pl\/index.php?rest_route=%2Fwp%2Fv2%2Ftags&post=550"}],"curies":[{"name":"wp","href":"https:\/\/api.w.org\/{rel}","templated":true}]}}