{"id":545,"date":"2022-01-10T10:05:07","date_gmt":"2022-01-10T09:05:07","guid":{"rendered":"https:\/\/wspomozycielka-lodz.pl\/?p=545"},"modified":"2022-01-10T10:05:08","modified_gmt":"2022-01-10T09:05:08","slug":"ogloszenia-parafialne-9-01-2022-r","status":"publish","type":"post","link":"https:\/\/wspomozycielka-lodz.pl\/?p=545","title":{"rendered":"<strong>OG\u0141OSZENIA PARAFIALNE <\/strong><strong>(9.01.2022 r.)<\/strong>"},"content":{"rendered":"\n<p>1. We wtorek, 11 stycznia, modlimy si\u0119 w intencjach misyjnych Ko\u015bcio\u0142a: za wszystkie osoby, kt\u00f3re do\u015bwiadczaj\u0105 dyskryminacji i prze\u015bladowa\u0144 na tle religijnym, aby znalaz\u0142y w spo\u0142ecze\u0144stwach, w kt\u00f3rych \u017cyj\u0105, uznanie w\u0142asnych praw i godno\u015bci, kt\u00f3ra rodzi si\u0119 z bycia bra\u0107mi. Po Mszy wieczornej spotkanie z rozwa\u017caniem S\u0142owa Bo\u017cego.<\/p>\n\n\n\n<p>2. W czwartek po Mszy \u015bw. wieczornej adoracja Naj\u015bwi\u0119tszego Sakramentu.<\/p>\n\n\n\n<p>3. W sobot\u0119 rozpoczniemy nowenn\u0119 do Maryi Wspomo\u017cycielki o godz. 17.40.<\/p>\n\n\n\n<p>4. W przysz\u0142\u0105 niedziel\u0119 s\u0105 spotkania dla kandydat\u00f3w do bierzmowania. Zapraszamy kl. I na godz. 10.00, a kl. VII i VIII na godz. 11.30.<\/p>\n\n\n\n<p>5. Grafik wizyty duszpasterskiej (kol\u0119dy) mo\u017cna znale\u017a\u0107 w gablocie i na stronie internetowej parafii. <\/p>\n\n\n\n<p>6. Z naszej wsp\u00f3lnoty parafialnej do wieczno\u015bci odeszli: Kazimierz \u0141ugowski, lat 64; Cyprian Jasi\u0144ski, lat 65. <em>Wieczny odpoczynek racz im da\u0107, Panie<\/em>&#8230;.<\/p>\n","protected":false},"excerpt":{"rendered":"<p>1. We wtorek, 11 stycznia, modlimy si\u0119 w intencjach misyjnych Ko\u015bcio\u0142a: za wszystkie osoby, kt\u00f3re do\u015bwiadczaj\u0105 dyskryminacji i prze\u015bladowa\u0144 na tle religijnym, aby znalaz\u0142y w spo\u0142ecze\u0144stwach, w kt\u00f3rych \u017cyj\u0105, uznanie w\u0142asnych praw i godno\u015bci, kt\u00f3ra rodzi si\u0119 z bycia bra\u0107mi. Po Mszy wieczornej spotkanie z rozwa\u017caniem S\u0142owa Bo\u017cego. 2. W [&hellip;]<\/p>\n","protected":false},"author":2,"featured_media":320,"comment_status":"open","ping_status":"open","sticky":false,"template":"","format":"standard","meta":{"footnotes":""},"categories":[2],"tags":[],"class_list":["post-545","post","type-post","status-publish","format-standard","has-post-thumbnail","hentry","category-aktualnosci"],"_links":{"self":[{"href":"https:\/\/wspomozycielka-lodz.pl\/index.php?rest_route=\/wp\/v2\/posts\/545","targetHints":{"allow":["GET"]}}],"collection":[{"href":"https:\/\/wspomozycielka-lodz.pl\/index.php?rest_route=\/wp\/v2\/posts"}],"about":[{"href":"https:\/\/wspomozycielka-lodz.pl\/index.php?rest_route=\/wp\/v2\/types\/post"}],"author":[{"embeddable":true,"href":"https:\/\/wspomozycielka-lodz.pl\/index.php?rest_route=\/wp\/v2\/users\/2"}],"replies":[{"embeddable":true,"href":"https:\/\/wspomozycielka-lodz.pl\/index.php?rest_route=%2Fwp%2Fv2%2Fcomments&post=545"}],"version-history":[{"count":1,"href":"https:\/\/wspomozycielka-lodz.pl\/index.php?rest_route=\/wp\/v2\/posts\/545\/revisions"}],"predecessor-version":[{"id":546,"href":"https:\/\/wspomozycielka-lodz.pl\/index.php?rest_route=\/wp\/v2\/posts\/545\/revisions\/546"}],"wp:featuredmedia":[{"embeddable":true,"href":"https:\/\/wspomozycielka-lodz.pl\/index.php?rest_route=\/wp\/v2\/media\/320"}],"wp:attachment":[{"href":"https:\/\/wspomozycielka-lodz.pl\/index.php?rest_route=%2Fwp%2Fv2%2Fmedia&parent=545"}],"wp:term":[{"taxonomy":"category","embeddable":true,"href":"https:\/\/wspomozycielka-lodz.pl\/index.php?rest_route=%2Fwp%2Fv2%2Fcategories&post=545"},{"taxonomy":"post_tag","embeddable":true,"href":"https:\/\/wspomozycielka-lodz.pl\/index.php?rest_route=%2Fwp%2Fv2%2Ftags&post=545"}],"curies":[{"name":"wp","href":"https:\/\/api.w.org\/{rel}","templated":true}]}}