{"id":543,"date":"2022-01-10T10:03:35","date_gmt":"2022-01-10T09:03:35","guid":{"rendered":"https:\/\/wspomozycielka-lodz.pl\/?p=543"},"modified":"2022-01-10T10:03:36","modified_gmt":"2022-01-10T09:03:36","slug":"intencje-mszalne-9-15-01-2022","status":"publish","type":"post","link":"https:\/\/wspomozycielka-lodz.pl\/?p=543","title":{"rendered":"<strong>INTENCJE MSZALNE (9-15.01.2022)<\/strong>"},"content":{"rendered":"\n<p><strong>Niedziela<\/strong><\/p>\n\n\n\n<p><a>8.30&nbsp;&nbsp;&nbsp; <\/a>W intencji przeb\u0142agalnej za grzechy Joanny, jej rodziny, krewnych i wszystkich przodk\u00f3w<\/p>\n\n\n\n<p>8.30&nbsp;&nbsp;&nbsp; + Marek Kula (4 rocz. \u015bm.) i Wiktoria Kula<\/p>\n\n\n\n<p>8.30&nbsp;&nbsp;&nbsp; + Janina i Kazimierz Dymi\u0144scy, gr 8<\/p>\n\n\n\n<p>10.00&nbsp; + Henryka (f) G\u0142a\u017cewska, gr. 9<\/p>\n\n\n\n<p>10.00&nbsp; + Leszek Drzynicki, gr 1<\/p>\n\n\n\n<p>10.00&nbsp; + J\u00f3zef Pa\u0144czyk (26 rocz. \u015bm.), J\u00f3zef Pa\u0144czyk (8 rocz. \u015bm.), zmarli z rodziny Pa\u0144czyk\u00f3w i Bartosiak\u00f3w<\/p>\n\n\n\n<p>11.30&nbsp; + Mariola Marek, gr. 9<\/p>\n\n\n\n<p>11.30&nbsp; Za dusze w czy\u015b\u0107cu cierpi\u0105ce<\/p>\n\n\n\n<p>11.30&nbsp; + Eugeniusz Stasio<\/p>\n\n\n\n<p>18.00&nbsp; Za parafian<\/p>\n\n\n\n<p>18.00&nbsp; O zdrowie dla ci\u0119\u017cko chorej Edyty<\/p>\n\n\n\n<p><strong>Poniedzia\u0142ek<\/strong><\/p>\n\n\n\n<p>7.30&nbsp;&nbsp;&nbsp; + Henryka (f) G\u0142a\u017cewska, gr. 10<\/p>\n\n\n\n<p>7.30&nbsp;&nbsp;&nbsp; + Janina i Kazimierz Dymi\u0144scy, gr 9<\/p>\n\n\n\n<p>7.30&nbsp;&nbsp;&nbsp; W intencji Kacpra i jego rodzic\u00f3w o Bo\u017ce b\u0142ogos\u0142awie\u0144stwo, opiek\u0119 Maryi i anio\u0142\u00f3w oraz wype\u0142nienie woli Bo\u017cej w ich \u017cyciu<\/p>\n\n\n\n<p>18.00&nbsp; W intencji przeb\u0142agalnej za grzechy Joanny, jej rodziny, krewnych i wszystkich przodk\u00f3w<\/p>\n\n\n\n<p>18.00&nbsp; + Mariola Marek, gr. 10<\/p>\n\n\n\n<p>18.00&nbsp; + Leokadia Brzeska, gr 1<\/p>\n\n\n\n<p>18.00&nbsp; + Leszek Drzynicki, gr 2<\/p>\n\n\n\n<p><strong>Wtorek<\/strong><\/p>\n\n\n\n<p>7.30&nbsp;&nbsp;&nbsp; + Henryka (f) G\u0142a\u017cewska, gr. 11<\/p>\n\n\n\n<p>7.30&nbsp;&nbsp;&nbsp; + Janina i Kazimierz Dymi\u0144scy, gr 10<\/p>\n\n\n\n<p>7.30&nbsp;&nbsp;&nbsp; Za dusze w czy\u015b\u0107cu cierpi\u0105ce<\/p>\n\n\n\n<p>18.00&nbsp; W intencji przeb\u0142agalnej za grzechy Joanny, jej rodziny, krewnych i wszystkich przodk\u00f3w<\/p>\n\n\n\n<p>18.00&nbsp; + Mariola Marek, gr. 11<\/p>\n\n\n\n<p>18.00&nbsp; + Leokadia Brzeska, gr 2<\/p>\n\n\n\n<p>18.00&nbsp; + Leszek Drzynicki, gr 3<\/p>\n\n\n\n<p><strong>\u015aroda<\/strong><\/p>\n\n\n\n<p>7.30&nbsp;&nbsp;&nbsp; + Henryka (f) G\u0142a\u017cewska, gr. 12<\/p>\n\n\n\n<p>7.30&nbsp;&nbsp;&nbsp; + Janina i Kazimierz Dymi\u0144scy, gr 11<\/p>\n\n\n\n<p>7.30&nbsp;&nbsp;&nbsp; O powr\u00f3t do zdrowia dla Jana Szewczyka<\/p>\n\n\n\n<p>18.00&nbsp; W intencji przeb\u0142agalnej za grzechy Joanny, jej rodziny, krewnych i wszystkich przodk\u00f3w<\/p>\n\n\n\n<p>18.00&nbsp; + Mariola Marek, gr. 12<\/p>\n\n\n\n<p>18.00&nbsp; + Leokadia Brzeska, gr 3<\/p>\n\n\n\n<p>18.00&nbsp; + Leszek Drzynicki, gr 4<\/p>\n\n\n\n<p><strong>Czwartek<\/strong><\/p>\n\n\n\n<p>7.30&nbsp;&nbsp;&nbsp; + Halina Bieniek<\/p>\n\n\n\n<p>7.30&nbsp;&nbsp;&nbsp; + Henryka (f) G\u0142a\u017cewska, gr. 13<\/p>\n\n\n\n<p>7.30&nbsp;&nbsp;&nbsp; + Janina i Kazimierz Dymi\u0144scy, gr 12<\/p>\n\n\n\n<p>18.00&nbsp; Dzi\u0119kczynno-b\u0142agalna w intencji Jakuba w 42 rocznic\u0119 chrztu<\/p>\n\n\n\n<p>18.00&nbsp; W intencji przeb\u0142agalnej za grzechy Joanny, jej rodziny, krewnych i wszystkich przodk\u00f3w<\/p>\n\n\n\n<p>18.00&nbsp; + Mariola Marek, gr. 13<\/p>\n\n\n\n<p>18.00&nbsp; + Leokadia Brzeska, gr 4<\/p>\n\n\n\n<p>18.00&nbsp; + Leszek Drzynicki, gr 5<\/p>\n\n\n\n<p><strong>Pi\u0105tek<\/strong><\/p>\n\n\n\n<p><a>7.30&nbsp;&nbsp;&nbsp; <\/a>O intronizacj\u0119 Serca Jezusowego w rodzinach, w ojczy\u017anie i w ka\u017cdym sercu oraz o beatyfikacj\u0119 S\u0142u\u017cebnicy Bo\u017cej Rozalii Celak\u00f3wny<\/p>\n\n\n\n<p>7.30&nbsp;&nbsp;&nbsp; + Henryka (f) G\u0142a\u017cewska, gr. 14<\/p>\n\n\n\n<p>7.30&nbsp;&nbsp;&nbsp; + Janina i Kazimierz Dymi\u0144scy, gr 13<\/p>\n\n\n\n<p>18.00&nbsp; W intencji przeb\u0142agalnej za grzechy Joanny, jej rodziny, krewnych i wszystkich przodk\u00f3w<\/p>\n\n\n\n<p>18.00&nbsp; + Mariola Marek, gr. 14<\/p>\n\n\n\n<p>18.00&nbsp; + Leokadia Brzeska, gr 5<\/p>\n\n\n\n<p>18.00&nbsp; + Leszek Drzynicki, gr 6<\/p>\n\n\n\n<p><strong>Sobota<\/strong><\/p>\n\n\n\n<p>7.30&nbsp;&nbsp;&nbsp; W intencji przeb\u0142agalnej za grzechy Joanny, jej rodziny, krewnych i wszystkich przodk\u00f3w<\/p>\n\n\n\n<p>7.30&nbsp;&nbsp;&nbsp; + Henryka (f) G\u0142a\u017cewska, gr. 15<\/p>\n\n\n\n<p>7.30&nbsp;&nbsp;&nbsp; + Janina i Kazimierz Dymi\u0144scy, gr 14<\/p>\n\n\n\n<p>18.00&nbsp; O Bo\u017ce b\u0142ogos\u0142awie\u0144stwo, potrzebne \u0142aski i opiek\u0119 Matki Naj\u015bwi\u0119tszej dla Mariusza i Darii z okazji imienin i urodzin<\/p>\n\n\n\n<p>18.00&nbsp; + Mariola Marek, gr. 15<\/p>\n\n\n\n<p>18.00\u00a0 + Leokadia Brzeska, gr 6 <\/p>\n\n\n\n<p>18.00\u00a0 + Leszek Drzynicki, gr 7<\/p>\n","protected":false},"excerpt":{"rendered":"<p>Niedziela 8.30&nbsp;&nbsp;&nbsp; W intencji przeb\u0142agalnej za grzechy Joanny, jej rodziny, krewnych i wszystkich przodk\u00f3w 8.30&nbsp;&nbsp;&nbsp; + Marek Kula (4 rocz. \u015bm.) i Wiktoria Kula 8.30&nbsp;&nbsp;&nbsp; + Janina i Kazimierz Dymi\u0144scy, gr 8 10.00&nbsp; + Henryka (f) G\u0142a\u017cewska, gr. 9 10.00&nbsp; + Leszek Drzynicki, gr 1 10.00&nbsp; + J\u00f3zef Pa\u0144czyk (26 [&hellip;]<\/p>\n","protected":false},"author":2,"featured_media":321,"comment_status":"open","ping_status":"open","sticky":false,"template":"","format":"standard","meta":{"footnotes":""},"categories":[2],"tags":[],"class_list":["post-543","post","type-post","status-publish","format-standard","has-post-thumbnail","hentry","category-aktualnosci"],"_links":{"self":[{"href":"https:\/\/wspomozycielka-lodz.pl\/index.php?rest_route=\/wp\/v2\/posts\/543","targetHints":{"allow":["GET"]}}],"collection":[{"href":"https:\/\/wspomozycielka-lodz.pl\/index.php?rest_route=\/wp\/v2\/posts"}],"about":[{"href":"https:\/\/wspomozycielka-lodz.pl\/index.php?rest_route=\/wp\/v2\/types\/post"}],"author":[{"embeddable":true,"href":"https:\/\/wspomozycielka-lodz.pl\/index.php?rest_route=\/wp\/v2\/users\/2"}],"replies":[{"embeddable":true,"href":"https:\/\/wspomozycielka-lodz.pl\/index.php?rest_route=%2Fwp%2Fv2%2Fcomments&post=543"}],"version-history":[{"count":1,"href":"https:\/\/wspomozycielka-lodz.pl\/index.php?rest_route=\/wp\/v2\/posts\/543\/revisions"}],"predecessor-version":[{"id":544,"href":"https:\/\/wspomozycielka-lodz.pl\/index.php?rest_route=\/wp\/v2\/posts\/543\/revisions\/544"}],"wp:featuredmedia":[{"embeddable":true,"href":"https:\/\/wspomozycielka-lodz.pl\/index.php?rest_route=\/wp\/v2\/media\/321"}],"wp:attachment":[{"href":"https:\/\/wspomozycielka-lodz.pl\/index.php?rest_route=%2Fwp%2Fv2%2Fmedia&parent=543"}],"wp:term":[{"taxonomy":"category","embeddable":true,"href":"https:\/\/wspomozycielka-lodz.pl\/index.php?rest_route=%2Fwp%2Fv2%2Fcategories&post=543"},{"taxonomy":"post_tag","embeddable":true,"href":"https:\/\/wspomozycielka-lodz.pl\/index.php?rest_route=%2Fwp%2Fv2%2Ftags&post=543"}],"curies":[{"name":"wp","href":"https:\/\/api.w.org\/{rel}","templated":true}]}}