{"id":541,"date":"2022-01-04T20:22:11","date_gmt":"2022-01-04T19:22:11","guid":{"rendered":"https:\/\/wspomozycielka-lodz.pl\/?p=541"},"modified":"2022-01-04T20:22:11","modified_gmt":"2022-01-04T19:22:11","slug":"ogloszenia-parafialne-2-01-2022-r","status":"publish","type":"post","link":"https:\/\/wspomozycielka-lodz.pl\/?p=541","title":{"rendered":"<strong>OG\u0141OSZENIA PARAFIALNE <\/strong><strong>(2.01.2022 r.)<\/strong>"},"content":{"rendered":"\n<p>1. We wtorek na Mszy wieczornej modli\u0107 si\u0119 b\u0119dziemy za wszystkich zmar\u0142ych polecanych w wypominkach. Po Mszy spotkanie z rozwa\u017caniem S\u0142owa Bo\u017cego.<\/p>\n\n\n\n<p>2. W \u015brod\u0119 na Mszy wieczornej modlimy si\u0119 przez wstawiennictwo \u015bw. J\u00f3zefa za Dobrodziej\u00f3w naszej parafii i ca\u0142ego dzie\u0142a salezja\u0144skiego na Wodnej.<\/p>\n\n\n\n<p>3. W czwartek obchodzimy uroczysto\u015b\u0107 Objawienia Pa\u0144skiego, zwan\u0105 \u015bwi\u0119tem Trzech Kr\u00f3li. Na ka\u017cdej Mszy po\u015bwi\u0119cenie kredy, kt\u00f3r\u0105 mo\u017cemy zabra\u0107, aby oznaczy\u0107 drzwi naszych dom\u00f3w na \u015bwiadectwo naszej przynale\u017cno\u015bci do Chrystusa i Ko\u015bcio\u0142a. W tym dniu mamy obowi\u0105zek uczestniczenia w Eucharystii. Msze \u015bw. jak w niedziel\u0119. Z racji pierwszego czwartku na Mszy o 8.30 modli\u0107 si\u0119 b\u0119dziemy za kap\u0142an\u00f3w pos\u0142uguj\u0105cych w naszej parafii i o nowe powo\u0142ania. Wyj\u0105tkowo w ten czwartek nie b\u0119dzie wieczornej adoracji Naj\u015bwi\u0119tszego Sakramentu.<\/p>\n\n\n\n<p>4. W pierwszy pi\u0105tek miesi\u0105ca od godz. 15.00 Godzina Mi\u0142osierdzia i adoracja Naj\u015bwi\u0119tszego Sakramentu. W tym dniu przypadaj\u0105 imieniny ks. Lucjana D\u0105browskiego, w intencji kt\u00f3rego b\u0119dziemy si\u0119 modli\u0107 na Mszy wieczornej. Po Mszy wieczornej spotkanie wsp\u00f3lnoty Stra\u017cy Honorowej NSPJ.<\/p>\n\n\n\n<p>5. W przysz\u0142\u0105 niedziel\u0119 zapraszamy na wsp\u00f3lne kol\u0119dowanie przy szopce po Mszy o 11.30. R\u00f3wnie\u017c w przysz\u0142\u0105 niedziel\u0119 swoje spotkanie maj\u0105 Salezjanie Wsp\u00f3\u0142pracownicy.<\/p>\n\n\n\n<p>6. Przypominamy, \u017ce w tym roku wizyta kol\u0119dowa b\u0119dzie na indywidualne zaproszenie. Zatem wszyscy, kt\u00f3rzy chcieliby prze\u017cy\u0107 wizyt\u0119 duszpastersk\u0105 i przyj\u0105\u0107 kap\u0142an\u00f3w z modlitw\u0105 oraz b\u0142ogos\u0142awie\u0144stwem domu i jego mieszka\u0144c\u00f3w, s\u0105 proszeni o wype\u0142nienie zg\u0142oszenia, a nast\u0119pnie o przyniesienie go do kancelarii lub zakrystii. Mo\u017cna te\u017c zg\u0142osi\u0107 w formie elektronicznej na adres parafii: mbww.wodna@onet.pl. Zg\u0142oszenia przyjmujemy do 6.01.2022 r. Prosimy te\u017c, aby zatroszczy\u0107 si\u0119 o s\u0105siad\u00f3w chorych, kt\u00f3rzy sami nie dadz\u0105 rady zg\u0142osi\u0107 ch\u0119ci kol\u0119dy. Plan wizyty duszpasterskiej u tych, kt\u00f3rzy zg\u0142osz\u0105 tak\u0105 ch\u0119\u0107, zostanie podany w niedziel\u0119 9 stycznia.<\/p>\n\n\n\n<p>7. Przypominamy r\u00f3wnie\u017c, \u017ce bo\u017conarodzeniow\u0105 szopk\u0119 w naszym ko\u015bciele mo\u017cna ogl\u0105da\u0107 w ka\u017cd\u0105 niedziel\u0119 i dni \u015bwi\u0105teczne pomi\u0119dzy mszami oraz po po\u0142udniu do godziny 15.00 i wieczorem od godz. 17.00 do rozpocz\u0119cia nabo\u017ce\u0144stwa lub Mszy \u015bw. <\/p>\n\n\n\n<p>8. Z naszej wsp\u00f3lnoty parafialnej do wieczno\u015bci odszed\u0142: Rafa\u0142 Zbro\u017cek, lat 43. <em>Wieczny odpoczynek racz mu da\u0107, Panie<\/em>&#8230;.<\/p>\n","protected":false},"excerpt":{"rendered":"<p>1. We wtorek na Mszy wieczornej modli\u0107 si\u0119 b\u0119dziemy za wszystkich zmar\u0142ych polecanych w wypominkach. Po Mszy spotkanie z rozwa\u017caniem S\u0142owa Bo\u017cego. 2. W \u015brod\u0119 na Mszy wieczornej modlimy si\u0119 przez wstawiennictwo \u015bw. J\u00f3zefa za Dobrodziej\u00f3w naszej parafii i ca\u0142ego dzie\u0142a salezja\u0144skiego na Wodnej. 3. W czwartek obchodzimy uroczysto\u015b\u0107 Objawienia [&hellip;]<\/p>\n","protected":false},"author":2,"featured_media":320,"comment_status":"open","ping_status":"open","sticky":false,"template":"","format":"standard","meta":{"footnotes":""},"categories":[2],"tags":[],"class_list":["post-541","post","type-post","status-publish","format-standard","has-post-thumbnail","hentry","category-aktualnosci"],"_links":{"self":[{"href":"https:\/\/wspomozycielka-lodz.pl\/index.php?rest_route=\/wp\/v2\/posts\/541","targetHints":{"allow":["GET"]}}],"collection":[{"href":"https:\/\/wspomozycielka-lodz.pl\/index.php?rest_route=\/wp\/v2\/posts"}],"about":[{"href":"https:\/\/wspomozycielka-lodz.pl\/index.php?rest_route=\/wp\/v2\/types\/post"}],"author":[{"embeddable":true,"href":"https:\/\/wspomozycielka-lodz.pl\/index.php?rest_route=\/wp\/v2\/users\/2"}],"replies":[{"embeddable":true,"href":"https:\/\/wspomozycielka-lodz.pl\/index.php?rest_route=%2Fwp%2Fv2%2Fcomments&post=541"}],"version-history":[{"count":1,"href":"https:\/\/wspomozycielka-lodz.pl\/index.php?rest_route=\/wp\/v2\/posts\/541\/revisions"}],"predecessor-version":[{"id":542,"href":"https:\/\/wspomozycielka-lodz.pl\/index.php?rest_route=\/wp\/v2\/posts\/541\/revisions\/542"}],"wp:featuredmedia":[{"embeddable":true,"href":"https:\/\/wspomozycielka-lodz.pl\/index.php?rest_route=\/wp\/v2\/media\/320"}],"wp:attachment":[{"href":"https:\/\/wspomozycielka-lodz.pl\/index.php?rest_route=%2Fwp%2Fv2%2Fmedia&parent=541"}],"wp:term":[{"taxonomy":"category","embeddable":true,"href":"https:\/\/wspomozycielka-lodz.pl\/index.php?rest_route=%2Fwp%2Fv2%2Fcategories&post=541"},{"taxonomy":"post_tag","embeddable":true,"href":"https:\/\/wspomozycielka-lodz.pl\/index.php?rest_route=%2Fwp%2Fv2%2Ftags&post=541"}],"curies":[{"name":"wp","href":"https:\/\/api.w.org\/{rel}","templated":true}]}}