{"id":539,"date":"2022-01-04T20:20:51","date_gmt":"2022-01-04T19:20:51","guid":{"rendered":"https:\/\/wspomozycielka-lodz.pl\/?p=539"},"modified":"2022-01-04T20:20:52","modified_gmt":"2022-01-04T19:20:52","slug":"intencje-mszalne-2-8-01-2022","status":"publish","type":"post","link":"https:\/\/wspomozycielka-lodz.pl\/?p=539","title":{"rendered":"<strong>INTENCJE MSZALNE (2-8.01.2022)<\/strong>"},"content":{"rendered":"\n<p><strong>Niedziela<\/strong><\/p>\n\n\n\n<p><a>8.30&nbsp;&nbsp;&nbsp; <\/a>W intencji przeb\u0142agalnej za grzechy Joanny, jej rodziny, krewnych i wszystkich przodk\u00f3w (2)<\/p>\n\n\n\n<p>8.30&nbsp;&nbsp;&nbsp; Za dusze w czy\u015b\u0107cu cierpi\u0105ce<\/p>\n\n\n\n<p>8.30&nbsp;&nbsp;&nbsp; + Janina i Kazimierz Dymi\u0144scy, gr 1<\/p>\n\n\n\n<p>10.00&nbsp; Za parafian<\/p>\n\n\n\n<p>10.00&nbsp; + Henryka (f) G\u0142a\u017cewska, gr. 2<\/p>\n\n\n\n<p>10.00&nbsp; + Longin Chmielewski (w 85 urodziny); + Danuta Chmielewska (w dniu imienin)<\/p>\n\n\n\n<p>11.30&nbsp; O Bo\u017ce b\u0142ogos\u0142awie\u0144stwo i potrzebne \u0142aski dla Mieczys\u0142awa<\/p>\n\n\n\n<p>11.30&nbsp; + Mariola Marek, gr. 2<\/p>\n\n\n\n<p>18.00&nbsp; + Tadeusz Warcho\u0142, gr. 28<\/p>\n\n\n\n<p><strong>Poniedzia\u0142ek<\/strong><\/p>\n\n\n\n<p>7.30&nbsp;&nbsp;&nbsp; + Wac\u0142aw i Wac\u0142awa (f) Sanik<\/p>\n\n\n\n<p>7.30&nbsp;&nbsp;&nbsp; + Henryka (f) G\u0142a\u017cewska, gr. 3<\/p>\n\n\n\n<p>7.30&nbsp;&nbsp;&nbsp; + Janina i Kazimierz Dymi\u0144scy, gr 2<\/p>\n\n\n\n<p>18.00&nbsp; + Tadeusz Warcho\u0142, gr. 29<\/p>\n\n\n\n<p>18.00&nbsp; W intencji przeb\u0142agalnej za grzechy Joanny, jej rodziny, krewnych i wszystkich przodk\u00f3w (3)<\/p>\n\n\n\n<p>18.00&nbsp; + Mariola Marek, gr. 3<\/p>\n\n\n\n<p>18.00&nbsp; W intencji Genowefy Jeziorskiej i jej rodziny o Bo\u017ce b\u0142ogos\u0142awie\u0144stwo i potrzebne \u0142aski<\/p>\n\n\n\n<p><strong>Wtorek<\/strong><\/p>\n\n\n\n<p>7.30&nbsp;&nbsp;&nbsp; + Tadeusz Warcho\u0142, gr. 30<\/p>\n\n\n\n<p>7.30&nbsp;&nbsp;&nbsp; + Henryka (f) G\u0142a\u017cewska, gr. 4<\/p>\n\n\n\n<p>7.30&nbsp;&nbsp;&nbsp; + Janina i Kazimierz Dymi\u0144scy, gr 3<\/p>\n\n\n\n<p>18.00&nbsp; Za zmar\u0142ych polecanych w wypominkach<\/p>\n\n\n\n<p>18.00&nbsp; W intencji przeb\u0142agalnej za grzechy Joanny, jej rodziny, krewnych i wszystkich przodk\u00f3w (4)<\/p>\n\n\n\n<p>18.00&nbsp; + Mariola Marek, gr. 4<\/p>\n\n\n\n<p><strong>\u015aroda<\/strong><\/p>\n\n\n\n<p>7.30&nbsp;&nbsp;&nbsp; + Henryka (f) G\u0142a\u017cewska, gr. 5<\/p>\n\n\n\n<p>7.30&nbsp;&nbsp;&nbsp; + Janina i Kazimierz Dymi\u0144scy, gr 4<\/p>\n\n\n\n<p>18.00&nbsp; W intencji Dobrodziej\u00f3w parafii i dzie\u0142a salezja\u0144skiego na Wodnej<\/p>\n\n\n\n<p>18.00&nbsp; W intencji przeb\u0142agalnej za grzechy Joanny, jej rodziny, krewnych i wszystkich przodk\u00f3w (5)<\/p>\n\n\n\n<p>18.00&nbsp; + Mariola Marek, gr. 5<\/p>\n\n\n\n<p><strong>Czwartek<\/strong><\/p>\n\n\n\n<p>8.30&nbsp;&nbsp;&nbsp; W intencji przeb\u0142agalnej za grzechy Joanny, jej rodziny, krewnych i wszystkich przodk\u00f3w (6)<\/p>\n\n\n\n<p>8.30&nbsp;&nbsp;&nbsp; + Scholastyka i Stanis\u0142aw Plawgo<\/p>\n\n\n\n<p>8.30&nbsp;&nbsp;&nbsp; + Janina i Kazimierz Dymi\u0144scy, gr 5<\/p>\n\n\n\n<p>8.30&nbsp;&nbsp;&nbsp; W intencji kap\u0142an\u00f3w pos\u0142uguj\u0105cych w naszej parafii i o nowe powo\u0142ania kap\u0142a\u0144skie, zakonne i misyjne<\/p>\n\n\n\n<p>10.00&nbsp; W intencji dobrodziej\u00f3w i przyjaci\u00f3\u0142 SSR<\/p>\n\n\n\n<p>10.00&nbsp; + Henryka (f) G\u0142a\u017cewska, gr. 6<\/p>\n\n\n\n<p>10.00&nbsp; + Zofia \u015awi\u0105tek<\/p>\n\n\n\n<p>11.30&nbsp; W intencji wszystkich chrze\u015bniak\u00f3w Emilii, Grzegorza i Karola<\/p>\n\n\n\n<p>11.30&nbsp; + Mariola Marek, gr. 6<\/p>\n\n\n\n<p>18.00&nbsp; Za parafian<\/p>\n\n\n\n<p><strong>Pi\u0105tek<\/strong><\/p>\n\n\n\n<p><a>7.30&nbsp;&nbsp;&nbsp; <\/a>Dzi\u0119kczynno-b\u0142agalna do Naj\u015bwi\u0119tszego Serca Pana Jezusa<\/p>\n\n\n\n<p>7.30&nbsp;&nbsp;&nbsp; + Henryka (f) G\u0142a\u017cewska, gr. 7<\/p>\n\n\n\n<p>7.30&nbsp;&nbsp;&nbsp; + Janina i Kazimierz Dymi\u0144scy, gr 6<\/p>\n\n\n\n<p>18.00&nbsp; W intencji ks. Lucjana D\u0105browskiego o Bo\u017ce b\u0142ogos\u0142awie\u0144stwo, potrzebne \u0142aski i opiek\u0119 Matki Bo\u017cej z okazji imienin<\/p>\n\n\n\n<p>18.00&nbsp; O wzrost duchowy i liczebny cz\u0142onk\u00f3w Stra\u017cy Honorowej NSJ oraz o zdrowie i potrzebne \u0142aski dla ksi\u0119dza opiekuna<\/p>\n\n\n\n<p>18.00&nbsp; Wynagradzaj\u0105ca za pope\u0142nione grzechy aborcji w rodzinie<\/p>\n\n\n\n<p>18.00&nbsp; W intencji przeb\u0142agalnej za grzechy Joanny, jej rodziny, krewnych i wszystkich przodk\u00f3w (7)<\/p>\n\n\n\n<p>18.00&nbsp; + Mariola Marek, gr. 7<\/p>\n\n\n\n<p><strong>Sobota<\/strong><\/p>\n\n\n\n<p>7.30&nbsp;&nbsp;&nbsp; W intencji przeb\u0142agalnej za grzechy Joanny, jej rodziny, krewnych i wszystkich przodk\u00f3w (8)<\/p>\n\n\n\n<p>7.30&nbsp;&nbsp;&nbsp; + Henryka (f) G\u0142a\u017cewska, gr. 8<\/p>\n\n\n\n<p>7.30&nbsp;&nbsp;&nbsp; + Janina i Kazimierz Dymi\u0144scy, gr 7<\/p>\n\n\n\n<p>18.00\u00a0 + Mariola Marek, gr. 8 <\/p>\n\n\n\n<p>18.00\u00a0 + Grzegorz Twardowski (24 rocz. \u015bm.); Marta, Konstanty, Wac\u0142aw, Bronis\u0142awa (f) Twardowscy; Stefan, Franciszka (f), Gustaw Dolniakowie; Krzysztof Napi\u00f3rkowski<\/p>\n","protected":false},"excerpt":{"rendered":"<p>Niedziela 8.30&nbsp;&nbsp;&nbsp; W intencji przeb\u0142agalnej za grzechy Joanny, jej rodziny, krewnych i wszystkich przodk\u00f3w (2) 8.30&nbsp;&nbsp;&nbsp; Za dusze w czy\u015b\u0107cu cierpi\u0105ce 8.30&nbsp;&nbsp;&nbsp; + Janina i Kazimierz Dymi\u0144scy, gr 1 10.00&nbsp; Za parafian 10.00&nbsp; + Henryka (f) G\u0142a\u017cewska, gr. 2 10.00&nbsp; + Longin Chmielewski (w 85 urodziny); + Danuta Chmielewska (w [&hellip;]<\/p>\n","protected":false},"author":2,"featured_media":321,"comment_status":"open","ping_status":"open","sticky":false,"template":"","format":"standard","meta":{"footnotes":""},"categories":[2],"tags":[],"class_list":["post-539","post","type-post","status-publish","format-standard","has-post-thumbnail","hentry","category-aktualnosci"],"_links":{"self":[{"href":"https:\/\/wspomozycielka-lodz.pl\/index.php?rest_route=\/wp\/v2\/posts\/539","targetHints":{"allow":["GET"]}}],"collection":[{"href":"https:\/\/wspomozycielka-lodz.pl\/index.php?rest_route=\/wp\/v2\/posts"}],"about":[{"href":"https:\/\/wspomozycielka-lodz.pl\/index.php?rest_route=\/wp\/v2\/types\/post"}],"author":[{"embeddable":true,"href":"https:\/\/wspomozycielka-lodz.pl\/index.php?rest_route=\/wp\/v2\/users\/2"}],"replies":[{"embeddable":true,"href":"https:\/\/wspomozycielka-lodz.pl\/index.php?rest_route=%2Fwp%2Fv2%2Fcomments&post=539"}],"version-history":[{"count":1,"href":"https:\/\/wspomozycielka-lodz.pl\/index.php?rest_route=\/wp\/v2\/posts\/539\/revisions"}],"predecessor-version":[{"id":540,"href":"https:\/\/wspomozycielka-lodz.pl\/index.php?rest_route=\/wp\/v2\/posts\/539\/revisions\/540"}],"wp:featuredmedia":[{"embeddable":true,"href":"https:\/\/wspomozycielka-lodz.pl\/index.php?rest_route=\/wp\/v2\/media\/321"}],"wp:attachment":[{"href":"https:\/\/wspomozycielka-lodz.pl\/index.php?rest_route=%2Fwp%2Fv2%2Fmedia&parent=539"}],"wp:term":[{"taxonomy":"category","embeddable":true,"href":"https:\/\/wspomozycielka-lodz.pl\/index.php?rest_route=%2Fwp%2Fv2%2Fcategories&post=539"},{"taxonomy":"post_tag","embeddable":true,"href":"https:\/\/wspomozycielka-lodz.pl\/index.php?rest_route=%2Fwp%2Fv2%2Ftags&post=539"}],"curies":[{"name":"wp","href":"https:\/\/api.w.org\/{rel}","templated":true}]}}