{"id":537,"date":"2021-12-26T22:43:53","date_gmt":"2021-12-26T21:43:53","guid":{"rendered":"https:\/\/wspomozycielka-lodz.pl\/?p=537"},"modified":"2021-12-26T22:43:54","modified_gmt":"2021-12-26T21:43:54","slug":"ogloszenia-parafialne-26-12-2021","status":"publish","type":"post","link":"https:\/\/wspomozycielka-lodz.pl\/?p=537","title":{"rendered":"<strong>OG\u0141OSZENIA PARAFIALNE <\/strong><strong>(26.12.2021)<\/strong>"},"content":{"rendered":"\n<p>1. We wtorek po Mszy wieczornej spotkanie z rozwa\u017caniem S\u0142owa Bo\u017cego.<\/p>\n\n\n\n<p>2. W czwartek po Mszy \u015bw. wieczornej adoracja Naj\u015bwi\u0119tszego Sakramentu.<\/p>\n\n\n\n<p>3. W pi\u0105tek po Mszy wieczornej nabo\u017ce\u0144stwo dzi\u0119kczynno-b\u0142agalne na zako\u0144czenie roku 2021.<\/p>\n\n\n\n<p>4. Maj\u0105c na uwadze dobro duchowe wiernych, Ksi\u0105dz Arcybiskup Grzegorz Ry\u015b udzieli\u0142 dyspensy od obowi\u0105zku powstrzymania si\u0119 od spo\u017cywania pokarm\u00f3w mi\u0119snych w pi\u0105tek 31 grudnia br., to jest we wspomnienie \u015bw. Sylwestra, wszystkim wiernym archidiecezji \u0142\u00f3dzkiej, a tak\u017ce innym osobom przebywaj\u0105cym w tym dniu na jej terenie. Zach\u0119ci\u0142 jednocze\u015bnie do zast\u0105pienia tej praktyki pokutnej innymi formami pokuty, zw\u0142aszcza uczynkami mi\u0142o\u015bci i pobo\u017cno\u015bci.<\/p>\n\n\n\n<p>5. W sobot\u0119, 1 stycznia, uroczysto\u015b\u0107 Bo\u017cej Rodzicielki Maryi, kt\u00f3ra ko\u0144czy oktaw\u0119 Narodzenia Pa\u0144skiego. W tym dniu mamy obowi\u0105zek uczestniczenia w Eucharystii. Msze \u015bw. jak w niedziel\u0119. Jest to te\u017c pierwsza sobota miesi\u0105ca. O godz. 17.00 r\u00f3\u017caniec prowadzony przez wsp\u00f3lnot\u0119 \u017bywego R\u00f3\u017ca\u0144ca.<\/p>\n\n\n\n<p>6. Przy du\u017cej skarbonie s\u0105 torby orszakowe na dary dla dzieci z \u0142\u00f3dzkich dom\u00f3w dziecka i rodzin zast\u0119pczych: drobny sprz\u0119t sportowy, pi\u0142ki, rolki, hulajnogi, zabawki edukacyjne i gry planszowe. Dary te mo\u017cna sk\u0142ada\u0107 przed szopk\u0105 od dzisiaj do 3 stycznia.<\/p>\n\n\n\n<p>7. Wiemy, \u017ce s\u0105 plany renowacji szopki bo\u017conarodzeniowej. Najprawdopodobniej wi\u0119c szopka w aktualnej wersji b\u0119dzie po raz ostatni w te \u015bwi\u0119ta. Dlatego warto j\u0105 odwiedzi\u0107 i zach\u0119ci\u0107 innych, krewnych czy znajomych, kt\u00f3rzy jej jeszcze nie widzieli. Szopk\u0119 b\u0119dzie mo\u017cna ogl\u0105da\u0107 w ka\u017cd\u0105 niedziel\u0119 i dni \u015bwi\u0105teczne pomi\u0119dzy mszami oraz po po\u0142udniu do godziny 15.00 i wieczorem od godz. 17.00 do rozpocz\u0119cia nabo\u017ce\u0144stwa lub Mszy \u015bw.<\/p>\n\n\n\n<p>8. Zbli\u017ca si\u0119 czas sk\u0142adania tradycyjnej wizyty kol\u0119dowej w rodzinach. W zesz\u0142ym roku by\u0142a ona niemo\u017cliwa, a nadal trwamy w czasie pandemii i ograniczeniach z ni\u0105 zwi\u0105zanych. Dlatego w tym roku proponujemy, aby tegoroczna \u201ekol\u0119da\u201d by\u0142a w domach na indywidualne zaproszenia wiernych. Wszystkich, kt\u00f3rzy chcieliby prze\u017cy\u0107 wizyt\u0119 duszpastersk\u0105 i przyj\u0105\u0107 kap\u0142an\u00f3w z modlitw\u0105 oraz b\u0142ogos\u0142awie\u0144stwem domu i jego mieszka\u0144c\u00f3w, prosimy o wype\u0142nienie zg\u0142oszenia, kt\u00f3re mo\u017cna znale\u017a\u0107 przy wyj\u015bciu z ko\u015bcio\u0142a, a nast\u0119pnie o przyniesienie go do kancelarii lub zakrystii. Mo\u017cna te\u017c zg\u0142osi\u0107 w formie elektronicznej na adres: mbww.wodna@onet.pl. <a>Zg\u0142oszenia przyjmujemy <\/a>do 6.01.2022 r. Prosimy te\u017c, aby zatroszczy\u0107 si\u0119 o s\u0105siad\u00f3w chorych, kt\u00f3rzy sami nie dadz\u0105 rady zg\u0142osi\u0107 ch\u0119ci kol\u0119dy. Zdajemy sobie spraw\u0119, \u017ce nie wszyscy z powodu choroby, kwarantanny czy obaw b\u0119d\u0105 mogli nas przyj\u0105\u0107. Tak\u0105 decyzj\u0119 przyjmujemy ze zrozumieniem i b\u0119dziemy poleca\u0107 ich w modlitwie w ko\u015bciele. Natomiast plan wizyty duszpasterskiej u tych, kt\u00f3rzy zg\u0142osz\u0105 tak\u0105 ch\u0119\u0107, zostanie podany <a>w niedziel\u0119 9 stycznia, po przeanalizowaniu ilo\u015bci zg\u0142osze\u0144, a tak\u017ce w zale\u017cno\u015bci od warunk\u00f3w sanitarnych<\/a>.<\/p>\n\n\n\n<p>9. Dzi\u015b po Mszy mo\u017cna z\u0142o\u017cy\u0107 ofiar\u0119 do puszki na Radio Maryja. <\/p>\n\n\n\n<p>10. Z naszej wsp\u00f3lnoty parafialnej do wieczno\u015bci odesz\u0142y: Ma\u0142gorzata Wojciechowska, lat 77; Jadwiga \u017bele\u017anicka, lat 75. <em>Wieczny odpoczynek racz im da\u0107, Panie<\/em>&#8230;.<\/p>\n\n\n\n<p><\/p>\n","protected":false},"excerpt":{"rendered":"<p>1. We wtorek po Mszy wieczornej spotkanie z rozwa\u017caniem S\u0142owa Bo\u017cego. 2. W czwartek po Mszy \u015bw. wieczornej adoracja Naj\u015bwi\u0119tszego Sakramentu. 3. W pi\u0105tek po Mszy wieczornej nabo\u017ce\u0144stwo dzi\u0119kczynno-b\u0142agalne na zako\u0144czenie roku 2021. 4. Maj\u0105c na uwadze dobro duchowe wiernych, Ksi\u0105dz Arcybiskup Grzegorz Ry\u015b udzieli\u0142 dyspensy od obowi\u0105zku powstrzymania si\u0119 [&hellip;]<\/p>\n","protected":false},"author":2,"featured_media":320,"comment_status":"open","ping_status":"open","sticky":false,"template":"","format":"standard","meta":{"footnotes":""},"categories":[2],"tags":[],"class_list":["post-537","post","type-post","status-publish","format-standard","has-post-thumbnail","hentry","category-aktualnosci"],"_links":{"self":[{"href":"https:\/\/wspomozycielka-lodz.pl\/index.php?rest_route=\/wp\/v2\/posts\/537","targetHints":{"allow":["GET"]}}],"collection":[{"href":"https:\/\/wspomozycielka-lodz.pl\/index.php?rest_route=\/wp\/v2\/posts"}],"about":[{"href":"https:\/\/wspomozycielka-lodz.pl\/index.php?rest_route=\/wp\/v2\/types\/post"}],"author":[{"embeddable":true,"href":"https:\/\/wspomozycielka-lodz.pl\/index.php?rest_route=\/wp\/v2\/users\/2"}],"replies":[{"embeddable":true,"href":"https:\/\/wspomozycielka-lodz.pl\/index.php?rest_route=%2Fwp%2Fv2%2Fcomments&post=537"}],"version-history":[{"count":1,"href":"https:\/\/wspomozycielka-lodz.pl\/index.php?rest_route=\/wp\/v2\/posts\/537\/revisions"}],"predecessor-version":[{"id":538,"href":"https:\/\/wspomozycielka-lodz.pl\/index.php?rest_route=\/wp\/v2\/posts\/537\/revisions\/538"}],"wp:featuredmedia":[{"embeddable":true,"href":"https:\/\/wspomozycielka-lodz.pl\/index.php?rest_route=\/wp\/v2\/media\/320"}],"wp:attachment":[{"href":"https:\/\/wspomozycielka-lodz.pl\/index.php?rest_route=%2Fwp%2Fv2%2Fmedia&parent=537"}],"wp:term":[{"taxonomy":"category","embeddable":true,"href":"https:\/\/wspomozycielka-lodz.pl\/index.php?rest_route=%2Fwp%2Fv2%2Fcategories&post=537"},{"taxonomy":"post_tag","embeddable":true,"href":"https:\/\/wspomozycielka-lodz.pl\/index.php?rest_route=%2Fwp%2Fv2%2Ftags&post=537"}],"curies":[{"name":"wp","href":"https:\/\/api.w.org\/{rel}","templated":true}]}}