{"id":534,"date":"2021-12-26T22:39:45","date_gmt":"2021-12-26T21:39:45","guid":{"rendered":"https:\/\/wspomozycielka-lodz.pl\/?p=534"},"modified":"2021-12-26T22:40:00","modified_gmt":"2021-12-26T21:40:00","slug":"intencje-mszalne26-12-2021-01-01-2022","status":"publish","type":"post","link":"https:\/\/wspomozycielka-lodz.pl\/?p=534","title":{"rendered":"<strong>INTENCJE MSZALNE <\/strong>(26.12.2021-01.01.2022)"},"content":{"rendered":"\n<p><strong>Niedziela<\/strong><\/p>\n\n\n\n<p><a>8.30&nbsp;&nbsp;&nbsp; <\/a>W intencji przeb\u0142agalnej za grzechy Joanny, jej rodziny, krewnych i wszystkich przodk\u00f3w (25)<\/p>\n\n\n\n<p>8.30&nbsp;&nbsp;&nbsp; O Bo\u017ce b\u0142ogos\u0142awie\u0144stwo, opiek\u0119 Matki Naj\u015bwi\u0119tszej i \u017cycie zgodne z Ewangeli\u0105 dla rodziny<\/p>\n\n\n\n<p>10.00&nbsp; O Bo\u017ce b\u0142ogos\u0142awie\u0144stwo dla c\u00f3rki i jej rodziny<\/p>\n\n\n\n<p>10.00&nbsp; O dar potomstwa dla Moniki i Wojciecha<\/p>\n\n\n\n<p>11.30&nbsp; W intencji Emilii i Grzegorza o Bo\u017ce b\u0142ogos\u0142awie\u0144stwo z okazji 1 rocznicy \u015blubu<\/p>\n\n\n\n<p>11.30&nbsp; + Jadwiga \u017bele\u017anicka<\/p>\n\n\n\n<p>11.30&nbsp; Za parafian<\/p>\n\n\n\n<p>18.00&nbsp; + Tadeusz Warcho\u0142, gr. 21<\/p>\n\n\n\n<p><strong>Poniedzia\u0142ek<\/strong><\/p>\n\n\n\n<p>7.30&nbsp;&nbsp;&nbsp; + Tadeusz Warcho\u0142, gr. 22<\/p>\n\n\n\n<p>7.30&nbsp;&nbsp;&nbsp; + J\u00f3zefa (f) i Stanis\u0142aw<\/p>\n\n\n\n<p>18.00&nbsp; O nawr\u00f3cenie Jana i Angeliki i o \u0142aski potrzebne dla ich m\u0142odej rodziny<\/p>\n\n\n\n<p>18.00&nbsp; W intencji przeb\u0142agalnej za grzechy Joanny, jej rodziny, krewnych i wszystkich przodk\u00f3w (26)<\/p>\n\n\n\n<p><strong>Wtorek<\/strong><\/p>\n\n\n\n<p>7.30&nbsp;&nbsp;&nbsp; + Tadeusz Warcho\u0142, gr. 23<\/p>\n\n\n\n<p>7.30&nbsp;&nbsp;&nbsp; Za dusze w czy\u015b\u0107cu cierpi\u0105ce<\/p>\n\n\n\n<p>18.00&nbsp; W intencji przeb\u0142agalnej za grzechy Joanny, jej rodziny, krewnych i wszystkich przodk\u00f3w (27)<\/p>\n\n\n\n<p>18.00&nbsp; + Marianna Czajkowska (int. od siostry Hanny z rodzin\u0105)<\/p>\n\n\n\n<p><strong>\u015aroda<\/strong><\/p>\n\n\n\n<p>7.30&nbsp;&nbsp;&nbsp; + Tadeusz Warcho\u0142, gr. 24<\/p>\n\n\n\n<p>7.30&nbsp;&nbsp;&nbsp; Za dusze w czy\u015b\u0107cu cierpi\u0105ce<\/p>\n\n\n\n<p>18.00&nbsp; W intencji przeb\u0142agalnej za grzechy Joanny, jej rodziny, krewnych i wszystkich przodk\u00f3w (28)<\/p>\n\n\n\n<p>18.00&nbsp; Za dusze w czy\u015b\u0107cu cierpi\u0105ce<\/p>\n\n\n\n<p><strong>Czwartek<\/strong><\/p>\n\n\n\n<p>7.30&nbsp;&nbsp;&nbsp; + Tadeusz Warcho\u0142, gr. 25<\/p>\n\n\n\n<p>18.00&nbsp; W intencji przeb\u0142agalnej za grzechy Joanny, jej rodziny, krewnych i wszystkich przodk\u00f3w (29)<\/p>\n\n\n\n<p><strong>Pi\u0105tek<\/strong><\/p>\n\n\n\n<p>7.30&nbsp;&nbsp;&nbsp; + Tadeusz Warcho\u0142, gr. 26<\/p>\n\n\n\n<p>7.30&nbsp;&nbsp;&nbsp; + ks. Tadeusz Bazylczuk; s. Zofia Bazylczuk<\/p>\n\n\n\n<p>18.00&nbsp; Dzi\u0119kczynno-b\u0142agalna w intencji rodziny Rychter\u00f3w<\/p>\n\n\n\n<p>18.00&nbsp; W intencji przeb\u0142agalnej za grzechy Joanny, jej rodziny, krewnych i wszystkich przodk\u00f3w (30)<\/p>\n\n\n\n<p>18.00&nbsp; W intencji Lucyny i Ryszarda z okazji 41 rocznicy \u015blubu<\/p>\n\n\n\n<p><strong>Sobota<\/strong><\/p>\n\n\n\n<p>8.30&nbsp;&nbsp;&nbsp; W intencji zmar\u0142ych i \u017cyj\u0105cych cz\u0142onk\u00f3w \u017bywej R\u00f3\u017cy<\/p>\n\n\n\n<p>8.30&nbsp;&nbsp;&nbsp; Wynagradzaj\u0105ca Niepokalanemu Sercu Maryi i Naj\u015bwi\u0119tszemu Sercu Jezusa za zniewagi, jakich doznaj\u0105 od przeciwnik\u00f3w Ko\u015bcio\u0142a \u015bwi\u0119tego<\/p>\n\n\n\n<p>8.30&nbsp;&nbsp;&nbsp; O \u015bwi\u0119te rodziny w naszej parafii i ojczy\u017anie przez wstawiennictwo Matki Bo\u017cej<\/p>\n\n\n\n<p>8.30&nbsp;&nbsp;&nbsp; Wynagradzaj\u0105ca Niepokalanemu Sercu Maryi za grzechy rodziny i o dalsz\u0105 opiek\u0119 Matki Bo\u017cej<\/p>\n\n\n\n<p>10.00&nbsp; + Henryka (f) G\u0142a\u017cewska, gr. 1<\/p>\n\n\n\n<p>10.00&nbsp; Za parafian<\/p>\n\n\n\n<p>11.30&nbsp; W intencji Grzegorza z okazji urodzin oraz o pomy\u015blno\u015b\u0107 i Bo\u017ce b\u0142ogos\u0142awie\u0144stwo dla ca\u0142ej rodziny<\/p>\n\n\n\n<p>11.30&nbsp; + Mariola Marek, gr. 1<\/p>\n\n\n\n<p>11.30&nbsp; Dzi\u0119kczynna\u2026<\/p>\n\n\n\n<p>18.00\u00a0 + Tadeusz Warcho\u0142, gr. 27 <\/p>\n\n\n\n<p>18.00\u00a0 + Mieczys\u0142aw Chodu\u0144 (21 rocz. \u015bm.) oraz zmarli z rodziny<\/p>\n","protected":false},"excerpt":{"rendered":"<p>Niedziela 8.30&nbsp;&nbsp;&nbsp; W intencji przeb\u0142agalnej za grzechy Joanny, jej rodziny, krewnych i wszystkich przodk\u00f3w (25) 8.30&nbsp;&nbsp;&nbsp; O Bo\u017ce b\u0142ogos\u0142awie\u0144stwo, opiek\u0119 Matki Naj\u015bwi\u0119tszej i \u017cycie zgodne z Ewangeli\u0105 dla rodziny 10.00&nbsp; O Bo\u017ce b\u0142ogos\u0142awie\u0144stwo dla c\u00f3rki i jej rodziny 10.00&nbsp; O dar potomstwa dla Moniki i Wojciecha 11.30&nbsp; W intencji Emilii [&hellip;]<\/p>\n","protected":false},"author":2,"featured_media":321,"comment_status":"open","ping_status":"open","sticky":false,"template":"","format":"standard","meta":{"footnotes":""},"categories":[2],"tags":[],"class_list":["post-534","post","type-post","status-publish","format-standard","has-post-thumbnail","hentry","category-aktualnosci"],"_links":{"self":[{"href":"https:\/\/wspomozycielka-lodz.pl\/index.php?rest_route=\/wp\/v2\/posts\/534","targetHints":{"allow":["GET"]}}],"collection":[{"href":"https:\/\/wspomozycielka-lodz.pl\/index.php?rest_route=\/wp\/v2\/posts"}],"about":[{"href":"https:\/\/wspomozycielka-lodz.pl\/index.php?rest_route=\/wp\/v2\/types\/post"}],"author":[{"embeddable":true,"href":"https:\/\/wspomozycielka-lodz.pl\/index.php?rest_route=\/wp\/v2\/users\/2"}],"replies":[{"embeddable":true,"href":"https:\/\/wspomozycielka-lodz.pl\/index.php?rest_route=%2Fwp%2Fv2%2Fcomments&post=534"}],"version-history":[{"count":2,"href":"https:\/\/wspomozycielka-lodz.pl\/index.php?rest_route=\/wp\/v2\/posts\/534\/revisions"}],"predecessor-version":[{"id":536,"href":"https:\/\/wspomozycielka-lodz.pl\/index.php?rest_route=\/wp\/v2\/posts\/534\/revisions\/536"}],"wp:featuredmedia":[{"embeddable":true,"href":"https:\/\/wspomozycielka-lodz.pl\/index.php?rest_route=\/wp\/v2\/media\/321"}],"wp:attachment":[{"href":"https:\/\/wspomozycielka-lodz.pl\/index.php?rest_route=%2Fwp%2Fv2%2Fmedia&parent=534"}],"wp:term":[{"taxonomy":"category","embeddable":true,"href":"https:\/\/wspomozycielka-lodz.pl\/index.php?rest_route=%2Fwp%2Fv2%2Fcategories&post=534"},{"taxonomy":"post_tag","embeddable":true,"href":"https:\/\/wspomozycielka-lodz.pl\/index.php?rest_route=%2Fwp%2Fv2%2Ftags&post=534"}],"curies":[{"name":"wp","href":"https:\/\/api.w.org\/{rel}","templated":true}]}}