{"id":532,"date":"2021-12-19T16:48:12","date_gmt":"2021-12-19T15:48:12","guid":{"rendered":"https:\/\/wspomozycielka-lodz.pl\/?p=532"},"modified":"2021-12-19T16:48:12","modified_gmt":"2021-12-19T15:48:12","slug":"ogloszenia-parafialne-19-12-2021","status":"publish","type":"post","link":"https:\/\/wspomozycielka-lodz.pl\/?p=532","title":{"rendered":"<strong>OG\u0141OSZENIA PARAFIALNE <\/strong>(19.12.2021)<\/strong>"},"content":{"rendered":"\n<p>1. Dzi\u015b swoje imieniny obchodzi ks. Dariusz Husak, dyrektor Salezja\u0144skich Szk\u00f3\u0142 Rzemios\u0142.<\/p>\n\n\n\n<p>2. Msze roratnie w parafii codziennie o godz. 7.30, a dla dzieci i m\u0142odzie\u017cy w poniedzia\u0142ek o godz. 6.30.<\/p>\n\n\n\n<p>3. Nowenna do Bo\u017cego Narodzenia i Maryi Wspomo\u017cycielki o godz. 17.30.<\/p>\n\n\n\n<p>4. We wtorek po Mszy wieczornej spotkanie z rozwa\u017caniem S\u0142owa Bo\u017cego.<\/p>\n\n\n\n<p>5. W czwartek po Mszy \u015bw. wieczornej adoracja Naj\u015bwi\u0119tszego Sakramentu.<\/p>\n\n\n\n<p>6. W pi\u0105tek jest Wigilia Bo\u017cego Narodzenia. W tym dniu nie b\u0119dzie wieczorem nabo\u017ce\u0144stwa i Mszy, dlatego ho\u0142d ku czci Maryi Wspomo\u017cycielki oraz ostatni dzie\u0144 nowenny do Bo\u017cego Narodzenia b\u0119dzie rano.<\/p>\n\n\n\n<p>7. O p\u00f3\u0142nocy z pi\u0105tku na sobot\u0119 zapraszamy na tradycyjn\u0105 uroczyst\u0105 Msz\u0119 \u015bw., tzw. Pasterk\u0119, rozpoczynaj\u0105c\u0105 \u015bwi\u0119towanie tajemnicy Bo\u017cego Narodzenia.<\/p>\n\n\n\n<p>8. W sobot\u0119 uroczysto\u015b\u0107 Narodzenia Pa\u0144skiego. Msze \u015bw. jak w niedziel\u0119.<\/p>\n\n\n\n<p>9. W poniedzia\u0142ek i wtorek po Mszach wieczornych osoby potrzebuj\u0105ce wsparcia b\u0119d\u0105 mog\u0142y otrzyma\u0107 paczki z \u017cywno\u015bci\u0105 i \u015brodkami chemicznymi. B\u0119d\u0105 one wydawane przez Salezjan\u00f3w Wsp\u00f3\u0142pracownik\u00f3w w sali lekcyjnej Szk\u00f3\u0142 Rzemios\u0142 (tam, gdzie by\u0142a dawniej kawiarenka parafialna).<\/p>\n\n\n\n<p>10. Zgodnie z decyzj\u0105 Ksi\u0119dza Arcybiskupa Grzegorza Rysia, Orszak Trzech Kr\u00f3li wraca na ul. Piotrkowsk\u0105. Je\u015bli pozwol\u0105 na to warunki zwi\u0105zane z pandemi\u0105, planowany jest zn\u00f3w kolorowy korow\u00f3d kol\u0119dnik\u00f3w id\u0105cy g\u0142\u00f3wn\u0105 ulic\u0105 naszego miasta, a na zako\u0144czenie fina\u0142owy koncert kol\u0119d zespo\u0142u \u201eZakopower\u201d. Ksi\u0105dz Arcybiskup Grzegorz Ry\u015b pragnie kontynuowa\u0107 tak\u017ce charytatywn\u0105 ods\u0142on\u0119 Orszaku. Dlatego podobnie jak w mijaj\u0105cym roku b\u0119dzie przeprowadzana we wszystkich parafiach w \u0141odzi zbi\u00f3rka dar\u00f3w dla dzieci z \u0142\u00f3dzkich dom\u00f3w dziecka i rodzin zast\u0119pczych. Zbierany jest drobny sprz\u0119t sportowy, pi\u0142ki, rolki, hulajnogi, zabawki edukacyjne i gry planszowe. Torby orszakowe z darami dla dzieci b\u0119dzie mo\u017cna sk\u0142ada\u0107 przed szopk\u0105 do 3.01.2022 r. <\/p>\n\n\n\n<p>11. Salezja\u0144skie Szko\u0142y Rzemios\u0142 w \u0141odzi poszukuj\u0105 przedsi\u0119biorc\u00f3w i rzemie\u015blnik\u00f3w, dla kt\u00f3rych bliskie s\u0105 warto\u015bci chrze\u015bcija\u0144skie, do wsp\u00f3\u0142pracy w prowadzeniu praktycznej nauki zawodu dla uczni\u00f3w Salezja\u0144skiej Szko\u0142y Bran\u017cowej w zawodach mechanicznych oraz zwi\u0105zanych z obr\u00f3bk\u0105 metali. Jednocze\u015bnie informujemy, \u017ce trwa ju\u017c nab\u00f3r kandydat\u00f3w na rok szkolny 2022\/2023 zar\u00f3wno do Szko\u0142y Bran\u017cowej w zawodach mechanicznych, jak i Technikum Salezja\u0144skiego w zawodach technik mechatronik oraz technik informatyk. Szczeg\u00f3\u0142y na stronie internetowej Salezja\u0144skich Szk\u00f3\u0142 Rzemios\u0142.<\/p>\n","protected":false},"excerpt":{"rendered":"<p>1. Dzi\u015b swoje imieniny obchodzi ks. Dariusz Husak, dyrektor Salezja\u0144skich Szk\u00f3\u0142 Rzemios\u0142. 2. Msze roratnie w parafii codziennie o godz. 7.30, a dla dzieci i m\u0142odzie\u017cy w poniedzia\u0142ek o godz. 6.30. 3. Nowenna do Bo\u017cego Narodzenia i Maryi Wspomo\u017cycielki o godz. 17.30. 4. We wtorek po Mszy wieczornej spotkanie z [&hellip;]<\/p>\n","protected":false},"author":2,"featured_media":320,"comment_status":"open","ping_status":"open","sticky":false,"template":"","format":"standard","meta":{"footnotes":""},"categories":[2],"tags":[],"class_list":["post-532","post","type-post","status-publish","format-standard","has-post-thumbnail","hentry","category-aktualnosci"],"_links":{"self":[{"href":"https:\/\/wspomozycielka-lodz.pl\/index.php?rest_route=\/wp\/v2\/posts\/532","targetHints":{"allow":["GET"]}}],"collection":[{"href":"https:\/\/wspomozycielka-lodz.pl\/index.php?rest_route=\/wp\/v2\/posts"}],"about":[{"href":"https:\/\/wspomozycielka-lodz.pl\/index.php?rest_route=\/wp\/v2\/types\/post"}],"author":[{"embeddable":true,"href":"https:\/\/wspomozycielka-lodz.pl\/index.php?rest_route=\/wp\/v2\/users\/2"}],"replies":[{"embeddable":true,"href":"https:\/\/wspomozycielka-lodz.pl\/index.php?rest_route=%2Fwp%2Fv2%2Fcomments&post=532"}],"version-history":[{"count":1,"href":"https:\/\/wspomozycielka-lodz.pl\/index.php?rest_route=\/wp\/v2\/posts\/532\/revisions"}],"predecessor-version":[{"id":533,"href":"https:\/\/wspomozycielka-lodz.pl\/index.php?rest_route=\/wp\/v2\/posts\/532\/revisions\/533"}],"wp:featuredmedia":[{"embeddable":true,"href":"https:\/\/wspomozycielka-lodz.pl\/index.php?rest_route=\/wp\/v2\/media\/320"}],"wp:attachment":[{"href":"https:\/\/wspomozycielka-lodz.pl\/index.php?rest_route=%2Fwp%2Fv2%2Fmedia&parent=532"}],"wp:term":[{"taxonomy":"category","embeddable":true,"href":"https:\/\/wspomozycielka-lodz.pl\/index.php?rest_route=%2Fwp%2Fv2%2Fcategories&post=532"},{"taxonomy":"post_tag","embeddable":true,"href":"https:\/\/wspomozycielka-lodz.pl\/index.php?rest_route=%2Fwp%2Fv2%2Ftags&post=532"}],"curies":[{"name":"wp","href":"https:\/\/api.w.org\/{rel}","templated":true}]}}