{"id":530,"date":"2021-12-19T16:46:49","date_gmt":"2021-12-19T15:46:49","guid":{"rendered":"https:\/\/wspomozycielka-lodz.pl\/?p=530"},"modified":"2021-12-19T16:46:50","modified_gmt":"2021-12-19T15:46:50","slug":"intencje-mszalne-19-25-12-2021","status":"publish","type":"post","link":"https:\/\/wspomozycielka-lodz.pl\/?p=530","title":{"rendered":"<strong>INTENCJE MSZALNE (19-25.12.2021)<\/strong>"},"content":{"rendered":"\n<p><strong>Niedziela<\/strong><\/p>\n\n\n\n<p><a>8.30&nbsp;&nbsp;&nbsp; <\/a>W intencji przeb\u0142agalnej za grzechy Joanny, jej rodziny, krewnych i wszystkich przodk\u00f3w (18)<\/p>\n\n\n\n<p>8.30&nbsp;&nbsp;&nbsp; + Piotr D\u0105bkowski (1 rocz. \u015bm.)<\/p>\n\n\n\n<p>8.30&nbsp;&nbsp;&nbsp; W intencji przeb\u0142agalnej za grzechy w rodzinie Gra\u017cyny, prosz\u0105c o nowe \u0142aski<\/p>\n\n\n\n<p>8.30&nbsp;&nbsp;&nbsp; Za zmar\u0142ych z rodziny Pawelc\u00f3w i Jeziorskich<\/p>\n\n\n\n<p>10.00&nbsp; W intencji ks. dyrektora Dariusza Husaka o Bo\u017ce b\u0142ogos\u0142awie\u0144stwo przez wstawiennictwo \u015bw. J\u00f3zefa (<em>int. od uczni\u00f3w i rodzic\u00f3w Szk\u00f3\u0142 Rzemios\u0142<\/em>)<\/p>\n\n\n\n<p>10.00&nbsp; W intencji ks. Dariusza Husaka o potrzebne \u0142aski i opiek\u0119 Matki Bo\u017cej z okazji imienin<\/p>\n\n\n\n<p>10.00&nbsp; Dzi\u0119kczynno-b\u0142agalna w intencji Joanny w 28 rocznic\u0119 chrztu<\/p>\n\n\n\n<p>10.00&nbsp; + Jadwiga Jackiewicz<\/p>\n\n\n\n<p>11.30&nbsp; + Tadeusz Warcho\u0142, gr. 14<\/p>\n\n\n\n<p>11.30&nbsp; W intencji przeb\u0142agalnej za grzechy, z pro\u015bb\u0105 o Bo\u017ce b\u0142ogos\u0142awie\u0144stwo dla Wojciecha i Katarzyny<\/p>\n\n\n\n<p>18.00&nbsp; Za parafian<\/p>\n\n\n\n<p>18.00&nbsp; W intencji Anny o Bo\u017ce b\u0142ogos\u0142awie\u0144stwo z okazji 80 urodzin<\/p>\n\n\n\n<p><strong>Poniedzia\u0142ek<\/strong><\/p>\n\n\n\n<p><a>6.30&nbsp;&nbsp;&nbsp; <\/a>W intencji Teresy i Jana Suchodolskich o potrzebne \u0142aski<\/p>\n\n\n\n<p>6.30&nbsp;&nbsp;&nbsp; + ks. Eugeniusz B\u0142\u0119dek<\/p>\n\n\n\n<p>7.30&nbsp;&nbsp;&nbsp; + Tadeusz Warcho\u0142, gr. 15<\/p>\n\n\n\n<p>18.00&nbsp; W intencji przeb\u0142agalnej za grzechy Joanny, jej rodziny, krewnych i wszystkich przodk\u00f3w (19)<\/p>\n\n\n\n<p>18.00&nbsp; W intencji s. Katarzyny z okazji imienin<\/p>\n\n\n\n<p>18.00&nbsp; + Marianna Czajkowska (int. od c\u00f3rki z rodzin\u0105)<\/p>\n\n\n\n<p><strong>Wtorek<\/strong><\/p>\n\n\n\n<p>7.30&nbsp;&nbsp;&nbsp; <a>+ Tadeusz Warcho\u0142, gr. 16<\/a><\/p>\n\n\n\n<p>18.00&nbsp; W intencji przeb\u0142agalnej za grzechy Joanny, jej rodziny, krewnych i wszystkich przodk\u00f3w (20)<\/p>\n\n\n\n<p>18.00&nbsp; + Marianna Czajkowska (<em>int. od s\u0105siad\u00f3w Koszowskich<\/em>)<\/p>\n\n\n\n<p>18.00&nbsp; + Urszula i Benedykt Koszarek<\/p>\n\n\n\n<p>18.00&nbsp; + J\u00f3zefa (f) Gabryelczyk<\/p>\n\n\n\n<p><strong>\u015aroda<\/strong><\/p>\n\n\n\n<p>7.30&nbsp;&nbsp;&nbsp; <a>+ Tadeusz Warcho\u0142, gr. 17<\/a><\/p>\n\n\n\n<p>18.00&nbsp; W intencji przeb\u0142agalnej za grzechy Joanny, jej rodziny, krewnych i wszystkich przodk\u00f3w (21)<\/p>\n\n\n\n<p>18.00&nbsp; + Teodozja Niewiadomska<\/p>\n\n\n\n<p>18.00&nbsp; Dzi\u0119kczynno-b\u0142agalna w intencji Ireny, z pro\u015bb\u0105 o \u0142ask\u0119 zdrowia i opiek\u0119 Matki Bo\u017cej<\/p>\n\n\n\n<p><strong>Czwartek<\/strong><\/p>\n\n\n\n<p>7.30&nbsp;&nbsp;&nbsp; <a>+ Tadeusz Warcho\u0142, gr. 18<\/a><\/p>\n\n\n\n<p>7.30&nbsp;&nbsp;&nbsp; + Stanis\u0142aw Wo\u0142kiewicz (5 rocz. \u015bm.)<\/p>\n\n\n\n<p>18.00&nbsp; W intencji przeb\u0142agalnej za grzechy Joanny, jej rodziny, krewnych i wszystkich przodk\u00f3w (22)<\/p>\n\n\n\n<p>18.00&nbsp; + Mariola Marek (1 rocz. \u015bm.)<\/p>\n\n\n\n<p><strong>Pi\u0105tek<\/strong><\/p>\n\n\n\n<p>7.30&nbsp;&nbsp;&nbsp; W intencji cz\u0142onk\u00f3w Sodalicji Maria\u0144skiej: dla \u017cywych o Bo\u017ce b\u0142ogos\u0142awie\u0144stwo i dla zmar\u0142ych o wieczn\u0105 rado\u015b\u0107<\/p>\n\n\n\n<p>7.30&nbsp;&nbsp;&nbsp; W intencji Ewy Pakulskiej o Bo\u017ce b\u0142ogos\u0142awie\u0144stwo, potrzebne \u0142aski i opiek\u0119 Matki Bo\u017cej z okazji imienin<\/p>\n\n\n\n<p>7.30&nbsp;&nbsp;&nbsp; Za dusze w czy\u015b\u0107cu cierpi\u0105ce<\/p>\n\n\n\n<p>7.30&nbsp;&nbsp;&nbsp; W intencji przeb\u0142agalnej za grzechy Joanny, jej rodziny, krewnych i wszystkich przodk\u00f3w (23)<\/p>\n\n\n\n<p>7.30&nbsp;&nbsp;&nbsp; + Tadeusz Warcho\u0142, gr. 19<\/p>\n\n\n\n<p><strong>Sobota<\/strong><\/p>\n\n\n\n<p>24.00&nbsp; Za parafian<\/p>\n\n\n\n<p>24.00&nbsp; + Ewa G\u00f3rska<\/p>\n\n\n\n<p>8.30&nbsp;&nbsp;&nbsp; W intencji przeb\u0142agalnej za grzechy Joanny, jej rodziny, krewnych i wszystkich przodk\u00f3w (24)<\/p>\n\n\n\n<p>8.30&nbsp;&nbsp;&nbsp; Za dusze w czy\u015b\u0107cu cierpi\u0105ce<\/p>\n\n\n\n<p>10.00&nbsp; O Bo\u017ce b\u0142ogos\u0142awie\u0144stwo dla Marii w dniu urodzin<\/p>\n\n\n\n<p>10.00&nbsp; W intencji Krystyny i Alojzego G\u00f3rnych w 68 rocznic\u0119 \u015blubu<\/p>\n\n\n\n<p>11.30&nbsp; W intencji przeb\u0142agalnej za grzechy, z pro\u015bb\u0105 o Bo\u017ce b\u0142ogos\u0142awie\u0144stwo dla Wojciecha i Katarzyny<\/p>\n\n\n\n<p>11.30\u00a0 + Eugenia Grabowska <\/p>\n\n\n\n<p>18.00\u00a0 + Tadeusz Warcho\u0142, gr. 20<\/p>\n","protected":false},"excerpt":{"rendered":"<p>Niedziela 8.30&nbsp;&nbsp;&nbsp; W intencji przeb\u0142agalnej za grzechy Joanny, jej rodziny, krewnych i wszystkich przodk\u00f3w (18) 8.30&nbsp;&nbsp;&nbsp; + Piotr D\u0105bkowski (1 rocz. \u015bm.) 8.30&nbsp;&nbsp;&nbsp; W intencji przeb\u0142agalnej za grzechy w rodzinie Gra\u017cyny, prosz\u0105c o nowe \u0142aski 8.30&nbsp;&nbsp;&nbsp; Za zmar\u0142ych z rodziny Pawelc\u00f3w i Jeziorskich 10.00&nbsp; W intencji ks. dyrektora Dariusza Husaka [&hellip;]<\/p>\n","protected":false},"author":2,"featured_media":321,"comment_status":"open","ping_status":"open","sticky":false,"template":"","format":"standard","meta":{"footnotes":""},"categories":[2],"tags":[],"class_list":["post-530","post","type-post","status-publish","format-standard","has-post-thumbnail","hentry","category-aktualnosci"],"_links":{"self":[{"href":"https:\/\/wspomozycielka-lodz.pl\/index.php?rest_route=\/wp\/v2\/posts\/530","targetHints":{"allow":["GET"]}}],"collection":[{"href":"https:\/\/wspomozycielka-lodz.pl\/index.php?rest_route=\/wp\/v2\/posts"}],"about":[{"href":"https:\/\/wspomozycielka-lodz.pl\/index.php?rest_route=\/wp\/v2\/types\/post"}],"author":[{"embeddable":true,"href":"https:\/\/wspomozycielka-lodz.pl\/index.php?rest_route=\/wp\/v2\/users\/2"}],"replies":[{"embeddable":true,"href":"https:\/\/wspomozycielka-lodz.pl\/index.php?rest_route=%2Fwp%2Fv2%2Fcomments&post=530"}],"version-history":[{"count":1,"href":"https:\/\/wspomozycielka-lodz.pl\/index.php?rest_route=\/wp\/v2\/posts\/530\/revisions"}],"predecessor-version":[{"id":531,"href":"https:\/\/wspomozycielka-lodz.pl\/index.php?rest_route=\/wp\/v2\/posts\/530\/revisions\/531"}],"wp:featuredmedia":[{"embeddable":true,"href":"https:\/\/wspomozycielka-lodz.pl\/index.php?rest_route=\/wp\/v2\/media\/321"}],"wp:attachment":[{"href":"https:\/\/wspomozycielka-lodz.pl\/index.php?rest_route=%2Fwp%2Fv2%2Fmedia&parent=530"}],"wp:term":[{"taxonomy":"category","embeddable":true,"href":"https:\/\/wspomozycielka-lodz.pl\/index.php?rest_route=%2Fwp%2Fv2%2Fcategories&post=530"},{"taxonomy":"post_tag","embeddable":true,"href":"https:\/\/wspomozycielka-lodz.pl\/index.php?rest_route=%2Fwp%2Fv2%2Ftags&post=530"}],"curies":[{"name":"wp","href":"https:\/\/api.w.org\/{rel}","templated":true}]}}