{"id":528,"date":"2021-12-13T16:43:08","date_gmt":"2021-12-13T15:43:08","guid":{"rendered":"https:\/\/wspomozycielka-lodz.pl\/?p=528"},"modified":"2021-12-13T16:43:09","modified_gmt":"2021-12-13T15:43:09","slug":"ogloszenia-parafialne-12-12-2021-r","status":"publish","type":"post","link":"https:\/\/wspomozycielka-lodz.pl\/?p=528","title":{"rendered":"OG\u0141OSZENIA PARAFIALNE (12.12.2021 r.)"},"content":{"rendered":"\n<p>1. Dzi\u015b rozpocz\u0119li\u015bmy adwentowe rekolekcje parafialne, na kt\u00f3rych przewodnikiem dla nas jest ks. Andrzej Wujek. Nauki rekolekcyjne potrwaj\u0105 do wtorku i odbywa\u0107 si\u0119 b\u0119d\u0105 wed\u0142ug zwyk\u0142ego rozk\u0142adu Mszy w niedziel\u0119 i w tygodniu. Ofiary zbierane podczas rekolekcji b\u0119d\u0105 przeznaczone dla Ksi\u0119dza Rekolekcjonisty na salezja\u0144skie duszpasterstwo akademickie.<\/p>\n\n\n\n<p>2. Msze roratnie w parafii codziennie o godz. 7.30, a dla dzieci i m\u0142odzie\u017cy w poniedzia\u0142ki o godz. 6.30.<\/p>\n\n\n\n<p>3. We wtorek po Mszy wieczornej spotkanie z rozwa\u017caniem S\u0142owa Bo\u017cego.<\/p>\n\n\n\n<p>4. W \u015brod\u0119 rozpoczniemy nowenn\u0119 do Maryi Wspomo\u017cycielki o godz. 17.40. Natomiast w czwartek zaczniemy nowenn\u0119 do Bo\u017cego Narodzenia. Od czwartku wi\u0119c po\u0142\u0105czymy obie nowenny o godz. 17.30.<\/p>\n\n\n\n<p>5. W czwartek po Mszy \u015bw. wieczornej adoracja Naj\u015bwi\u0119tszego Sakramentu.<\/p>\n\n\n\n<p>6. W sobot\u0119, 18 grudnia, zapraszam wszystkie wsp\u00f3lnoty i grupy parafialne na wsp\u00f3lne skupienie adwentowe, kt\u00f3re rozpocznie si\u0119 o godz. 15.00 w ko\u015bciele.<\/p>\n\n\n\n<p>7. W przysz\u0142\u0105 niedziel\u0119 zapraszamy kandydat\u00f3w do bierzmowania z kl. I na Msz\u0119 o godz. 10, a z klas VII i VIII na Msz\u0119 o 11.30.<\/p>\n\n\n\n<p>8. Dzi\u015b przeprowadzana jest zbi\u00f3rka do puszek na Fundusz Ochrony Macierzy\u0144stwa im. Stanis\u0142awy Leszczy\u0144skiej.<\/p>\n\n\n\n<p>9. Z naszej wsp\u00f3lnoty parafialnej do wieczno\u015bci odesz\u0142y: Marianna Czajkowska, lat 93; Eugenia Grabowska, lat 95. <em>Wieczny odpoczynek racz im da\u0107, Panie<\/em>&#8230;<\/p>\n","protected":false},"excerpt":{"rendered":"<p>1. Dzi\u015b rozpocz\u0119li\u015bmy adwentowe rekolekcje parafialne, na kt\u00f3rych przewodnikiem dla nas jest ks. Andrzej Wujek. Nauki rekolekcyjne potrwaj\u0105 do wtorku i odbywa\u0107 si\u0119 b\u0119d\u0105 wed\u0142ug zwyk\u0142ego rozk\u0142adu Mszy w niedziel\u0119 i w tygodniu. Ofiary zbierane podczas rekolekcji b\u0119d\u0105 przeznaczone dla Ksi\u0119dza Rekolekcjonisty na salezja\u0144skie duszpasterstwo akademickie. 2. Msze roratnie w [&hellip;]<\/p>\n","protected":false},"author":2,"featured_media":320,"comment_status":"open","ping_status":"open","sticky":false,"template":"","format":"standard","meta":{"footnotes":""},"categories":[2],"tags":[],"class_list":["post-528","post","type-post","status-publish","format-standard","has-post-thumbnail","hentry","category-aktualnosci"],"_links":{"self":[{"href":"https:\/\/wspomozycielka-lodz.pl\/index.php?rest_route=\/wp\/v2\/posts\/528","targetHints":{"allow":["GET"]}}],"collection":[{"href":"https:\/\/wspomozycielka-lodz.pl\/index.php?rest_route=\/wp\/v2\/posts"}],"about":[{"href":"https:\/\/wspomozycielka-lodz.pl\/index.php?rest_route=\/wp\/v2\/types\/post"}],"author":[{"embeddable":true,"href":"https:\/\/wspomozycielka-lodz.pl\/index.php?rest_route=\/wp\/v2\/users\/2"}],"replies":[{"embeddable":true,"href":"https:\/\/wspomozycielka-lodz.pl\/index.php?rest_route=%2Fwp%2Fv2%2Fcomments&post=528"}],"version-history":[{"count":1,"href":"https:\/\/wspomozycielka-lodz.pl\/index.php?rest_route=\/wp\/v2\/posts\/528\/revisions"}],"predecessor-version":[{"id":529,"href":"https:\/\/wspomozycielka-lodz.pl\/index.php?rest_route=\/wp\/v2\/posts\/528\/revisions\/529"}],"wp:featuredmedia":[{"embeddable":true,"href":"https:\/\/wspomozycielka-lodz.pl\/index.php?rest_route=\/wp\/v2\/media\/320"}],"wp:attachment":[{"href":"https:\/\/wspomozycielka-lodz.pl\/index.php?rest_route=%2Fwp%2Fv2%2Fmedia&parent=528"}],"wp:term":[{"taxonomy":"category","embeddable":true,"href":"https:\/\/wspomozycielka-lodz.pl\/index.php?rest_route=%2Fwp%2Fv2%2Fcategories&post=528"},{"taxonomy":"post_tag","embeddable":true,"href":"https:\/\/wspomozycielka-lodz.pl\/index.php?rest_route=%2Fwp%2Fv2%2Ftags&post=528"}],"curies":[{"name":"wp","href":"https:\/\/api.w.org\/{rel}","templated":true}]}}